{"id":3917,"date":"2013-11-19T22:08:06","date_gmt":"2013-11-19T21:08:06","guid":{"rendered":"http:\/\/www.elvalledeloscaidos.es\/portal\/?p=3917"},"modified":"2013-12-16T17:37:20","modified_gmt":"2013-12-16T16:37:20","slug":"gallardon-cuestiona-destinar-13-millones-al-valle-de-los-caidos","status":"publish","type":"post","link":"https:\/\/www.elvalledeloscaidos.es\/portal\/?p=3917","title":{"rendered":"Gallard\u00f3n cuestiona destinar 13 millones al Valle de los Ca\u00eddos."},"content":{"rendered":"<p><em>El ministro de Justicia, Alberto Ruiz-Gallard\u00f3n, ha preguntado si los espa\u00f1oles entender\u00edan que el Gobierno destinara \u00aben estos momentos\u00bb una partida de 13 millones de euros a actuaciones para el futuro del Valle de los Ca\u00eddos y ha asegurado que el Ejecutivo cumplir\u00e1 la Ley de Memoria Hist\u00f3rica. \u00abNada fuera del consenso haremos en relaci\u00f3n con la memoria hist\u00f3rica\u00bb, ha dicho.<\/em><\/p>\n<p>El ministro de Justicia, Alberto Ruiz-Gallard\u00f3n, ha preguntado si los espa\u00f1oles entender\u00edan que el Gobierno destinara \u00aben estos momentos\u00bb una partida de 13 millones de euros a actuaciones para el futuro del Valle de los Ca\u00eddos y ha asegurado que el Ejecutivo cumplir\u00e1 la Ley de Memoria Hist\u00f3rica. \u00abNada fuera del consenso haremos en relaci\u00f3n con la memoria hist\u00f3rica\u00bb, ha dicho.<\/p>\n<p><!--more--><\/p>\n<p>As\u00ed ha respondido en la sesi\u00f3n de control al Gobierno en el Senado al ser preguntado por el senador del PNV I\u00f1aki Anasagasti si el Ejecutivo activar\u00e1 el trabajo de la Comisi\u00f3n de expertos para convertir el Valle de los Ca\u00eddos en un centro de la \u00abmemoria reconciliada\u00bb. El parlamentario vasco ha recordado que ma\u00f1ana se cumple el 38 aniversario del fallecimiento de Francisco Franco, \u00abun no ca\u00eddo que est\u00e1 en el Valle de los Ca\u00eddos\u00bb.<\/p>\n<p style=\"text-align: center;\"><img decoding=\"async\" loading=\"lazy\" class=\"aligncenter  wp-image-3919\" style=\"border: 1px solid black;\" alt=\"001\" src=\"http:\/\/www.elvalledeloscaidos.es\/portal\/wp-content\/uploads\/2013\/11\/001.jpg\" width=\"500\" height=\"375\" srcset=\"https:\/\/www.elvalledeloscaidos.es\/portal\/wp-content\/uploads\/2013\/11\/001.jpg 500w, https:\/\/www.elvalledeloscaidos.es\/portal\/wp-content\/uploads\/2013\/11\/001-300x225.jpg 300w\" sizes=\"(max-width: 500px) 100vw, 500px\" \/><\/p>\n<p>\u00abNi para el PP ni para el Gobierno el aniversario de la muerte de Francisco franco es una referencia, nuestra referencia es trabajar d\u00eda a d\u00eda por las necesidades que tienen los ciudadanos espa\u00f1oles\u00bb, ha contestado Gallard\u00f3n.<\/p>\n<p>Tras ello, el titular de Justicia ha asegurado que el Gobierno cumplir\u00e1 \u00abnaturalmente\u00bb el contenido de la Ley de Memoria Hist\u00f3rica, aprobada en 2007 tras un consenso \u00ablargamente trabajado y felizmente alcanzado\u00bb.<\/p>\n<p>Dicho esto, el ministro ha pasado a dar lectura al art\u00edculo 16 de esa norma que establece que el Valle de los Ca\u00eddos se regir\u00e1 \u00abestrictamente\u00bb por las normas aplicables con car\u00e1cter general a los lugares de culto y a los cementerios p\u00fablicos y que en ning\u00fan lugar del recinto podr\u00e1n llevarse a cabo actos de naturaleza pol\u00edtica ni exaltadores de la Guerra Civil, de sus protagonistas, o del franquismo.<\/p>\n<p>SU PADRE ESTUVO EN PRISI\u00d3N EN EL R\u00c9GIMEN FRANQUISTA<\/p>\n<p>Tras ello, Anasagasti ha reclamado cumplir una recomendaci\u00f3n de la comisi\u00f3n de expertos para \u00absacar a Franco del Valle de los Ca\u00eddos\u00bb y ha mostrado su preocupaci\u00f3n porque el Gobierno no aborde este asunto en lo que queda de legislatura. \u00abNac\u00ed en el exilio e igual a usted no le importa, pero a much\u00edsimos espa\u00f1oles le importa\u00bb, ha expuesto.<br \/>\nEn su turno de r\u00e9plica, Gallard\u00f3n ha recordado que su padre estuvo en la c\u00e1rcel durante el r\u00e9gimen de Franco por defender las libertades. \u00abMe ense\u00f1\u00f3 que nunca jam\u00e1s tuviese una mirada de rencor hacia el pasado, sino una mirada esperanzadora hacia el futuro\u00bb, ha afirmado.<\/p>\n<p>Poco antes, ha destacado que el Ejecutivo atiende con \u00abtodo el inter\u00e9s\u00bb las recomendaciones que realiz\u00f3 la comisi\u00f3n de expertos cuando el anterior Gobierno se encontraba en funciones y ha apuntado que ese grupo tambi\u00e9n dijo ser \u00abplenamente consciente de las limitaciones de los recursos publicos en momentos de crisis donde se hacen visibles otras necesidades mas urgentes\u00bb.<\/p>\n<p>Por ello, la comisi\u00f3n dej\u00f3 a criterio del Gobierno gestionar los tiempos de la posible aplicaci\u00f3n de las recomendaciones y lograr los \u00abm\u00e1s amplios acuerdos\u00bb sociales y pol\u00edticos para hacerlas viables. Seg\u00fan ha dicho, cifr\u00f3 en 13 millones de euros el coste del centro de memoria de la Guerra Civil y dem\u00e1s actuaciones propuestas.<\/p>\n<p>\u00ab\u00bfDe verdad cree usted que los espa\u00f1oles entender\u00edan que en estos momentos destinasemos 13 millones de euros a algo que la propia comisi\u00f3n nos dice que lo hagamos cuando haya recursos?\u00bb, ha preguntado Gallard\u00f3n.<\/p>\n<p>Fuente:\u00a0http:\/\/www.elsemanaldigital.com\/gallardon-cuestiona-destinar-13-millones-al-valle-de-los-caidos-200696_noticia.htm<\/p>\n","protected":false},"excerpt":{"rendered":"<p>El ministro de Justicia, Alberto Ruiz-Gallard\u00f3n, ha preguntado si los espa\u00f1oles entender\u00edan que el Gobierno destinara \u00aben estos momentos\u00bb una partida de 13 millones de euros a actuaciones para el futuro del Valle de los Ca\u00eddos y ha asegurado que el Ejecutivo cumplir\u00e1 la Ley de Memoria Hist\u00f3rica. \u00abNada fuera [&hellip;]<\/p>\n","protected":false},"author":1,"featured_media":0,"comment_status":"open","ping_status":"open","sticky":false,"template":"","format":"standard","meta":[],"categories":[4],"tags":[],"yoast_head":"<!-- This site is optimized with the Yoast SEO plugin v18.6 - https:\/\/yoast.com\/wordpress\/plugins\/seo\/ -->\n<title>Gallard\u00f3n cuestiona destinar 13 millones al Valle de los Ca\u00eddos. - ADVC<\/title>\n<meta name=\"robots\" content=\"index, follow, max-snippet:-1, max-image-preview:large, max-video-preview:-1\" \/>\n<link rel=\"canonical\" href=\"https:\/\/www.elvalledeloscaidos.es\/portal\/?p=3917\" \/>\n<meta property=\"og:locale\" content=\"es_ES\" \/>\n<meta property=\"og:type\" content=\"article\" \/>\n<meta property=\"og:title\" content=\"Gallard\u00f3n cuestiona destinar 13 millones al Valle de los Ca\u00eddos. - ADVC\" \/>\n<meta property=\"og:description\" content=\"El ministro de Justicia, Alberto Ruiz-Gallard\u00f3n, ha preguntado si los espa\u00f1oles entender\u00edan que el Gobierno destinara \u00aben estos momentos\u00bb una partida de 13 millones de euros a actuaciones para el futuro del Valle de los Ca\u00eddos y ha asegurado que el Ejecutivo cumplir\u00e1 la Ley de Memoria Hist\u00f3rica. \u00abNada fuera [&hellip;]\" \/>\n<meta property=\"og:url\" content=\"https:\/\/www.elvalledeloscaidos.es\/portal\/?p=3917\" \/>\n<meta property=\"og:site_name\" content=\"ADVC\" \/>\n<meta property=\"article:published_time\" content=\"2013-11-19T21:08:06+00:00\" \/>\n<meta property=\"article:modified_time\" content=\"2013-12-16T16:37:20+00:00\" \/>\n<meta property=\"og:image\" content=\"http:\/\/www.elvalledeloscaidos.es\/portal\/wp-content\/uploads\/2013\/11\/001.jpg\" \/>\n<meta name=\"twitter:card\" content=\"summary_large_image\" \/>\n<meta name=\"twitter:label1\" content=\"Escrito por\" \/>\n\t<meta name=\"twitter:data1\" content=\"linares\" \/>\n\t<meta name=\"twitter:label2\" content=\"Tiempo de lectura\" \/>\n\t<meta name=\"twitter:data2\" content=\"3 minutos\" \/>\n<script type=\"application\/ld+json\" class=\"yoast-schema-graph\">{\"@context\":\"https:\/\/schema.org\",\"@graph\":[{\"@type\":\"WebSite\",\"@id\":\"https:\/\/www.elvalledeloscaidos.es\/portal\/#website\",\"url\":\"https:\/\/www.elvalledeloscaidos.es\/portal\/\",\"name\":\"ADVC\",\"description\":\"Asociaci\u00f3n Para la Defensa del Valle de los Ca\u00eddos\",\"potentialAction\":[{\"@type\":\"SearchAction\",\"target\":{\"@type\":\"EntryPoint\",\"urlTemplate\":\"https:\/\/www.elvalledeloscaidos.es\/portal\/?s={search_term_string}\"},\"query-input\":\"required name=search_term_string\"}],\"inLanguage\":\"es\"},{\"@type\":\"ImageObject\",\"@id\":\"https:\/\/www.elvalledeloscaidos.es\/portal\/?p=3917#primaryimage\",\"inLanguage\":\"es\",\"url\":\"http:\/\/www.elvalledeloscaidos.es\/portal\/wp-content\/uploads\/2013\/11\/001.jpg\",\"contentUrl\":\"http:\/\/www.elvalledeloscaidos.es\/portal\/wp-content\/uploads\/2013\/11\/001.jpg\"},{\"@type\":\"WebPage\",\"@id\":\"https:\/\/www.elvalledeloscaidos.es\/portal\/?p=3917#webpage\",\"url\":\"https:\/\/www.elvalledeloscaidos.es\/portal\/?p=3917\",\"name\":\"Gallard\u00f3n cuestiona destinar 13 millones al Valle de los Ca\u00eddos. - ADVC\",\"isPartOf\":{\"@id\":\"https:\/\/www.elvalledeloscaidos.es\/portal\/#website\"},\"primaryImageOfPage\":{\"@id\":\"https:\/\/www.elvalledeloscaidos.es\/portal\/?p=3917#primaryimage\"},\"datePublished\":\"2013-11-19T21:08:06+00:00\",\"dateModified\":\"2013-12-16T16:37:20+00:00\",\"author\":{\"@id\":\"https:\/\/www.elvalledeloscaidos.es\/portal\/#\/schema\/person\/36b3894dc4f1eb332b7fc369aed7eb58\"},\"breadcrumb\":{\"@id\":\"https:\/\/www.elvalledeloscaidos.es\/portal\/?p=3917#breadcrumb\"},\"inLanguage\":\"es\",\"potentialAction\":[{\"@type\":\"ReadAction\",\"target\":[\"https:\/\/www.elvalledeloscaidos.es\/portal\/?p=3917\"]}]},{\"@type\":\"BreadcrumbList\",\"@id\":\"https:\/\/www.elvalledeloscaidos.es\/portal\/?p=3917#breadcrumb\",\"itemListElement\":[{\"@type\":\"ListItem\",\"position\":1,\"name\":\"Portada\",\"item\":\"https:\/\/www.elvalledeloscaidos.es\/portal\"},{\"@type\":\"ListItem\",\"position\":2,\"name\":\"Gallard\u00f3n cuestiona destinar 13 millones al Valle de los Ca\u00eddos.\"}]},{\"@type\":\"Person\",\"@id\":\"https:\/\/www.elvalledeloscaidos.es\/portal\/#\/schema\/person\/36b3894dc4f1eb332b7fc369aed7eb58\",\"name\":\"linares\",\"image\":{\"@type\":\"ImageObject\",\"@id\":\"https:\/\/www.elvalledeloscaidos.es\/portal\/#personlogo\",\"inLanguage\":\"es\",\"url\":\"https:\/\/secure.gravatar.com\/avatar\/0b6f3a427655ac169c9155e538724b76?s=96&d=mm&r=g\",\"contentUrl\":\"https:\/\/secure.gravatar.com\/avatar\/0b6f3a427655ac169c9155e538724b76?s=96&d=mm&r=g\",\"caption\":\"linares\"},\"url\":\"https:\/\/www.elvalledeloscaidos.es\/portal\/?author=1\"}]}<\/script>\n<!-- \/ Yoast SEO plugin. -->","yoast_head_json":{"title":"Gallard\u00f3n cuestiona destinar 13 millones al Valle de los Ca\u00eddos. - ADVC","robots":{"index":"index","follow":"follow","max-snippet":"max-snippet:-1","max-image-preview":"max-image-preview:large","max-video-preview":"max-video-preview:-1"},"canonical":"https:\/\/www.elvalledeloscaidos.es\/portal\/?p=3917","og_locale":"es_ES","og_type":"article","og_title":"Gallard\u00f3n cuestiona destinar 13 millones al Valle de los Ca\u00eddos. - ADVC","og_description":"El ministro de Justicia, Alberto Ruiz-Gallard\u00f3n, ha preguntado si los espa\u00f1oles entender\u00edan que el Gobierno destinara \u00aben estos momentos\u00bb una partida de 13 millones de euros a actuaciones para el futuro del Valle de los Ca\u00eddos y ha asegurado que el Ejecutivo cumplir\u00e1 la Ley de Memoria Hist\u00f3rica. \u00abNada fuera [&hellip;]","og_url":"https:\/\/www.elvalledeloscaidos.es\/portal\/?p=3917","og_site_name":"ADVC","article_published_time":"2013-11-19T21:08:06+00:00","article_modified_time":"2013-12-16T16:37:20+00:00","og_image":[{"url":"http:\/\/www.elvalledeloscaidos.es\/portal\/wp-content\/uploads\/2013\/11\/001.jpg"}],"twitter_card":"summary_large_image","twitter_misc":{"Escrito por":"linares","Tiempo de lectura":"3 minutos"},"schema":{"@context":"https:\/\/schema.org","@graph":[{"@type":"WebSite","@id":"https:\/\/www.elvalledeloscaidos.es\/portal\/#website","url":"https:\/\/www.elvalledeloscaidos.es\/portal\/","name":"ADVC","description":"Asociaci\u00f3n Para la Defensa del Valle de los Ca\u00eddos","potentialAction":[{"@type":"SearchAction","target":{"@type":"EntryPoint","urlTemplate":"https:\/\/www.elvalledeloscaidos.es\/portal\/?s={search_term_string}"},"query-input":"required name=search_term_string"}],"inLanguage":"es"},{"@type":"ImageObject","@id":"https:\/\/www.elvalledeloscaidos.es\/portal\/?p=3917#primaryimage","inLanguage":"es","url":"http:\/\/www.elvalledeloscaidos.es\/portal\/wp-content\/uploads\/2013\/11\/001.jpg","contentUrl":"http:\/\/www.elvalledeloscaidos.es\/portal\/wp-content\/uploads\/2013\/11\/001.jpg"},{"@type":"WebPage","@id":"https:\/\/www.elvalledeloscaidos.es\/portal\/?p=3917#webpage","url":"https:\/\/www.elvalledeloscaidos.es\/portal\/?p=3917","name":"Gallard\u00f3n cuestiona destinar 13 millones al Valle de los Ca\u00eddos. - ADVC","isPartOf":{"@id":"https:\/\/www.elvalledeloscaidos.es\/portal\/#website"},"primaryImageOfPage":{"@id":"https:\/\/www.elvalledeloscaidos.es\/portal\/?p=3917#primaryimage"},"datePublished":"2013-11-19T21:08:06+00:00","dateModified":"2013-12-16T16:37:20+00:00","author":{"@id":"https:\/\/www.elvalledeloscaidos.es\/portal\/#\/schema\/person\/36b3894dc4f1eb332b7fc369aed7eb58"},"breadcrumb":{"@id":"https:\/\/www.elvalledeloscaidos.es\/portal\/?p=3917#breadcrumb"},"inLanguage":"es","potentialAction":[{"@type":"ReadAction","target":["https:\/\/www.elvalledeloscaidos.es\/portal\/?p=3917"]}]},{"@type":"BreadcrumbList","@id":"https:\/\/www.elvalledeloscaidos.es\/portal\/?p=3917#breadcrumb","itemListElement":[{"@type":"ListItem","position":1,"name":"Portada","item":"https:\/\/www.elvalledeloscaidos.es\/portal"},{"@type":"ListItem","position":2,"name":"Gallard\u00f3n cuestiona destinar 13 millones al Valle de los Ca\u00eddos."}]},{"@type":"Person","@id":"https:\/\/www.elvalledeloscaidos.es\/portal\/#\/schema\/person\/36b3894dc4f1eb332b7fc369aed7eb58","name":"linares","image":{"@type":"ImageObject","@id":"https:\/\/www.elvalledeloscaidos.es\/portal\/#personlogo","inLanguage":"es","url":"https:\/\/secure.gravatar.com\/avatar\/0b6f3a427655ac169c9155e538724b76?s=96&d=mm&r=g","contentUrl":"https:\/\/secure.gravatar.com\/avatar\/0b6f3a427655ac169c9155e538724b76?s=96&d=mm&r=g","caption":"linares"},"url":"https:\/\/www.elvalledeloscaidos.es\/portal\/?author=1"}]}},"_links":{"self":[{"href":"https:\/\/www.elvalledeloscaidos.es\/portal\/index.php?rest_route=\/wp\/v2\/posts\/3917"}],"collection":[{"href":"https:\/\/www.elvalledeloscaidos.es\/portal\/index.php?rest_route=\/wp\/v2\/posts"}],"about":[{"href":"https:\/\/www.elvalledeloscaidos.es\/portal\/index.php?rest_route=\/wp\/v2\/types\/post"}],"author":[{"embeddable":true,"href":"https:\/\/www.elvalledeloscaidos.es\/portal\/index.php?rest_route=\/wp\/v2\/users\/1"}],"replies":[{"embeddable":true,"href":"https:\/\/www.elvalledeloscaidos.es\/portal\/index.php?rest_route=%2Fwp%2Fv2%2Fcomments&post=3917"}],"version-history":[{"count":3,"href":"https:\/\/www.elvalledeloscaidos.es\/portal\/index.php?rest_route=\/wp\/v2\/posts\/3917\/revisions"}],"predecessor-version":[{"id":3972,"href":"https:\/\/www.elvalledeloscaidos.es\/portal\/index.php?rest_route=\/wp\/v2\/posts\/3917\/revisions\/3972"}],"wp:attachment":[{"href":"https:\/\/www.elvalledeloscaidos.es\/portal\/index.php?rest_route=%2Fwp%2Fv2%2Fmedia&parent=3917"}],"wp:term":[{"taxonomy":"category","embeddable":true,"href":"https:\/\/www.elvalledeloscaidos.es\/portal\/index.php?rest_route=%2Fwp%2Fv2%2Fcategories&post=3917"},{"taxonomy":"post_tag","embeddable":true,"href":"https:\/\/www.elvalledeloscaidos.es\/portal\/index.php?rest_route=%2Fwp%2Fv2%2Ftags&post=3917"}],"curies":[{"name":"wp","href":"https:\/\/api.w.org\/{rel}","templated":true}]}}