{"id":397,"date":"2011-03-04T18:52:37","date_gmt":"2011-03-04T17:52:37","guid":{"rendered":"http:\/\/www.elvalledeloscaidos.es\/portal\/?p=397"},"modified":"2011-03-04T19:00:08","modified_gmt":"2011-03-04T18:00:08","slug":"prosiguen-con-sus-planes-de-exhumaciones-en-el-valle-de-los-caidos","status":"publish","type":"post","link":"https:\/\/www.elvalledeloscaidos.es\/portal\/?p=397","title":{"rendered":"Prosiguen con sus planes de exhumaciones en el Valle de los Ca\u00eddos"},"content":{"rendered":"<p>Hoy dia 04 de marzo de 2011, el Telediario de Intereconom\u00eda TV anuncia los planes del gobierno y de determinadas asociaciones, de conseguir si o si, las exhumaciones de restos de combatientes de los osarios del Valle de los Ca\u00eddos.<\/p>\n<p>La ADVC, a\u00fan respetando profundamente los deseos de estas asociaciones y particulares (en n\u00famero de 11 casos, el 0,32% de los all\u00ed inhumados), exige el mismo respeto para quienes, teniendo igualmente los restos de los suyos en el Valle de los Ca\u00eddos, no permiten\u00a0 que estos restos sean sometidos a prueba de identificaci\u00f3n alguna, ni siquiera que sus osarios sean abiertos de nuevo.<\/p>\n<p><center><iframe loading=\"lazy\" title=\"YouTube video player\" width=\"400\" height=\"255\" src=\"http:\/\/www.youtube.com\/embed\/Daq5OtrCYHc\" frameborder=\"0\" allowfullscreen><\/iframe><\/center><\/p>\n","protected":false},"excerpt":{"rendered":"<p>Hoy dia 04 de marzo de 2011, el Telediario de Intereconom\u00eda TV anuncia los planes del gobierno y de determinadas asociaciones, de conseguir si o si, las exhumaciones de restos de combatientes de los osarios del Valle de los Ca\u00eddos. La ADVC, a\u00fan respetando profundamente los deseos de estas asociaciones [&hellip;]<\/p>\n","protected":false},"author":1,"featured_media":0,"comment_status":"open","ping_status":"open","sticky":false,"template":"","format":"standard","meta":[],"categories":[1],"tags":[],"yoast_head":"<!-- This site is optimized with the Yoast SEO plugin v18.6 - https:\/\/yoast.com\/wordpress\/plugins\/seo\/ -->\n<title>Prosiguen con sus planes de exhumaciones en el Valle de los Ca\u00eddos - ADVC<\/title>\n<meta name=\"robots\" content=\"index, follow, max-snippet:-1, max-image-preview:large, max-video-preview:-1\" \/>\n<link rel=\"canonical\" href=\"https:\/\/www.elvalledeloscaidos.es\/portal\/?p=397\" \/>\n<meta property=\"og:locale\" content=\"es_ES\" \/>\n<meta property=\"og:type\" content=\"article\" \/>\n<meta property=\"og:title\" content=\"Prosiguen con sus planes de exhumaciones en el Valle de los Ca\u00eddos - ADVC\" \/>\n<meta property=\"og:description\" content=\"Hoy dia 04 de marzo de 2011, el Telediario de Intereconom\u00eda TV anuncia los planes del gobierno y de determinadas asociaciones, de conseguir si o si, las exhumaciones de restos de combatientes de los osarios del Valle de los Ca\u00eddos. La ADVC, a\u00fan respetando profundamente los deseos de estas asociaciones [&hellip;]\" \/>\n<meta property=\"og:url\" content=\"https:\/\/www.elvalledeloscaidos.es\/portal\/?p=397\" \/>\n<meta property=\"og:site_name\" content=\"ADVC\" \/>\n<meta property=\"article:published_time\" content=\"2011-03-04T17:52:37+00:00\" \/>\n<meta property=\"article:modified_time\" content=\"2011-03-04T18:00:08+00:00\" \/>\n<meta name=\"twitter:card\" content=\"summary_large_image\" \/>\n<meta name=\"twitter:label1\" content=\"Escrito por\" \/>\n\t<meta name=\"twitter:data1\" content=\"linares\" \/>\n\t<meta name=\"twitter:label2\" content=\"Tiempo de lectura\" \/>\n\t<meta name=\"twitter:data2\" content=\"1 minuto\" \/>\n<script type=\"application\/ld+json\" class=\"yoast-schema-graph\">{\"@context\":\"https:\/\/schema.org\",\"@graph\":[{\"@type\":\"WebSite\",\"@id\":\"https:\/\/www.elvalledeloscaidos.es\/portal\/#website\",\"url\":\"https:\/\/www.elvalledeloscaidos.es\/portal\/\",\"name\":\"ADVC\",\"description\":\"Asociaci\u00f3n Para la Defensa del Valle de los Ca\u00eddos\",\"potentialAction\":[{\"@type\":\"SearchAction\",\"target\":{\"@type\":\"EntryPoint\",\"urlTemplate\":\"https:\/\/www.elvalledeloscaidos.es\/portal\/?s={search_term_string}\"},\"query-input\":\"required name=search_term_string\"}],\"inLanguage\":\"es\"},{\"@type\":\"WebPage\",\"@id\":\"https:\/\/www.elvalledeloscaidos.es\/portal\/?p=397#webpage\",\"url\":\"https:\/\/www.elvalledeloscaidos.es\/portal\/?p=397\",\"name\":\"Prosiguen con sus planes de exhumaciones en el Valle de los Ca\u00eddos - ADVC\",\"isPartOf\":{\"@id\":\"https:\/\/www.elvalledeloscaidos.es\/portal\/#website\"},\"datePublished\":\"2011-03-04T17:52:37+00:00\",\"dateModified\":\"2011-03-04T18:00:08+00:00\",\"author\":{\"@id\":\"https:\/\/www.elvalledeloscaidos.es\/portal\/#\/schema\/person\/36b3894dc4f1eb332b7fc369aed7eb58\"},\"breadcrumb\":{\"@id\":\"https:\/\/www.elvalledeloscaidos.es\/portal\/?p=397#breadcrumb\"},\"inLanguage\":\"es\",\"potentialAction\":[{\"@type\":\"ReadAction\",\"target\":[\"https:\/\/www.elvalledeloscaidos.es\/portal\/?p=397\"]}]},{\"@type\":\"BreadcrumbList\",\"@id\":\"https:\/\/www.elvalledeloscaidos.es\/portal\/?p=397#breadcrumb\",\"itemListElement\":[{\"@type\":\"ListItem\",\"position\":1,\"name\":\"Portada\",\"item\":\"https:\/\/www.elvalledeloscaidos.es\/portal\"},{\"@type\":\"ListItem\",\"position\":2,\"name\":\"Prosiguen con sus planes de exhumaciones en el Valle de los Ca\u00eddos\"}]},{\"@type\":\"Person\",\"@id\":\"https:\/\/www.elvalledeloscaidos.es\/portal\/#\/schema\/person\/36b3894dc4f1eb332b7fc369aed7eb58\",\"name\":\"linares\",\"image\":{\"@type\":\"ImageObject\",\"@id\":\"https:\/\/www.elvalledeloscaidos.es\/portal\/#personlogo\",\"inLanguage\":\"es\",\"url\":\"https:\/\/secure.gravatar.com\/avatar\/0b6f3a427655ac169c9155e538724b76?s=96&d=mm&r=g\",\"contentUrl\":\"https:\/\/secure.gravatar.com\/avatar\/0b6f3a427655ac169c9155e538724b76?s=96&d=mm&r=g\",\"caption\":\"linares\"},\"url\":\"https:\/\/www.elvalledeloscaidos.es\/portal\/?author=1\"}]}<\/script>\n<!-- \/ Yoast SEO plugin. -->","yoast_head_json":{"title":"Prosiguen con sus planes de exhumaciones en el Valle de los Ca\u00eddos - ADVC","robots":{"index":"index","follow":"follow","max-snippet":"max-snippet:-1","max-image-preview":"max-image-preview:large","max-video-preview":"max-video-preview:-1"},"canonical":"https:\/\/www.elvalledeloscaidos.es\/portal\/?p=397","og_locale":"es_ES","og_type":"article","og_title":"Prosiguen con sus planes de exhumaciones en el Valle de los Ca\u00eddos - ADVC","og_description":"Hoy dia 04 de marzo de 2011, el Telediario de Intereconom\u00eda TV anuncia los planes del gobierno y de determinadas asociaciones, de conseguir si o si, las exhumaciones de restos de combatientes de los osarios del Valle de los Ca\u00eddos. La ADVC, a\u00fan respetando profundamente los deseos de estas asociaciones [&hellip;]","og_url":"https:\/\/www.elvalledeloscaidos.es\/portal\/?p=397","og_site_name":"ADVC","article_published_time":"2011-03-04T17:52:37+00:00","article_modified_time":"2011-03-04T18:00:08+00:00","twitter_card":"summary_large_image","twitter_misc":{"Escrito por":"linares","Tiempo de lectura":"1 minuto"},"schema":{"@context":"https:\/\/schema.org","@graph":[{"@type":"WebSite","@id":"https:\/\/www.elvalledeloscaidos.es\/portal\/#website","url":"https:\/\/www.elvalledeloscaidos.es\/portal\/","name":"ADVC","description":"Asociaci\u00f3n Para la Defensa del Valle de los Ca\u00eddos","potentialAction":[{"@type":"SearchAction","target":{"@type":"EntryPoint","urlTemplate":"https:\/\/www.elvalledeloscaidos.es\/portal\/?s={search_term_string}"},"query-input":"required name=search_term_string"}],"inLanguage":"es"},{"@type":"WebPage","@id":"https:\/\/www.elvalledeloscaidos.es\/portal\/?p=397#webpage","url":"https:\/\/www.elvalledeloscaidos.es\/portal\/?p=397","name":"Prosiguen con sus planes de exhumaciones en el Valle de los Ca\u00eddos - ADVC","isPartOf":{"@id":"https:\/\/www.elvalledeloscaidos.es\/portal\/#website"},"datePublished":"2011-03-04T17:52:37+00:00","dateModified":"2011-03-04T18:00:08+00:00","author":{"@id":"https:\/\/www.elvalledeloscaidos.es\/portal\/#\/schema\/person\/36b3894dc4f1eb332b7fc369aed7eb58"},"breadcrumb":{"@id":"https:\/\/www.elvalledeloscaidos.es\/portal\/?p=397#breadcrumb"},"inLanguage":"es","potentialAction":[{"@type":"ReadAction","target":["https:\/\/www.elvalledeloscaidos.es\/portal\/?p=397"]}]},{"@type":"BreadcrumbList","@id":"https:\/\/www.elvalledeloscaidos.es\/portal\/?p=397#breadcrumb","itemListElement":[{"@type":"ListItem","position":1,"name":"Portada","item":"https:\/\/www.elvalledeloscaidos.es\/portal"},{"@type":"ListItem","position":2,"name":"Prosiguen con sus planes de exhumaciones en el Valle de los Ca\u00eddos"}]},{"@type":"Person","@id":"https:\/\/www.elvalledeloscaidos.es\/portal\/#\/schema\/person\/36b3894dc4f1eb332b7fc369aed7eb58","name":"linares","image":{"@type":"ImageObject","@id":"https:\/\/www.elvalledeloscaidos.es\/portal\/#personlogo","inLanguage":"es","url":"https:\/\/secure.gravatar.com\/avatar\/0b6f3a427655ac169c9155e538724b76?s=96&d=mm&r=g","contentUrl":"https:\/\/secure.gravatar.com\/avatar\/0b6f3a427655ac169c9155e538724b76?s=96&d=mm&r=g","caption":"linares"},"url":"https:\/\/www.elvalledeloscaidos.es\/portal\/?author=1"}]}},"_links":{"self":[{"href":"https:\/\/www.elvalledeloscaidos.es\/portal\/index.php?rest_route=\/wp\/v2\/posts\/397"}],"collection":[{"href":"https:\/\/www.elvalledeloscaidos.es\/portal\/index.php?rest_route=\/wp\/v2\/posts"}],"about":[{"href":"https:\/\/www.elvalledeloscaidos.es\/portal\/index.php?rest_route=\/wp\/v2\/types\/post"}],"author":[{"embeddable":true,"href":"https:\/\/www.elvalledeloscaidos.es\/portal\/index.php?rest_route=\/wp\/v2\/users\/1"}],"replies":[{"embeddable":true,"href":"https:\/\/www.elvalledeloscaidos.es\/portal\/index.php?rest_route=%2Fwp%2Fv2%2Fcomments&post=397"}],"version-history":[{"count":7,"href":"https:\/\/www.elvalledeloscaidos.es\/portal\/index.php?rest_route=\/wp\/v2\/posts\/397\/revisions"}],"predecessor-version":[{"id":404,"href":"https:\/\/www.elvalledeloscaidos.es\/portal\/index.php?rest_route=\/wp\/v2\/posts\/397\/revisions\/404"}],"wp:attachment":[{"href":"https:\/\/www.elvalledeloscaidos.es\/portal\/index.php?rest_route=%2Fwp%2Fv2%2Fmedia&parent=397"}],"wp:term":[{"taxonomy":"category","embeddable":true,"href":"https:\/\/www.elvalledeloscaidos.es\/portal\/index.php?rest_route=%2Fwp%2Fv2%2Fcategories&post=397"},{"taxonomy":"post_tag","embeddable":true,"href":"https:\/\/www.elvalledeloscaidos.es\/portal\/index.php?rest_route=%2Fwp%2Fv2%2Ftags&post=397"}],"curies":[{"name":"wp","href":"https:\/\/api.w.org\/{rel}","templated":true}]}}