{"id":4015,"date":"2014-01-14T20:51:46","date_gmt":"2014-01-14T19:51:46","guid":{"rendered":"http:\/\/www.elvalledeloscaidos.es\/portal\/?p=4015"},"modified":"2015-02-27T17:06:42","modified_gmt":"2015-02-27T16:06:42","slug":"el-palacio-real-el-escorial-y-el-valle-de-los-caidos-los-monumentos-mas-visitados","status":"publish","type":"post","link":"https:\/\/www.elvalledeloscaidos.es\/portal\/?p=4015","title":{"rendered":"El Palacio Real, El Escorial y el Valle de los Ca\u00eddos, los monumentos m\u00e1s visitados."},"content":{"rendered":"<p style=\"text-align: center;\"><img decoding=\"async\" loading=\"lazy\" class=\"aligncenter size-full wp-image-4016\" style=\"border: 1px solid black;\" src=\"http:\/\/www.elvalledeloscaidos.es\/portal\/wp-content\/uploads\/2014\/01\/cruz003.jpg\" alt=\"cruz003\" width=\"500\" height=\"375\" srcset=\"https:\/\/www.elvalledeloscaidos.es\/portal\/wp-content\/uploads\/2014\/01\/cruz003.jpg 500w, https:\/\/www.elvalledeloscaidos.es\/portal\/wp-content\/uploads\/2014\/01\/cruz003-300x225.jpg 300w\" sizes=\"(max-width: 500px) 100vw, 500px\" \/><\/p>\n<p>Los Palacios Reales y Monasterios gestionados por Patrimonio Nacional han recibido a lo largo del a\u00f1o 2013 un total de 2.722.919 visitantes, contando 59.588 visitantes m\u00e1s que en 2012, lo que supone un incremento del 2,24%.<\/p>\n<p><!--more--><\/p>\n<p>El lugar m\u00e1s visitado ha sido de nuevo el Palacio Real de Madrid, con 1.032.976 visitantes, un 0,25% m\u00e1s que el a\u00f1o anterior. Le han seguido el Monasterio de San Lorenzo de El Escorial, con 450.752 visitantes; el Palacio Real de Aranjuez, con 271.355;\u00a0 <strong>el Valle de los Ca\u00eddos, con 259.591<\/strong>; el Palacio Real de La Granja, con 238.373; el Palacio Real de La Almudaina, con 83.636; el Monasterio de San Jer\u00f3nimo de Yuste, con 77.578; el Palacio Real de Riofr\u00edo, con 66.731; el Monasterio de Santa Mar\u00eda la Real de las Huelgas, con 62.756; el Monasterio de Las Descalzas Reales, con 46.533; el Palacio Real de El Pardo, con 45.154; el Monasterio de Santa Clara de Tordesillas, con 26.492; y el Monasterio de la Encarnaci\u00f3n, con 14.499.<\/p>\n<p><strong>Los Palacios Reales de Madrid, Aranjuez, La Granja, Riofr\u00edo y Almudaina, el Valle de los Ca\u00eddos y el Monasterio de Santa Clara de Tordesillas han incrementado el n\u00famero de sus visitantes, en tanto que han descendido en el Palacio Real de El Pardo y los Monasterios de San Lorenzo de El Escorial, San Jer\u00f3nimo de Yuste, Descalzas Reales, Encarnaci\u00f3n y Santa Mar\u00eda la Real de las Huelgas.<\/strong><\/p>\n<p>Cabe destacar el importante aumento de los visitantes a las exposiciones temporales que se celebran en el Palacio Real de Madrid al haber recibido la exposici\u00f3n \u201cDe El Bosco a Tiziano. Arte y Maravilla en El Escorial\u201d un total de 102.197 visitantes, constituy\u00e9ndose como una de las muestras m\u00e1s visitadas de todas las que se han realizado en el Palacio Real de Madrid. Por otro lado, esta ha sido la primera exposici\u00f3n con un proyecto educativo espec\u00edfico enfocado a cursos de Primaria, Secundaria y Bachillerato. En \u00e9l han participado 3.690 alumnos.<\/p>\n<p>Las visitas al Bel\u00e9n del Palacio Real de Madrid ascendieron en 2013 a 24.074 personas. Adem\u00e1s, los 29 conciertos organizados por Patrimonio Nacional en los Reales Sitios\u00a0 contaron con 10.650 asistentes, destacando los dos primeros conciertos abiertos al p\u00fablico con el Cuarteto Stradivarius de la Colecci\u00f3n Real.<\/p>\n<p>Fuente: <a href=\"http:\/\/www.revistadearte.com\/2014\/01\/14\/el-palacio-real-el-escorial-y-el-valle-de-los-caidos-los-monumentos-mas-visitados\/\" target=\"_blank\">www.revistadearte.com<\/a><\/p>\n","protected":false},"excerpt":{"rendered":"<p>Los Palacios Reales y Monasterios gestionados por Patrimonio Nacional han recibido a lo largo del a\u00f1o 2013 un total de 2.722.919 visitantes, contando 59.588 visitantes m\u00e1s que en 2012, lo que supone un incremento del 2,24%.<\/p>\n","protected":false},"author":1,"featured_media":0,"comment_status":"open","ping_status":"open","sticky":false,"template":"","format":"standard","meta":[],"categories":[4],"tags":[],"yoast_head":"<!-- This site is optimized with the Yoast SEO plugin v18.6 - https:\/\/yoast.com\/wordpress\/plugins\/seo\/ -->\n<title>El Palacio Real, El Escorial y el Valle de los Ca\u00eddos, los monumentos m\u00e1s visitados. - ADVC<\/title>\n<meta name=\"robots\" content=\"index, follow, max-snippet:-1, max-image-preview:large, max-video-preview:-1\" \/>\n<link rel=\"canonical\" href=\"https:\/\/www.elvalledeloscaidos.es\/portal\/?p=4015\" \/>\n<meta property=\"og:locale\" content=\"es_ES\" \/>\n<meta property=\"og:type\" content=\"article\" \/>\n<meta property=\"og:title\" content=\"El Palacio Real, El Escorial y el Valle de los Ca\u00eddos, los monumentos m\u00e1s visitados. - ADVC\" \/>\n<meta property=\"og:description\" content=\"Los Palacios Reales y Monasterios gestionados por Patrimonio Nacional han recibido a lo largo del a\u00f1o 2013 un total de 2.722.919 visitantes, contando 59.588 visitantes m\u00e1s que en 2012, lo que supone un incremento del 2,24%.\" \/>\n<meta property=\"og:url\" content=\"https:\/\/www.elvalledeloscaidos.es\/portal\/?p=4015\" \/>\n<meta property=\"og:site_name\" content=\"ADVC\" \/>\n<meta property=\"article:published_time\" content=\"2014-01-14T19:51:46+00:00\" \/>\n<meta property=\"article:modified_time\" content=\"2015-02-27T16:06:42+00:00\" \/>\n<meta property=\"og:image\" content=\"http:\/\/www.elvalledeloscaidos.es\/portal\/wp-content\/uploads\/2014\/01\/cruz003.jpg\" \/>\n<meta name=\"twitter:card\" content=\"summary_large_image\" \/>\n<meta name=\"twitter:label1\" content=\"Escrito por\" \/>\n\t<meta name=\"twitter:data1\" content=\"linares\" \/>\n\t<meta name=\"twitter:label2\" content=\"Tiempo de lectura\" \/>\n\t<meta name=\"twitter:data2\" content=\"2 minutos\" \/>\n<script type=\"application\/ld+json\" class=\"yoast-schema-graph\">{\"@context\":\"https:\/\/schema.org\",\"@graph\":[{\"@type\":\"WebSite\",\"@id\":\"https:\/\/www.elvalledeloscaidos.es\/portal\/#website\",\"url\":\"https:\/\/www.elvalledeloscaidos.es\/portal\/\",\"name\":\"ADVC\",\"description\":\"Asociaci\u00f3n Para la Defensa del Valle de los Ca\u00eddos\",\"potentialAction\":[{\"@type\":\"SearchAction\",\"target\":{\"@type\":\"EntryPoint\",\"urlTemplate\":\"https:\/\/www.elvalledeloscaidos.es\/portal\/?s={search_term_string}\"},\"query-input\":\"required name=search_term_string\"}],\"inLanguage\":\"es\"},{\"@type\":\"ImageObject\",\"@id\":\"https:\/\/www.elvalledeloscaidos.es\/portal\/?p=4015#primaryimage\",\"inLanguage\":\"es\",\"url\":\"http:\/\/www.elvalledeloscaidos.es\/portal\/wp-content\/uploads\/2014\/01\/cruz003.jpg\",\"contentUrl\":\"http:\/\/www.elvalledeloscaidos.es\/portal\/wp-content\/uploads\/2014\/01\/cruz003.jpg\"},{\"@type\":\"WebPage\",\"@id\":\"https:\/\/www.elvalledeloscaidos.es\/portal\/?p=4015#webpage\",\"url\":\"https:\/\/www.elvalledeloscaidos.es\/portal\/?p=4015\",\"name\":\"El Palacio Real, El Escorial y el Valle de los Ca\u00eddos, los monumentos m\u00e1s visitados. - ADVC\",\"isPartOf\":{\"@id\":\"https:\/\/www.elvalledeloscaidos.es\/portal\/#website\"},\"primaryImageOfPage\":{\"@id\":\"https:\/\/www.elvalledeloscaidos.es\/portal\/?p=4015#primaryimage\"},\"datePublished\":\"2014-01-14T19:51:46+00:00\",\"dateModified\":\"2015-02-27T16:06:42+00:00\",\"author\":{\"@id\":\"https:\/\/www.elvalledeloscaidos.es\/portal\/#\/schema\/person\/36b3894dc4f1eb332b7fc369aed7eb58\"},\"breadcrumb\":{\"@id\":\"https:\/\/www.elvalledeloscaidos.es\/portal\/?p=4015#breadcrumb\"},\"inLanguage\":\"es\",\"potentialAction\":[{\"@type\":\"ReadAction\",\"target\":[\"https:\/\/www.elvalledeloscaidos.es\/portal\/?p=4015\"]}]},{\"@type\":\"BreadcrumbList\",\"@id\":\"https:\/\/www.elvalledeloscaidos.es\/portal\/?p=4015#breadcrumb\",\"itemListElement\":[{\"@type\":\"ListItem\",\"position\":1,\"name\":\"Portada\",\"item\":\"https:\/\/www.elvalledeloscaidos.es\/portal\"},{\"@type\":\"ListItem\",\"position\":2,\"name\":\"El Palacio Real, El Escorial y el Valle de los Ca\u00eddos, los monumentos m\u00e1s visitados.\"}]},{\"@type\":\"Person\",\"@id\":\"https:\/\/www.elvalledeloscaidos.es\/portal\/#\/schema\/person\/36b3894dc4f1eb332b7fc369aed7eb58\",\"name\":\"linares\",\"image\":{\"@type\":\"ImageObject\",\"@id\":\"https:\/\/www.elvalledeloscaidos.es\/portal\/#personlogo\",\"inLanguage\":\"es\",\"url\":\"https:\/\/secure.gravatar.com\/avatar\/0b6f3a427655ac169c9155e538724b76?s=96&d=mm&r=g\",\"contentUrl\":\"https:\/\/secure.gravatar.com\/avatar\/0b6f3a427655ac169c9155e538724b76?s=96&d=mm&r=g\",\"caption\":\"linares\"},\"url\":\"https:\/\/www.elvalledeloscaidos.es\/portal\/?author=1\"}]}<\/script>\n<!-- \/ Yoast SEO plugin. -->","yoast_head_json":{"title":"El Palacio Real, El Escorial y el Valle de los Ca\u00eddos, los monumentos m\u00e1s visitados. - ADVC","robots":{"index":"index","follow":"follow","max-snippet":"max-snippet:-1","max-image-preview":"max-image-preview:large","max-video-preview":"max-video-preview:-1"},"canonical":"https:\/\/www.elvalledeloscaidos.es\/portal\/?p=4015","og_locale":"es_ES","og_type":"article","og_title":"El Palacio Real, El Escorial y el Valle de los Ca\u00eddos, los monumentos m\u00e1s visitados. - ADVC","og_description":"Los Palacios Reales y Monasterios gestionados por Patrimonio Nacional han recibido a lo largo del a\u00f1o 2013 un total de 2.722.919 visitantes, contando 59.588 visitantes m\u00e1s que en 2012, lo que supone un incremento del 2,24%.","og_url":"https:\/\/www.elvalledeloscaidos.es\/portal\/?p=4015","og_site_name":"ADVC","article_published_time":"2014-01-14T19:51:46+00:00","article_modified_time":"2015-02-27T16:06:42+00:00","og_image":[{"url":"http:\/\/www.elvalledeloscaidos.es\/portal\/wp-content\/uploads\/2014\/01\/cruz003.jpg"}],"twitter_card":"summary_large_image","twitter_misc":{"Escrito por":"linares","Tiempo de lectura":"2 minutos"},"schema":{"@context":"https:\/\/schema.org","@graph":[{"@type":"WebSite","@id":"https:\/\/www.elvalledeloscaidos.es\/portal\/#website","url":"https:\/\/www.elvalledeloscaidos.es\/portal\/","name":"ADVC","description":"Asociaci\u00f3n Para la Defensa del Valle de los Ca\u00eddos","potentialAction":[{"@type":"SearchAction","target":{"@type":"EntryPoint","urlTemplate":"https:\/\/www.elvalledeloscaidos.es\/portal\/?s={search_term_string}"},"query-input":"required name=search_term_string"}],"inLanguage":"es"},{"@type":"ImageObject","@id":"https:\/\/www.elvalledeloscaidos.es\/portal\/?p=4015#primaryimage","inLanguage":"es","url":"http:\/\/www.elvalledeloscaidos.es\/portal\/wp-content\/uploads\/2014\/01\/cruz003.jpg","contentUrl":"http:\/\/www.elvalledeloscaidos.es\/portal\/wp-content\/uploads\/2014\/01\/cruz003.jpg"},{"@type":"WebPage","@id":"https:\/\/www.elvalledeloscaidos.es\/portal\/?p=4015#webpage","url":"https:\/\/www.elvalledeloscaidos.es\/portal\/?p=4015","name":"El Palacio Real, El Escorial y el Valle de los Ca\u00eddos, los monumentos m\u00e1s visitados. - ADVC","isPartOf":{"@id":"https:\/\/www.elvalledeloscaidos.es\/portal\/#website"},"primaryImageOfPage":{"@id":"https:\/\/www.elvalledeloscaidos.es\/portal\/?p=4015#primaryimage"},"datePublished":"2014-01-14T19:51:46+00:00","dateModified":"2015-02-27T16:06:42+00:00","author":{"@id":"https:\/\/www.elvalledeloscaidos.es\/portal\/#\/schema\/person\/36b3894dc4f1eb332b7fc369aed7eb58"},"breadcrumb":{"@id":"https:\/\/www.elvalledeloscaidos.es\/portal\/?p=4015#breadcrumb"},"inLanguage":"es","potentialAction":[{"@type":"ReadAction","target":["https:\/\/www.elvalledeloscaidos.es\/portal\/?p=4015"]}]},{"@type":"BreadcrumbList","@id":"https:\/\/www.elvalledeloscaidos.es\/portal\/?p=4015#breadcrumb","itemListElement":[{"@type":"ListItem","position":1,"name":"Portada","item":"https:\/\/www.elvalledeloscaidos.es\/portal"},{"@type":"ListItem","position":2,"name":"El Palacio Real, El Escorial y el Valle de los Ca\u00eddos, los monumentos m\u00e1s visitados."}]},{"@type":"Person","@id":"https:\/\/www.elvalledeloscaidos.es\/portal\/#\/schema\/person\/36b3894dc4f1eb332b7fc369aed7eb58","name":"linares","image":{"@type":"ImageObject","@id":"https:\/\/www.elvalledeloscaidos.es\/portal\/#personlogo","inLanguage":"es","url":"https:\/\/secure.gravatar.com\/avatar\/0b6f3a427655ac169c9155e538724b76?s=96&d=mm&r=g","contentUrl":"https:\/\/secure.gravatar.com\/avatar\/0b6f3a427655ac169c9155e538724b76?s=96&d=mm&r=g","caption":"linares"},"url":"https:\/\/www.elvalledeloscaidos.es\/portal\/?author=1"}]}},"_links":{"self":[{"href":"https:\/\/www.elvalledeloscaidos.es\/portal\/index.php?rest_route=\/wp\/v2\/posts\/4015"}],"collection":[{"href":"https:\/\/www.elvalledeloscaidos.es\/portal\/index.php?rest_route=\/wp\/v2\/posts"}],"about":[{"href":"https:\/\/www.elvalledeloscaidos.es\/portal\/index.php?rest_route=\/wp\/v2\/types\/post"}],"author":[{"embeddable":true,"href":"https:\/\/www.elvalledeloscaidos.es\/portal\/index.php?rest_route=\/wp\/v2\/users\/1"}],"replies":[{"embeddable":true,"href":"https:\/\/www.elvalledeloscaidos.es\/portal\/index.php?rest_route=%2Fwp%2Fv2%2Fcomments&post=4015"}],"version-history":[{"count":4,"href":"https:\/\/www.elvalledeloscaidos.es\/portal\/index.php?rest_route=\/wp\/v2\/posts\/4015\/revisions"}],"predecessor-version":[{"id":4919,"href":"https:\/\/www.elvalledeloscaidos.es\/portal\/index.php?rest_route=\/wp\/v2\/posts\/4015\/revisions\/4919"}],"wp:attachment":[{"href":"https:\/\/www.elvalledeloscaidos.es\/portal\/index.php?rest_route=%2Fwp%2Fv2%2Fmedia&parent=4015"}],"wp:term":[{"taxonomy":"category","embeddable":true,"href":"https:\/\/www.elvalledeloscaidos.es\/portal\/index.php?rest_route=%2Fwp%2Fv2%2Fcategories&post=4015"},{"taxonomy":"post_tag","embeddable":true,"href":"https:\/\/www.elvalledeloscaidos.es\/portal\/index.php?rest_route=%2Fwp%2Fv2%2Ftags&post=4015"}],"curies":[{"name":"wp","href":"https:\/\/api.w.org\/{rel}","templated":true}]}}