{"id":4070,"date":"2014-02-03T14:42:12","date_gmt":"2014-02-03T13:42:12","guid":{"rendered":"http:\/\/www.elvalledeloscaidos.es\/portal\/?p=4070"},"modified":"2015-02-27T17:05:45","modified_gmt":"2015-02-27T16:05:45","slug":"aniversario-de-la-muerte-de-pedro-muguruza-primer-arquitecto-del-valle-de-los-caidos","status":"publish","type":"post","link":"https:\/\/www.elvalledeloscaidos.es\/portal\/?p=4070","title":{"rendered":"Aniversario de la muerte de Pedro Muguruza, primer arquitecto del Valle de los Ca\u00eddos."},"content":{"rendered":"<p>El a\u00f1o 2010, con todo el salvaje acoso al Valle de los Ca\u00eddos en pleno auge, un diario de difusi\u00f3n local de Madrid, public\u00f3 unas declaraciones de un destacado miembro del Partido Socialista de Madrid sobre la \u00abproblem\u00e1tica\u00bb del Valle de los Ca\u00eddos. El entrevistado, refiri\u00e9ndose al Valle de los Ca\u00eddos,\u00a0 meti\u00e9ndose en un jard\u00edn de dif\u00edcil salida, dijo: \u00abNunca se me ocurrir\u00e1 visitar ese monumento claro ejemplo de una arquitectura fascista\u00bb. El periodista si hubiera sido h\u00e1bil, hubiera recordado al pol\u00edtico socialista, que el edificio de la Prensa, sede del Partido Socialista de Madrid, es obra del mismo arquitecto del Valle de los Ca\u00eddos, Pedro Muguruza Ota\u00f1o.<\/p>\n<p><!--more--><\/p>\n<p>Hoy d\u00eda 3 de febrero se cumplen 62 a\u00f1os de la muerte del arquitecto Pedro Muguruza. Facilitamos aqu\u00ed el v\u00ednculo con la biograf\u00eda del arquitecto, autor, adem\u00e1s de edificios tan emblem\u00e1ticos en Madrid como el ya citado Edificio de la Prensa, el Cine Coliseum, el monumento a Cervantes en la Plaza de Espa\u00f1a, Edificio del Marqu\u00e9s de Ibarra en la glorieta de Rub\u00e9n Dar\u00edo, el Monumento al Sagrado Coraz\u00f3n de Jes\u00fas del Cerro de los \u00c1ngeles, los mercados de Santa Mar\u00eda de la Cabeza y de Maravillas, o la estaci\u00f3n ferroviaria de Francia en Barcelona, entre otros muchos.<\/p>\n<p>Para ver la biograf\u00eda, seguir este <a href=\"http:\/\/www.cuelgamuros.com\/antigua\/muguruzaweb.html#\" target=\"_blank\">enlace.<\/a><\/p>\n<p style=\"text-align: center;\"><img decoding=\"async\" loading=\"lazy\" class=\"aligncenter size-full wp-image-4071\" style=\"border: 1px solid black;\" src=\"http:\/\/www.elvalledeloscaidos.es\/portal\/wp-content\/uploads\/2014\/02\/muguruza.jpg\" alt=\"muguruza\" width=\"500\" height=\"708\" srcset=\"https:\/\/www.elvalledeloscaidos.es\/portal\/wp-content\/uploads\/2014\/02\/muguruza.jpg 500w, https:\/\/www.elvalledeloscaidos.es\/portal\/wp-content\/uploads\/2014\/02\/muguruza-211x300.jpg 211w\" sizes=\"(max-width: 500px) 100vw, 500px\" \/><\/p>\n","protected":false},"excerpt":{"rendered":"<p>El a\u00f1o 2010, con todo el salvaje acoso al Valle de los Ca\u00eddos en pleno auge, un diario de difusi\u00f3n local de Madrid, public\u00f3 unas declaraciones de un destacado miembro del Partido Socialista de Madrid sobre la \u00abproblem\u00e1tica\u00bb del Valle de los Ca\u00eddos. El entrevistado, refiri\u00e9ndose al Valle de los [&hellip;]<\/p>\n","protected":false},"author":1,"featured_media":0,"comment_status":"open","ping_status":"open","sticky":false,"template":"","format":"standard","meta":[],"categories":[4],"tags":[],"yoast_head":"<!-- This site is optimized with the Yoast SEO plugin v18.6 - https:\/\/yoast.com\/wordpress\/plugins\/seo\/ -->\n<title>Aniversario de la muerte de Pedro Muguruza, primer arquitecto del Valle de los Ca\u00eddos. - ADVC<\/title>\n<meta name=\"robots\" content=\"index, follow, max-snippet:-1, max-image-preview:large, max-video-preview:-1\" \/>\n<link rel=\"canonical\" href=\"https:\/\/www.elvalledeloscaidos.es\/portal\/?p=4070\" \/>\n<meta property=\"og:locale\" content=\"es_ES\" \/>\n<meta property=\"og:type\" content=\"article\" \/>\n<meta property=\"og:title\" content=\"Aniversario de la muerte de Pedro Muguruza, primer arquitecto del Valle de los Ca\u00eddos. - ADVC\" \/>\n<meta property=\"og:description\" content=\"El a\u00f1o 2010, con todo el salvaje acoso al Valle de los Ca\u00eddos en pleno auge, un diario de difusi\u00f3n local de Madrid, public\u00f3 unas declaraciones de un destacado miembro del Partido Socialista de Madrid sobre la \u00abproblem\u00e1tica\u00bb del Valle de los Ca\u00eddos. El entrevistado, refiri\u00e9ndose al Valle de los [&hellip;]\" \/>\n<meta property=\"og:url\" content=\"https:\/\/www.elvalledeloscaidos.es\/portal\/?p=4070\" \/>\n<meta property=\"og:site_name\" content=\"ADVC\" \/>\n<meta property=\"article:published_time\" content=\"2014-02-03T13:42:12+00:00\" \/>\n<meta property=\"article:modified_time\" content=\"2015-02-27T16:05:45+00:00\" \/>\n<meta property=\"og:image\" content=\"http:\/\/www.elvalledeloscaidos.es\/portal\/wp-content\/uploads\/2014\/02\/muguruza.jpg\" \/>\n<meta name=\"twitter:card\" content=\"summary_large_image\" \/>\n<meta name=\"twitter:label1\" content=\"Escrito por\" \/>\n\t<meta name=\"twitter:data1\" content=\"linares\" \/>\n\t<meta name=\"twitter:label2\" content=\"Tiempo de lectura\" \/>\n\t<meta name=\"twitter:data2\" content=\"1 minuto\" \/>\n<script type=\"application\/ld+json\" class=\"yoast-schema-graph\">{\"@context\":\"https:\/\/schema.org\",\"@graph\":[{\"@type\":\"WebSite\",\"@id\":\"https:\/\/www.elvalledeloscaidos.es\/portal\/#website\",\"url\":\"https:\/\/www.elvalledeloscaidos.es\/portal\/\",\"name\":\"ADVC\",\"description\":\"Asociaci\u00f3n Para la Defensa del Valle de los Ca\u00eddos\",\"potentialAction\":[{\"@type\":\"SearchAction\",\"target\":{\"@type\":\"EntryPoint\",\"urlTemplate\":\"https:\/\/www.elvalledeloscaidos.es\/portal\/?s={search_term_string}\"},\"query-input\":\"required name=search_term_string\"}],\"inLanguage\":\"es\"},{\"@type\":\"ImageObject\",\"@id\":\"https:\/\/www.elvalledeloscaidos.es\/portal\/?p=4070#primaryimage\",\"inLanguage\":\"es\",\"url\":\"http:\/\/www.elvalledeloscaidos.es\/portal\/wp-content\/uploads\/2014\/02\/muguruza.jpg\",\"contentUrl\":\"http:\/\/www.elvalledeloscaidos.es\/portal\/wp-content\/uploads\/2014\/02\/muguruza.jpg\"},{\"@type\":\"WebPage\",\"@id\":\"https:\/\/www.elvalledeloscaidos.es\/portal\/?p=4070#webpage\",\"url\":\"https:\/\/www.elvalledeloscaidos.es\/portal\/?p=4070\",\"name\":\"Aniversario de la muerte de Pedro Muguruza, primer arquitecto del Valle de los Ca\u00eddos. - ADVC\",\"isPartOf\":{\"@id\":\"https:\/\/www.elvalledeloscaidos.es\/portal\/#website\"},\"primaryImageOfPage\":{\"@id\":\"https:\/\/www.elvalledeloscaidos.es\/portal\/?p=4070#primaryimage\"},\"datePublished\":\"2014-02-03T13:42:12+00:00\",\"dateModified\":\"2015-02-27T16:05:45+00:00\",\"author\":{\"@id\":\"https:\/\/www.elvalledeloscaidos.es\/portal\/#\/schema\/person\/36b3894dc4f1eb332b7fc369aed7eb58\"},\"breadcrumb\":{\"@id\":\"https:\/\/www.elvalledeloscaidos.es\/portal\/?p=4070#breadcrumb\"},\"inLanguage\":\"es\",\"potentialAction\":[{\"@type\":\"ReadAction\",\"target\":[\"https:\/\/www.elvalledeloscaidos.es\/portal\/?p=4070\"]}]},{\"@type\":\"BreadcrumbList\",\"@id\":\"https:\/\/www.elvalledeloscaidos.es\/portal\/?p=4070#breadcrumb\",\"itemListElement\":[{\"@type\":\"ListItem\",\"position\":1,\"name\":\"Portada\",\"item\":\"https:\/\/www.elvalledeloscaidos.es\/portal\"},{\"@type\":\"ListItem\",\"position\":2,\"name\":\"Aniversario de la muerte de Pedro Muguruza, primer arquitecto del Valle de los Ca\u00eddos.\"}]},{\"@type\":\"Person\",\"@id\":\"https:\/\/www.elvalledeloscaidos.es\/portal\/#\/schema\/person\/36b3894dc4f1eb332b7fc369aed7eb58\",\"name\":\"linares\",\"image\":{\"@type\":\"ImageObject\",\"@id\":\"https:\/\/www.elvalledeloscaidos.es\/portal\/#personlogo\",\"inLanguage\":\"es\",\"url\":\"https:\/\/secure.gravatar.com\/avatar\/0b6f3a427655ac169c9155e538724b76?s=96&d=mm&r=g\",\"contentUrl\":\"https:\/\/secure.gravatar.com\/avatar\/0b6f3a427655ac169c9155e538724b76?s=96&d=mm&r=g\",\"caption\":\"linares\"},\"url\":\"https:\/\/www.elvalledeloscaidos.es\/portal\/?author=1\"}]}<\/script>\n<!-- \/ Yoast SEO plugin. -->","yoast_head_json":{"title":"Aniversario de la muerte de Pedro Muguruza, primer arquitecto del Valle de los Ca\u00eddos. - ADVC","robots":{"index":"index","follow":"follow","max-snippet":"max-snippet:-1","max-image-preview":"max-image-preview:large","max-video-preview":"max-video-preview:-1"},"canonical":"https:\/\/www.elvalledeloscaidos.es\/portal\/?p=4070","og_locale":"es_ES","og_type":"article","og_title":"Aniversario de la muerte de Pedro Muguruza, primer arquitecto del Valle de los Ca\u00eddos. - ADVC","og_description":"El a\u00f1o 2010, con todo el salvaje acoso al Valle de los Ca\u00eddos en pleno auge, un diario de difusi\u00f3n local de Madrid, public\u00f3 unas declaraciones de un destacado miembro del Partido Socialista de Madrid sobre la \u00abproblem\u00e1tica\u00bb del Valle de los Ca\u00eddos. El entrevistado, refiri\u00e9ndose al Valle de los [&hellip;]","og_url":"https:\/\/www.elvalledeloscaidos.es\/portal\/?p=4070","og_site_name":"ADVC","article_published_time":"2014-02-03T13:42:12+00:00","article_modified_time":"2015-02-27T16:05:45+00:00","og_image":[{"url":"http:\/\/www.elvalledeloscaidos.es\/portal\/wp-content\/uploads\/2014\/02\/muguruza.jpg"}],"twitter_card":"summary_large_image","twitter_misc":{"Escrito por":"linares","Tiempo de lectura":"1 minuto"},"schema":{"@context":"https:\/\/schema.org","@graph":[{"@type":"WebSite","@id":"https:\/\/www.elvalledeloscaidos.es\/portal\/#website","url":"https:\/\/www.elvalledeloscaidos.es\/portal\/","name":"ADVC","description":"Asociaci\u00f3n Para la Defensa del Valle de los Ca\u00eddos","potentialAction":[{"@type":"SearchAction","target":{"@type":"EntryPoint","urlTemplate":"https:\/\/www.elvalledeloscaidos.es\/portal\/?s={search_term_string}"},"query-input":"required name=search_term_string"}],"inLanguage":"es"},{"@type":"ImageObject","@id":"https:\/\/www.elvalledeloscaidos.es\/portal\/?p=4070#primaryimage","inLanguage":"es","url":"http:\/\/www.elvalledeloscaidos.es\/portal\/wp-content\/uploads\/2014\/02\/muguruza.jpg","contentUrl":"http:\/\/www.elvalledeloscaidos.es\/portal\/wp-content\/uploads\/2014\/02\/muguruza.jpg"},{"@type":"WebPage","@id":"https:\/\/www.elvalledeloscaidos.es\/portal\/?p=4070#webpage","url":"https:\/\/www.elvalledeloscaidos.es\/portal\/?p=4070","name":"Aniversario de la muerte de Pedro Muguruza, primer arquitecto del Valle de los Ca\u00eddos. - ADVC","isPartOf":{"@id":"https:\/\/www.elvalledeloscaidos.es\/portal\/#website"},"primaryImageOfPage":{"@id":"https:\/\/www.elvalledeloscaidos.es\/portal\/?p=4070#primaryimage"},"datePublished":"2014-02-03T13:42:12+00:00","dateModified":"2015-02-27T16:05:45+00:00","author":{"@id":"https:\/\/www.elvalledeloscaidos.es\/portal\/#\/schema\/person\/36b3894dc4f1eb332b7fc369aed7eb58"},"breadcrumb":{"@id":"https:\/\/www.elvalledeloscaidos.es\/portal\/?p=4070#breadcrumb"},"inLanguage":"es","potentialAction":[{"@type":"ReadAction","target":["https:\/\/www.elvalledeloscaidos.es\/portal\/?p=4070"]}]},{"@type":"BreadcrumbList","@id":"https:\/\/www.elvalledeloscaidos.es\/portal\/?p=4070#breadcrumb","itemListElement":[{"@type":"ListItem","position":1,"name":"Portada","item":"https:\/\/www.elvalledeloscaidos.es\/portal"},{"@type":"ListItem","position":2,"name":"Aniversario de la muerte de Pedro Muguruza, primer arquitecto del Valle de los Ca\u00eddos."}]},{"@type":"Person","@id":"https:\/\/www.elvalledeloscaidos.es\/portal\/#\/schema\/person\/36b3894dc4f1eb332b7fc369aed7eb58","name":"linares","image":{"@type":"ImageObject","@id":"https:\/\/www.elvalledeloscaidos.es\/portal\/#personlogo","inLanguage":"es","url":"https:\/\/secure.gravatar.com\/avatar\/0b6f3a427655ac169c9155e538724b76?s=96&d=mm&r=g","contentUrl":"https:\/\/secure.gravatar.com\/avatar\/0b6f3a427655ac169c9155e538724b76?s=96&d=mm&r=g","caption":"linares"},"url":"https:\/\/www.elvalledeloscaidos.es\/portal\/?author=1"}]}},"_links":{"self":[{"href":"https:\/\/www.elvalledeloscaidos.es\/portal\/index.php?rest_route=\/wp\/v2\/posts\/4070"}],"collection":[{"href":"https:\/\/www.elvalledeloscaidos.es\/portal\/index.php?rest_route=\/wp\/v2\/posts"}],"about":[{"href":"https:\/\/www.elvalledeloscaidos.es\/portal\/index.php?rest_route=\/wp\/v2\/types\/post"}],"author":[{"embeddable":true,"href":"https:\/\/www.elvalledeloscaidos.es\/portal\/index.php?rest_route=\/wp\/v2\/users\/1"}],"replies":[{"embeddable":true,"href":"https:\/\/www.elvalledeloscaidos.es\/portal\/index.php?rest_route=%2Fwp%2Fv2%2Fcomments&post=4070"}],"version-history":[{"count":2,"href":"https:\/\/www.elvalledeloscaidos.es\/portal\/index.php?rest_route=\/wp\/v2\/posts\/4070\/revisions"}],"predecessor-version":[{"id":4917,"href":"https:\/\/www.elvalledeloscaidos.es\/portal\/index.php?rest_route=\/wp\/v2\/posts\/4070\/revisions\/4917"}],"wp:attachment":[{"href":"https:\/\/www.elvalledeloscaidos.es\/portal\/index.php?rest_route=%2Fwp%2Fv2%2Fmedia&parent=4070"}],"wp:term":[{"taxonomy":"category","embeddable":true,"href":"https:\/\/www.elvalledeloscaidos.es\/portal\/index.php?rest_route=%2Fwp%2Fv2%2Fcategories&post=4070"},{"taxonomy":"post_tag","embeddable":true,"href":"https:\/\/www.elvalledeloscaidos.es\/portal\/index.php?rest_route=%2Fwp%2Fv2%2Ftags&post=4070"}],"curies":[{"name":"wp","href":"https:\/\/api.w.org\/{rel}","templated":true}]}}