{"id":4073,"date":"2014-02-03T19:01:19","date_gmt":"2014-02-03T18:01:19","guid":{"rendered":"http:\/\/www.elvalledeloscaidos.es\/portal\/?p=4073"},"modified":"2015-02-27T17:05:27","modified_gmt":"2015-02-27T16:05:27","slug":"la-onu-pide-reinventar-el-valle-de-los-caidos","status":"publish","type":"post","link":"https:\/\/www.elvalledeloscaidos.es\/portal\/?p=4073","title":{"rendered":"La ONU pide reinventar el Valle de los Ca\u00eddos."},"content":{"rendered":"<p>El relator especial para la promoci\u00f3n de la verdad, la justicia, la reparaci\u00f3n y las garant\u00edas de no repetici\u00f3n de la ONU,<strong> Pablo de Greiff<\/strong>, ha urgido a Espa\u00f1a\u00a0entre otra serie de conclusiones,\u00a0a \u00abreconsiderar\u00bb el Valle de los Ca\u00eddos porque<strong> no se trata de un asunto de \u00abpol\u00edtica partidista\u00bb<\/strong>.<\/p>\n<p>En cuanto al Valle de los Ca\u00eddos, ha sugerido \u00abcontextualizarlo en favor de la promoci\u00f3n de la verdad y la memoria con una funci\u00f3n preventiva\u00bb. <strong>\u00abNo hay nada en el sitio que proporcione alg\u00fan tipo de informaci\u00f3n o se\u00f1alizaci\u00f3n acerca de la forma en que fue construido <\/strong>y considero que merece reconsideraci\u00f3n\u00bb, ha a\u00f1adido.<\/p>\n<p><!--more--><\/p>\n<p>Desde esta Asociaci\u00f3n Para la Defensa del Valle de los Ca\u00eddos, invitamos al Sr. Pablo de Greiff, a acudir al seminario organizado por la Universidad San Pablo CEU, y que impartir\u00e1 el Profesor Alberto B\u00e1rcena (D.m), los pr\u00f3ximos d\u00edas 3 y 10 de marzo, d\u00f3nde sin duda aprender\u00e1 la verdad de la construcci\u00f3n del Valle, y no lo que le han contado.<\/p>\n<p>&nbsp;<\/p>\n<p style=\"text-align: center;\"><a href=\"http:\/\/www.elvalledeloscaidos.es\/portal\/wp-content\/uploads\/2014\/02\/ceugran.jpg\"><img decoding=\"async\" loading=\"lazy\" class=\"aligncenter  wp-image-4074\" style=\"border: 1px solid black;\" src=\"http:\/\/www.elvalledeloscaidos.es\/portal\/wp-content\/uploads\/2014\/02\/ceugran.jpg\" alt=\"ceugran\" width=\"500\" height=\"403\" srcset=\"https:\/\/www.elvalledeloscaidos.es\/portal\/wp-content\/uploads\/2014\/02\/ceugran.jpg 1437w, https:\/\/www.elvalledeloscaidos.es\/portal\/wp-content\/uploads\/2014\/02\/ceugran-300x241.jpg 300w, https:\/\/www.elvalledeloscaidos.es\/portal\/wp-content\/uploads\/2014\/02\/ceugran-1024x824.jpg 1024w\" sizes=\"(max-width: 500px) 100vw, 500px\" \/><\/a><\/p>\n<p>&nbsp;<\/p>\n","protected":false},"excerpt":{"rendered":"<p>El relator especial para la promoci\u00f3n de la verdad, la justicia, la reparaci\u00f3n y las garant\u00edas de no repetici\u00f3n de la ONU, Pablo de Greiff, ha urgido a Espa\u00f1a\u00a0entre otra serie de conclusiones,\u00a0a \u00abreconsiderar\u00bb el Valle de los Ca\u00eddos porque no se trata de un asunto de \u00abpol\u00edtica partidista\u00bb. En [&hellip;]<\/p>\n","protected":false},"author":1,"featured_media":0,"comment_status":"open","ping_status":"open","sticky":false,"template":"","format":"standard","meta":[],"categories":[4],"tags":[],"yoast_head":"<!-- This site is optimized with the Yoast SEO plugin v18.6 - https:\/\/yoast.com\/wordpress\/plugins\/seo\/ -->\n<title>La ONU pide reinventar el Valle de los Ca\u00eddos. - ADVC<\/title>\n<meta name=\"robots\" content=\"index, follow, max-snippet:-1, max-image-preview:large, max-video-preview:-1\" \/>\n<link rel=\"canonical\" href=\"https:\/\/www.elvalledeloscaidos.es\/portal\/?p=4073\" \/>\n<meta property=\"og:locale\" content=\"es_ES\" \/>\n<meta property=\"og:type\" content=\"article\" \/>\n<meta property=\"og:title\" content=\"La ONU pide reinventar el Valle de los Ca\u00eddos. - ADVC\" \/>\n<meta property=\"og:description\" content=\"El relator especial para la promoci\u00f3n de la verdad, la justicia, la reparaci\u00f3n y las garant\u00edas de no repetici\u00f3n de la ONU, Pablo de Greiff, ha urgido a Espa\u00f1a\u00a0entre otra serie de conclusiones,\u00a0a \u00abreconsiderar\u00bb el Valle de los Ca\u00eddos porque no se trata de un asunto de \u00abpol\u00edtica partidista\u00bb. En [&hellip;]\" \/>\n<meta property=\"og:url\" content=\"https:\/\/www.elvalledeloscaidos.es\/portal\/?p=4073\" \/>\n<meta property=\"og:site_name\" content=\"ADVC\" \/>\n<meta property=\"article:published_time\" content=\"2014-02-03T18:01:19+00:00\" \/>\n<meta property=\"article:modified_time\" content=\"2015-02-27T16:05:27+00:00\" \/>\n<meta property=\"og:image\" content=\"http:\/\/www.elvalledeloscaidos.es\/portal\/wp-content\/uploads\/2014\/02\/ceugran.jpg\" \/>\n<meta name=\"twitter:card\" content=\"summary_large_image\" \/>\n<meta name=\"twitter:label1\" content=\"Escrito por\" \/>\n\t<meta name=\"twitter:data1\" content=\"linares\" \/>\n\t<meta name=\"twitter:label2\" content=\"Tiempo de lectura\" \/>\n\t<meta name=\"twitter:data2\" content=\"1 minuto\" \/>\n<script type=\"application\/ld+json\" class=\"yoast-schema-graph\">{\"@context\":\"https:\/\/schema.org\",\"@graph\":[{\"@type\":\"WebSite\",\"@id\":\"https:\/\/www.elvalledeloscaidos.es\/portal\/#website\",\"url\":\"https:\/\/www.elvalledeloscaidos.es\/portal\/\",\"name\":\"ADVC\",\"description\":\"Asociaci\u00f3n Para la Defensa del Valle de los Ca\u00eddos\",\"potentialAction\":[{\"@type\":\"SearchAction\",\"target\":{\"@type\":\"EntryPoint\",\"urlTemplate\":\"https:\/\/www.elvalledeloscaidos.es\/portal\/?s={search_term_string}\"},\"query-input\":\"required name=search_term_string\"}],\"inLanguage\":\"es\"},{\"@type\":\"ImageObject\",\"@id\":\"https:\/\/www.elvalledeloscaidos.es\/portal\/?p=4073#primaryimage\",\"inLanguage\":\"es\",\"url\":\"http:\/\/www.elvalledeloscaidos.es\/portal\/wp-content\/uploads\/2014\/02\/ceugran.jpg\",\"contentUrl\":\"http:\/\/www.elvalledeloscaidos.es\/portal\/wp-content\/uploads\/2014\/02\/ceugran.jpg\"},{\"@type\":\"WebPage\",\"@id\":\"https:\/\/www.elvalledeloscaidos.es\/portal\/?p=4073#webpage\",\"url\":\"https:\/\/www.elvalledeloscaidos.es\/portal\/?p=4073\",\"name\":\"La ONU pide reinventar el Valle de los Ca\u00eddos. - ADVC\",\"isPartOf\":{\"@id\":\"https:\/\/www.elvalledeloscaidos.es\/portal\/#website\"},\"primaryImageOfPage\":{\"@id\":\"https:\/\/www.elvalledeloscaidos.es\/portal\/?p=4073#primaryimage\"},\"datePublished\":\"2014-02-03T18:01:19+00:00\",\"dateModified\":\"2015-02-27T16:05:27+00:00\",\"author\":{\"@id\":\"https:\/\/www.elvalledeloscaidos.es\/portal\/#\/schema\/person\/36b3894dc4f1eb332b7fc369aed7eb58\"},\"breadcrumb\":{\"@id\":\"https:\/\/www.elvalledeloscaidos.es\/portal\/?p=4073#breadcrumb\"},\"inLanguage\":\"es\",\"potentialAction\":[{\"@type\":\"ReadAction\",\"target\":[\"https:\/\/www.elvalledeloscaidos.es\/portal\/?p=4073\"]}]},{\"@type\":\"BreadcrumbList\",\"@id\":\"https:\/\/www.elvalledeloscaidos.es\/portal\/?p=4073#breadcrumb\",\"itemListElement\":[{\"@type\":\"ListItem\",\"position\":1,\"name\":\"Portada\",\"item\":\"https:\/\/www.elvalledeloscaidos.es\/portal\"},{\"@type\":\"ListItem\",\"position\":2,\"name\":\"La ONU pide reinventar el Valle de los Ca\u00eddos.\"}]},{\"@type\":\"Person\",\"@id\":\"https:\/\/www.elvalledeloscaidos.es\/portal\/#\/schema\/person\/36b3894dc4f1eb332b7fc369aed7eb58\",\"name\":\"linares\",\"image\":{\"@type\":\"ImageObject\",\"@id\":\"https:\/\/www.elvalledeloscaidos.es\/portal\/#personlogo\",\"inLanguage\":\"es\",\"url\":\"https:\/\/secure.gravatar.com\/avatar\/0b6f3a427655ac169c9155e538724b76?s=96&d=mm&r=g\",\"contentUrl\":\"https:\/\/secure.gravatar.com\/avatar\/0b6f3a427655ac169c9155e538724b76?s=96&d=mm&r=g\",\"caption\":\"linares\"},\"url\":\"https:\/\/www.elvalledeloscaidos.es\/portal\/?author=1\"}]}<\/script>\n<!-- \/ Yoast SEO plugin. -->","yoast_head_json":{"title":"La ONU pide reinventar el Valle de los Ca\u00eddos. - ADVC","robots":{"index":"index","follow":"follow","max-snippet":"max-snippet:-1","max-image-preview":"max-image-preview:large","max-video-preview":"max-video-preview:-1"},"canonical":"https:\/\/www.elvalledeloscaidos.es\/portal\/?p=4073","og_locale":"es_ES","og_type":"article","og_title":"La ONU pide reinventar el Valle de los Ca\u00eddos. - ADVC","og_description":"El relator especial para la promoci\u00f3n de la verdad, la justicia, la reparaci\u00f3n y las garant\u00edas de no repetici\u00f3n de la ONU, Pablo de Greiff, ha urgido a Espa\u00f1a\u00a0entre otra serie de conclusiones,\u00a0a \u00abreconsiderar\u00bb el Valle de los Ca\u00eddos porque no se trata de un asunto de \u00abpol\u00edtica partidista\u00bb. En [&hellip;]","og_url":"https:\/\/www.elvalledeloscaidos.es\/portal\/?p=4073","og_site_name":"ADVC","article_published_time":"2014-02-03T18:01:19+00:00","article_modified_time":"2015-02-27T16:05:27+00:00","og_image":[{"url":"http:\/\/www.elvalledeloscaidos.es\/portal\/wp-content\/uploads\/2014\/02\/ceugran.jpg"}],"twitter_card":"summary_large_image","twitter_misc":{"Escrito por":"linares","Tiempo de lectura":"1 minuto"},"schema":{"@context":"https:\/\/schema.org","@graph":[{"@type":"WebSite","@id":"https:\/\/www.elvalledeloscaidos.es\/portal\/#website","url":"https:\/\/www.elvalledeloscaidos.es\/portal\/","name":"ADVC","description":"Asociaci\u00f3n Para la Defensa del Valle de los Ca\u00eddos","potentialAction":[{"@type":"SearchAction","target":{"@type":"EntryPoint","urlTemplate":"https:\/\/www.elvalledeloscaidos.es\/portal\/?s={search_term_string}"},"query-input":"required name=search_term_string"}],"inLanguage":"es"},{"@type":"ImageObject","@id":"https:\/\/www.elvalledeloscaidos.es\/portal\/?p=4073#primaryimage","inLanguage":"es","url":"http:\/\/www.elvalledeloscaidos.es\/portal\/wp-content\/uploads\/2014\/02\/ceugran.jpg","contentUrl":"http:\/\/www.elvalledeloscaidos.es\/portal\/wp-content\/uploads\/2014\/02\/ceugran.jpg"},{"@type":"WebPage","@id":"https:\/\/www.elvalledeloscaidos.es\/portal\/?p=4073#webpage","url":"https:\/\/www.elvalledeloscaidos.es\/portal\/?p=4073","name":"La ONU pide reinventar el Valle de los Ca\u00eddos. - ADVC","isPartOf":{"@id":"https:\/\/www.elvalledeloscaidos.es\/portal\/#website"},"primaryImageOfPage":{"@id":"https:\/\/www.elvalledeloscaidos.es\/portal\/?p=4073#primaryimage"},"datePublished":"2014-02-03T18:01:19+00:00","dateModified":"2015-02-27T16:05:27+00:00","author":{"@id":"https:\/\/www.elvalledeloscaidos.es\/portal\/#\/schema\/person\/36b3894dc4f1eb332b7fc369aed7eb58"},"breadcrumb":{"@id":"https:\/\/www.elvalledeloscaidos.es\/portal\/?p=4073#breadcrumb"},"inLanguage":"es","potentialAction":[{"@type":"ReadAction","target":["https:\/\/www.elvalledeloscaidos.es\/portal\/?p=4073"]}]},{"@type":"BreadcrumbList","@id":"https:\/\/www.elvalledeloscaidos.es\/portal\/?p=4073#breadcrumb","itemListElement":[{"@type":"ListItem","position":1,"name":"Portada","item":"https:\/\/www.elvalledeloscaidos.es\/portal"},{"@type":"ListItem","position":2,"name":"La ONU pide reinventar el Valle de los Ca\u00eddos."}]},{"@type":"Person","@id":"https:\/\/www.elvalledeloscaidos.es\/portal\/#\/schema\/person\/36b3894dc4f1eb332b7fc369aed7eb58","name":"linares","image":{"@type":"ImageObject","@id":"https:\/\/www.elvalledeloscaidos.es\/portal\/#personlogo","inLanguage":"es","url":"https:\/\/secure.gravatar.com\/avatar\/0b6f3a427655ac169c9155e538724b76?s=96&d=mm&r=g","contentUrl":"https:\/\/secure.gravatar.com\/avatar\/0b6f3a427655ac169c9155e538724b76?s=96&d=mm&r=g","caption":"linares"},"url":"https:\/\/www.elvalledeloscaidos.es\/portal\/?author=1"}]}},"_links":{"self":[{"href":"https:\/\/www.elvalledeloscaidos.es\/portal\/index.php?rest_route=\/wp\/v2\/posts\/4073"}],"collection":[{"href":"https:\/\/www.elvalledeloscaidos.es\/portal\/index.php?rest_route=\/wp\/v2\/posts"}],"about":[{"href":"https:\/\/www.elvalledeloscaidos.es\/portal\/index.php?rest_route=\/wp\/v2\/types\/post"}],"author":[{"embeddable":true,"href":"https:\/\/www.elvalledeloscaidos.es\/portal\/index.php?rest_route=\/wp\/v2\/users\/1"}],"replies":[{"embeddable":true,"href":"https:\/\/www.elvalledeloscaidos.es\/portal\/index.php?rest_route=%2Fwp%2Fv2%2Fcomments&post=4073"}],"version-history":[{"count":3,"href":"https:\/\/www.elvalledeloscaidos.es\/portal\/index.php?rest_route=\/wp\/v2\/posts\/4073\/revisions"}],"predecessor-version":[{"id":4916,"href":"https:\/\/www.elvalledeloscaidos.es\/portal\/index.php?rest_route=\/wp\/v2\/posts\/4073\/revisions\/4916"}],"wp:attachment":[{"href":"https:\/\/www.elvalledeloscaidos.es\/portal\/index.php?rest_route=%2Fwp%2Fv2%2Fmedia&parent=4073"}],"wp:term":[{"taxonomy":"category","embeddable":true,"href":"https:\/\/www.elvalledeloscaidos.es\/portal\/index.php?rest_route=%2Fwp%2Fv2%2Fcategories&post=4073"},{"taxonomy":"post_tag","embeddable":true,"href":"https:\/\/www.elvalledeloscaidos.es\/portal\/index.php?rest_route=%2Fwp%2Fv2%2Ftags&post=4073"}],"curies":[{"name":"wp","href":"https:\/\/api.w.org\/{rel}","templated":true}]}}