{"id":409,"date":"2011-03-06T00:10:50","date_gmt":"2011-03-05T23:10:50","guid":{"rendered":"http:\/\/www.elvalledeloscaidos.es\/portal\/?p=409"},"modified":"2011-03-11T11:44:33","modified_gmt":"2011-03-11T10:44:33","slug":"4-meses-desde-la-primera-misa-de-campana","status":"publish","type":"post","link":"https:\/\/www.elvalledeloscaidos.es\/portal\/?p=409","title":{"rendered":"4 meses de la primera Misa de campa\u00f1a en el Valle de los Ca\u00eddos"},"content":{"rendered":"<p>El lunes 7 de marzo se cumplen 4 meses de la primera Misa de Campa\u00f1a, la de la puerta del Valle. Los que all\u00ed estuvimos tenemos la impresi\u00f3n de haber asistido a un hecho realmente relevante en la historia reciente\u00a0de Espa\u00f1a. En pleno siglo XXI, y coincidiendo con la visita del Papa a Espa\u00f1a, el gobierno cerr\u00f3 al culto una Basilica Pontificia como la del Valle de los Ca\u00eddos, mientr\u00e1s, paralelamente y en un acto de hiprocres\u00eda sin precedentes, las autoridades de este pa\u00eds acompa\u00f1aban al Sumo Pont\u00edfice en la consagraci\u00f3n de una nueva Basilica en Barcelona.<\/p>\n<p>La Misa del Valle, oficiada por el valiente monje Benedictino Fray Santiago Cantera supuso, sin ninguna duda, el detonante para lo que ocurri\u00f3 despu\u00e9s: una autentica marea de fieles acudiendo al Valle de los Ca\u00eddos en defensa de lo m\u00e1s fundamental de su libertad, la libertad de culto.<\/p>\n<p><!--more--><\/p>\n<p><iframe loading=\"lazy\" title=\"YouTube video player\" width=\"480\" height=\"390\" src=\"http:\/\/www.youtube.com\/embed\/Ojkp0BEZWss\" frameborder=\"0\" allowfullscreen><\/iframe><\/p>\n<p>Transcribimos aqu\u00ed la Homil\u00eda de Fray Santiago de aquel d\u00eda\u00a0agradeciendo, una vez m\u00e1s,\u00a0desde aqu\u00ed sus palabras\u00a0que tanto bien hicieron en la defensa del Valle de los Ca\u00eddos.<\/p>\n<p><img decoding=\"async\" loading=\"lazy\" class=\"size-full wp-image-411 alignleft\" title=\"santiago\" src=\"http:\/\/www.elvalledeloscaidos.es\/portal\/wp-content\/uploads\/2011\/03\/santiago.jpg\" alt=\"\" width=\"150\" height=\"215\" \/><\/p>\n<p><strong><span style=\"color: #003366;\"><em>Queridos hermanos en Cristo Jes\u00fas:<\/em><\/span><\/strong><\/p>\n<p><strong><span style=\"color: #003366;\"><em>Las lecturas de hoy resultan sugerentes sobre todo para dos aspectos de nuestra vida actual. Por un lado, nos encontramos en el mes de noviembre, dedicado a la intercesi\u00f3n por las almas de los difuntos: se abre con la solemnidad de Todos los Santos, que nos recuerda que todos estamos llamados a la santidad ante Dios y a la salvaci\u00f3n eterna; y al d\u00eda siguiente prosigue con la conmemoraci\u00f3n de los Fieles Difuntos, que instituy\u00f3 el abad cluniacense San Odil\u00f3n a inicios del siglo XI.<\/em><\/span><\/strong><\/p>\n<p><strong><span style=\"color: #003366;\"><em>Es precisamente en el segundo libro de los Macabeos donde se encuentran algunos de los textos en los que la Iglesia Cat\u00f3lica fundamenta la creencia en el Purgatorio o unas penas purgatorias, que es un dogma de fe definido por el II Concilio de Lyon en 1274. Para pasar a contemplar la belleza infinita de Dios, las almas deben estar limpias de toda mancha dejada por sus pecados. Nosotros podemos ofrecer nuestras oraciones, penitencias, limosnas y sobre todo el Santo Sacrificio de la Misa para que las almas que se encuentran en ese estado puedan pasar a disfrutar de Dios.<\/em><\/span><\/strong><\/p>\n<p><strong><span style=\"color: #003366;\"><em>En el texto que hoy se ha le\u00eddo, contemplamos la firme esperanza de los hermanos Macabeos en el premio eterno por su muerte martirial en defensa de la fe. \u201cDios quiere que todos los hombres se salven\u201d, dice San Pablo. Y Jes\u00fas nos habla de la inmortalidad, pues Dios \u201cno es Dios de muertos, sino de vivos, porque para \u00c9l todos est\u00e1n vivos\u201d. Dios desea que todos podamos llegar a gozar de la visi\u00f3n de \u00c9l en el Cielo. La secta de los saduceos, que trataron de poner a prueba a Jes\u00fas, tuvo su origen precisamente en la \u00e9poca de los Macabeos: fueron los jud\u00edos helenizantes que colaboraron con las autoridades imp\u00edas y aceptaron elementos provenientes del paganismo y del racionalismo. Ser\u00edan unos de los responsables en llevar a Jes\u00fas al Calvario. Aqu\u00ed entra la segunda consideraci\u00f3n.<\/em><\/span><\/strong><\/p>\n<p><strong><span style=\"color: #003366;\"><em>Los Macabeos son un ejemplo de martirio en tiempos de persecuci\u00f3n religiosa. No ten\u00edan miedo a la muerte, porque cre\u00edan en el premio eterno. Jesucristo ha culminado lo que ellos anticiparon y se ha convertido en el Gran M\u00e1rtir de la verdad y del amor de Dios, la V\u00edctima que se ha ofrecido al Padre para redimirnos del pecado y abrirnos las puertas del Cielo. Por eso todos los m\u00e1rtires han dado desde entonces su vida por \u00c9l y con \u00c9l.<\/em><\/span><\/strong><\/p>\n<p><strong><span style=\"color: #003366;\"><em>Hoy vivimos tiempos dif\u00edciles para la fe en Espa\u00f1a y el testimonio de los m\u00e1rtires debe servirnos de est\u00edmulo frente a la adversidad. Ayer mismo celebr\u00e1bamos la memoria de los m\u00e1rtires espa\u00f1oles del siglo XX. En el avi\u00f3n de venida, el Santo Padre Benedicto XVI dijo ayer que Espa\u00f1a est\u00e1 sufriendo una ofensiva laicista muy semejante a la de los a\u00f1os 30. Vosotros mismos lo pod\u00e9is contemplar hoy en esta celebraci\u00f3n, que a m\u00ed me recuerda a las misas del Beato m\u00e1rtir Jerzy Popieluszko en la Polonia de los a\u00f1os 80.<\/em><\/span><\/strong><\/p>\n<p><strong><span style=\"color: #003366;\"><em>Por ello, debemos mirar el valor de los m\u00e1rtires para llenarnos nosotros mismos de valor. Traigamos a la memoria los cerca de 50 cat\u00f3licos asesinados esta semana en Irak por elementos islamistas. Ojal\u00e1 los cat\u00f3licos espa\u00f1oles seamos capaces de decir con convicci\u00f3n lo que ha dicho el cardenal arzobispo de Bagdad: \u201cNo tememos la muerte\u201d.<\/em><\/span><\/strong><\/p>\n<p><strong><span style=\"color: #003366;\"><em>Es preferible una Iglesia m\u00e1rtir \u2212y recordemos que la palabra m\u00e1rtir significa \u201ctestigo\u201d\u2212 que una Iglesia connivente con el mal por temor a perder un bienestar temporal. A medio y largo plazo, la Iglesia que realmente pervivir\u00e1 ser\u00e1 la primera. Hoy no honramos a ciertos eclesi\u00e1sticos que en los a\u00f1os de la persecuci\u00f3n en M\u00e9xico pactaron los denominados \u201carreglos\u201d con el gobierno mas\u00f3nico, sino que veneramos como santos y beatos a los m\u00e1rtires cristeros, procedentes sobre todo del pueblo sencillo.<\/em><\/span><\/strong><\/p>\n<p><strong><span style=\"color: #003366;\"><em>No tengamos miedo a defender la verdad de Cristo. San Juan Cris\u00f3stomo fue desterrado dos veces por denunciar p\u00fablicamente la corrupci\u00f3n de la corte de Constantinopla, pero ante la persecuci\u00f3n afirmaba: \u201cDecidme, \u00bfqu\u00e9 podemos temer? \u00bfLa muerte? \u2018Para m\u00ed la vida es Cristo y una ganancia el morir\u2019. \u00bfEl destierro? Del Se\u00f1or es la tierra y cuanto la llena\u2019. \u00bfLa confiscaci\u00f3n de los bienes? \u2018Sin nada vinimos al mundo y sin nada nos iremos de \u00e9l\u2019. Yo me r\u00edo de todo lo que es temible en este mundo y de sus bienes. No temo la muerte ni envidio las riquezas. Yo leo esta palabra escrita que llevo conmigo: [\u2026] \u2018Yo estoy con vosotros todos los d\u00edas, hasta el fin del mundo\u2019\u201d.<\/em><\/span><\/strong><\/p>\n<p><strong><span style=\"color: #003366;\"><em>Evitemos el odio que pueda surgir en nuestro coraz\u00f3n hacia quienes persiguen la fe. Oremos por ellos y que el amor de Cristo venza el muro del odio. Pero, sin dejar de amarles, sepamos tambi\u00e9n mostrar nuestra firmeza, porque el Se\u00f1or est\u00e1 con nosotros y tenemos que defender su heredad, de la que forman parte las iglesias y los lugares de culto. Que podamos decir con convencimiento las mismas palabras que el abad benedictino Santo Domingo de Silos dijera a un rey de Navarra en el siglo XI: \u201cLa vida pod\u00e9is quitarme, pero no m\u00e1s\u201d.<\/em><\/span><\/strong><\/p>\n<p><strong><span style=\"color: #003366;\"><em>Quiero terminar extractando algunos preciosos versos de una canci\u00f3n que entonaban los cristeros mexicanos y que revelan el valor y el anhelo de eternidad que debemos tener. Dicen as\u00ed: \u201cEl martes me fusilan \/ a las seis de la ma\u00f1ana \/ por creer en Dios eterno \/ y en la Gran Guadalupana. [\u2026] Matar\u00e1n mi cuerpo, pero nunca mi alma. \/ Yo les digo a mis verdugos \/ que quiero me crucifiquen, \/ y una vez crucificado \/ entonces usen sus rifles. [\u2026] No tengo m\u00e1s Dios que Cristo, \/ porque me dio la existencia. \/ Con matarme no se acaba \/ la creencia en Dios eterno: \/ muchos quedan en la lucha \/ y otros que vienen naciendo. [\u2026] \u00a1Viva Cristo Rey! \u201d<\/em><\/span><\/strong><\/p>\n<p><strong><span style=\"color: #003366;\"><em>Que la Sant\u00edsima Virgen nos alcance del Esp\u00edritu Santo el don de fortaleza y haga que la visita del Santo Padre traiga sobre nuestra querida y atribulada Espa\u00f1a frutos copiosos de una fe recia y de un esp\u00edritu ardiente.<\/em><\/span><\/strong><br \/>\n<strong><span style=\"color: #003366;\"><em>\u00a0<\/em><\/span><\/strong><\/p>\n<p><center><strong><span style=\"color: #003366;\"><em><img decoding=\"async\" loading=\"lazy\" class=\"aligncenter size-full wp-image-425\" title=\"santiago2\" src=\"http:\/\/www.elvalledeloscaidos.es\/portal\/wp-content\/uploads\/2011\/03\/santiago2.jpg\" alt=\"\" width=\"480\" height=\"304\" srcset=\"https:\/\/www.elvalledeloscaidos.es\/portal\/wp-content\/uploads\/2011\/03\/santiago2.jpg 480w, https:\/\/www.elvalledeloscaidos.es\/portal\/wp-content\/uploads\/2011\/03\/santiago2-300x190.jpg 300w\" sizes=\"(max-width: 480px) 100vw, 480px\" \/><\/em><\/span><\/strong><\/center><\/p>\n","protected":false},"excerpt":{"rendered":"<p>El lunes 7 de marzo se cumplen 4 meses de la primera Misa de Campa\u00f1a, la de la puerta del Valle. Los que all\u00ed estuvimos tenemos la impresi\u00f3n de haber asistido a un hecho realmente relevante en la historia reciente\u00a0de Espa\u00f1a. En pleno siglo XXI, y coincidiendo con la visita [&hellip;]<\/p>\n","protected":false},"author":1,"featured_media":0,"comment_status":"open","ping_status":"open","sticky":false,"template":"","format":"standard","meta":[],"categories":[1],"tags":[],"yoast_head":"<!-- This site is optimized with the Yoast SEO plugin v18.6 - https:\/\/yoast.com\/wordpress\/plugins\/seo\/ -->\n<title>4 meses de la primera Misa de campa\u00f1a en el Valle de los Ca\u00eddos - ADVC<\/title>\n<meta name=\"robots\" content=\"index, follow, max-snippet:-1, max-image-preview:large, max-video-preview:-1\" \/>\n<link rel=\"canonical\" href=\"https:\/\/www.elvalledeloscaidos.es\/portal\/?p=409\" \/>\n<meta property=\"og:locale\" content=\"es_ES\" \/>\n<meta property=\"og:type\" content=\"article\" \/>\n<meta property=\"og:title\" content=\"4 meses de la primera Misa de campa\u00f1a en el Valle de los Ca\u00eddos - ADVC\" \/>\n<meta property=\"og:description\" content=\"El lunes 7 de marzo se cumplen 4 meses de la primera Misa de Campa\u00f1a, la de la puerta del Valle. Los que all\u00ed estuvimos tenemos la impresi\u00f3n de haber asistido a un hecho realmente relevante en la historia reciente\u00a0de Espa\u00f1a. En pleno siglo XXI, y coincidiendo con la visita [&hellip;]\" \/>\n<meta property=\"og:url\" content=\"https:\/\/www.elvalledeloscaidos.es\/portal\/?p=409\" \/>\n<meta property=\"og:site_name\" content=\"ADVC\" \/>\n<meta property=\"article:published_time\" content=\"2011-03-05T23:10:50+00:00\" \/>\n<meta property=\"article:modified_time\" content=\"2011-03-11T10:44:33+00:00\" \/>\n<meta property=\"og:image\" content=\"http:\/\/www.elvalledeloscaidos.es\/portal\/wp-content\/uploads\/2011\/03\/santiago.jpg\" \/>\n<meta name=\"twitter:card\" content=\"summary_large_image\" \/>\n<meta name=\"twitter:label1\" content=\"Escrito por\" \/>\n\t<meta name=\"twitter:data1\" content=\"linares\" \/>\n\t<meta name=\"twitter:label2\" content=\"Tiempo de lectura\" \/>\n\t<meta name=\"twitter:data2\" content=\"6 minutos\" \/>\n<script type=\"application\/ld+json\" class=\"yoast-schema-graph\">{\"@context\":\"https:\/\/schema.org\",\"@graph\":[{\"@type\":\"WebSite\",\"@id\":\"https:\/\/www.elvalledeloscaidos.es\/portal\/#website\",\"url\":\"https:\/\/www.elvalledeloscaidos.es\/portal\/\",\"name\":\"ADVC\",\"description\":\"Asociaci\u00f3n Para la Defensa del Valle de los Ca\u00eddos\",\"potentialAction\":[{\"@type\":\"SearchAction\",\"target\":{\"@type\":\"EntryPoint\",\"urlTemplate\":\"https:\/\/www.elvalledeloscaidos.es\/portal\/?s={search_term_string}\"},\"query-input\":\"required name=search_term_string\"}],\"inLanguage\":\"es\"},{\"@type\":\"ImageObject\",\"@id\":\"https:\/\/www.elvalledeloscaidos.es\/portal\/?p=409#primaryimage\",\"inLanguage\":\"es\",\"url\":\"http:\/\/www.elvalledeloscaidos.es\/portal\/wp-content\/uploads\/2011\/03\/santiago.jpg\",\"contentUrl\":\"http:\/\/www.elvalledeloscaidos.es\/portal\/wp-content\/uploads\/2011\/03\/santiago.jpg\"},{\"@type\":\"WebPage\",\"@id\":\"https:\/\/www.elvalledeloscaidos.es\/portal\/?p=409#webpage\",\"url\":\"https:\/\/www.elvalledeloscaidos.es\/portal\/?p=409\",\"name\":\"4 meses de la primera Misa de campa\u00f1a en el Valle de los Ca\u00eddos - ADVC\",\"isPartOf\":{\"@id\":\"https:\/\/www.elvalledeloscaidos.es\/portal\/#website\"},\"primaryImageOfPage\":{\"@id\":\"https:\/\/www.elvalledeloscaidos.es\/portal\/?p=409#primaryimage\"},\"datePublished\":\"2011-03-05T23:10:50+00:00\",\"dateModified\":\"2011-03-11T10:44:33+00:00\",\"author\":{\"@id\":\"https:\/\/www.elvalledeloscaidos.es\/portal\/#\/schema\/person\/36b3894dc4f1eb332b7fc369aed7eb58\"},\"breadcrumb\":{\"@id\":\"https:\/\/www.elvalledeloscaidos.es\/portal\/?p=409#breadcrumb\"},\"inLanguage\":\"es\",\"potentialAction\":[{\"@type\":\"ReadAction\",\"target\":[\"https:\/\/www.elvalledeloscaidos.es\/portal\/?p=409\"]}]},{\"@type\":\"BreadcrumbList\",\"@id\":\"https:\/\/www.elvalledeloscaidos.es\/portal\/?p=409#breadcrumb\",\"itemListElement\":[{\"@type\":\"ListItem\",\"position\":1,\"name\":\"Portada\",\"item\":\"https:\/\/www.elvalledeloscaidos.es\/portal\"},{\"@type\":\"ListItem\",\"position\":2,\"name\":\"4 meses de la primera Misa de campa\u00f1a en el Valle de los Ca\u00eddos\"}]},{\"@type\":\"Person\",\"@id\":\"https:\/\/www.elvalledeloscaidos.es\/portal\/#\/schema\/person\/36b3894dc4f1eb332b7fc369aed7eb58\",\"name\":\"linares\",\"image\":{\"@type\":\"ImageObject\",\"@id\":\"https:\/\/www.elvalledeloscaidos.es\/portal\/#personlogo\",\"inLanguage\":\"es\",\"url\":\"https:\/\/secure.gravatar.com\/avatar\/0b6f3a427655ac169c9155e538724b76?s=96&d=mm&r=g\",\"contentUrl\":\"https:\/\/secure.gravatar.com\/avatar\/0b6f3a427655ac169c9155e538724b76?s=96&d=mm&r=g\",\"caption\":\"linares\"},\"url\":\"https:\/\/www.elvalledeloscaidos.es\/portal\/?author=1\"}]}<\/script>\n<!-- \/ Yoast SEO plugin. -->","yoast_head_json":{"title":"4 meses de la primera Misa de campa\u00f1a en el Valle de los Ca\u00eddos - ADVC","robots":{"index":"index","follow":"follow","max-snippet":"max-snippet:-1","max-image-preview":"max-image-preview:large","max-video-preview":"max-video-preview:-1"},"canonical":"https:\/\/www.elvalledeloscaidos.es\/portal\/?p=409","og_locale":"es_ES","og_type":"article","og_title":"4 meses de la primera Misa de campa\u00f1a en el Valle de los Ca\u00eddos - ADVC","og_description":"El lunes 7 de marzo se cumplen 4 meses de la primera Misa de Campa\u00f1a, la de la puerta del Valle. Los que all\u00ed estuvimos tenemos la impresi\u00f3n de haber asistido a un hecho realmente relevante en la historia reciente\u00a0de Espa\u00f1a. En pleno siglo XXI, y coincidiendo con la visita [&hellip;]","og_url":"https:\/\/www.elvalledeloscaidos.es\/portal\/?p=409","og_site_name":"ADVC","article_published_time":"2011-03-05T23:10:50+00:00","article_modified_time":"2011-03-11T10:44:33+00:00","og_image":[{"url":"http:\/\/www.elvalledeloscaidos.es\/portal\/wp-content\/uploads\/2011\/03\/santiago.jpg"}],"twitter_card":"summary_large_image","twitter_misc":{"Escrito por":"linares","Tiempo de lectura":"6 minutos"},"schema":{"@context":"https:\/\/schema.org","@graph":[{"@type":"WebSite","@id":"https:\/\/www.elvalledeloscaidos.es\/portal\/#website","url":"https:\/\/www.elvalledeloscaidos.es\/portal\/","name":"ADVC","description":"Asociaci\u00f3n Para la Defensa del Valle de los Ca\u00eddos","potentialAction":[{"@type":"SearchAction","target":{"@type":"EntryPoint","urlTemplate":"https:\/\/www.elvalledeloscaidos.es\/portal\/?s={search_term_string}"},"query-input":"required name=search_term_string"}],"inLanguage":"es"},{"@type":"ImageObject","@id":"https:\/\/www.elvalledeloscaidos.es\/portal\/?p=409#primaryimage","inLanguage":"es","url":"http:\/\/www.elvalledeloscaidos.es\/portal\/wp-content\/uploads\/2011\/03\/santiago.jpg","contentUrl":"http:\/\/www.elvalledeloscaidos.es\/portal\/wp-content\/uploads\/2011\/03\/santiago.jpg"},{"@type":"WebPage","@id":"https:\/\/www.elvalledeloscaidos.es\/portal\/?p=409#webpage","url":"https:\/\/www.elvalledeloscaidos.es\/portal\/?p=409","name":"4 meses de la primera Misa de campa\u00f1a en el Valle de los Ca\u00eddos - ADVC","isPartOf":{"@id":"https:\/\/www.elvalledeloscaidos.es\/portal\/#website"},"primaryImageOfPage":{"@id":"https:\/\/www.elvalledeloscaidos.es\/portal\/?p=409#primaryimage"},"datePublished":"2011-03-05T23:10:50+00:00","dateModified":"2011-03-11T10:44:33+00:00","author":{"@id":"https:\/\/www.elvalledeloscaidos.es\/portal\/#\/schema\/person\/36b3894dc4f1eb332b7fc369aed7eb58"},"breadcrumb":{"@id":"https:\/\/www.elvalledeloscaidos.es\/portal\/?p=409#breadcrumb"},"inLanguage":"es","potentialAction":[{"@type":"ReadAction","target":["https:\/\/www.elvalledeloscaidos.es\/portal\/?p=409"]}]},{"@type":"BreadcrumbList","@id":"https:\/\/www.elvalledeloscaidos.es\/portal\/?p=409#breadcrumb","itemListElement":[{"@type":"ListItem","position":1,"name":"Portada","item":"https:\/\/www.elvalledeloscaidos.es\/portal"},{"@type":"ListItem","position":2,"name":"4 meses de la primera Misa de campa\u00f1a en el Valle de los Ca\u00eddos"}]},{"@type":"Person","@id":"https:\/\/www.elvalledeloscaidos.es\/portal\/#\/schema\/person\/36b3894dc4f1eb332b7fc369aed7eb58","name":"linares","image":{"@type":"ImageObject","@id":"https:\/\/www.elvalledeloscaidos.es\/portal\/#personlogo","inLanguage":"es","url":"https:\/\/secure.gravatar.com\/avatar\/0b6f3a427655ac169c9155e538724b76?s=96&d=mm&r=g","contentUrl":"https:\/\/secure.gravatar.com\/avatar\/0b6f3a427655ac169c9155e538724b76?s=96&d=mm&r=g","caption":"linares"},"url":"https:\/\/www.elvalledeloscaidos.es\/portal\/?author=1"}]}},"_links":{"self":[{"href":"https:\/\/www.elvalledeloscaidos.es\/portal\/index.php?rest_route=\/wp\/v2\/posts\/409"}],"collection":[{"href":"https:\/\/www.elvalledeloscaidos.es\/portal\/index.php?rest_route=\/wp\/v2\/posts"}],"about":[{"href":"https:\/\/www.elvalledeloscaidos.es\/portal\/index.php?rest_route=\/wp\/v2\/types\/post"}],"author":[{"embeddable":true,"href":"https:\/\/www.elvalledeloscaidos.es\/portal\/index.php?rest_route=\/wp\/v2\/users\/1"}],"replies":[{"embeddable":true,"href":"https:\/\/www.elvalledeloscaidos.es\/portal\/index.php?rest_route=%2Fwp%2Fv2%2Fcomments&post=409"}],"version-history":[{"count":17,"href":"https:\/\/www.elvalledeloscaidos.es\/portal\/index.php?rest_route=\/wp\/v2\/posts\/409\/revisions"}],"predecessor-version":[{"id":481,"href":"https:\/\/www.elvalledeloscaidos.es\/portal\/index.php?rest_route=\/wp\/v2\/posts\/409\/revisions\/481"}],"wp:attachment":[{"href":"https:\/\/www.elvalledeloscaidos.es\/portal\/index.php?rest_route=%2Fwp%2Fv2%2Fmedia&parent=409"}],"wp:term":[{"taxonomy":"category","embeddable":true,"href":"https:\/\/www.elvalledeloscaidos.es\/portal\/index.php?rest_route=%2Fwp%2Fv2%2Fcategories&post=409"},{"taxonomy":"post_tag","embeddable":true,"href":"https:\/\/www.elvalledeloscaidos.es\/portal\/index.php?rest_route=%2Fwp%2Fv2%2Ftags&post=409"}],"curies":[{"name":"wp","href":"https:\/\/api.w.org\/{rel}","templated":true}]}}