{"id":4128,"date":"2014-02-20T13:35:53","date_gmt":"2014-02-20T12:35:53","guid":{"rendered":"http:\/\/www.elvalledeloscaidos.es\/portal\/?p=4128"},"modified":"2015-02-27T17:04:28","modified_gmt":"2015-02-27T16:04:28","slug":"a-vueltas-con-los-restos-del-valle-de-los-caidos","status":"publish","type":"post","link":"https:\/\/www.elvalledeloscaidos.es\/portal\/?p=4128","title":{"rendered":"A vueltas con los restos del Valle de los Ca\u00eddos."},"content":{"rendered":"<p>Fuente: <a href=\"http:\/\/gaceta.es\/noticias\/vueltas-los-restos-valle-los-caidos\" target=\"_blank\">La Gaceta<\/a><\/p>\n<p>Cuando parec\u00eda que el informe realizado en 2011 por el ministerio de Justicia, durante el mandato del socialista Francisco Caama\u00f1o Dom\u00ednguez, zanjaba la cuesti\u00f3n de las exhumaciones de los restos que contienen los columbarios del Valle de los Ca\u00eddos, la Agrupaci\u00f3n de Familiares pro Exhumaci\u00f3n de Republicanos del Valle (AFPERV) vuelve a intentar reactivar la pol\u00e9mica.<\/p>\n<p><!--more--><\/p>\n<p>El informe, al que ha tenido acceso GACETA.ES, firmado por el prestigioso forense Andr\u00e9s Bedate, establec\u00eda claramente que en el conjunto monumental de Cuelgamuros hay ocho columbarios. De ellos siete est\u00e1n ocupados por los 33.847 cuerpos all\u00ed depositados de entre los fallecidos en los dos bandos de la Guerra Civil, y uno est\u00e1 sin uso. Seis presentan una \u201ccomplejidad extrema\u201d en la para la individualizaci\u00f3n de los cad\u00e1veres y uno una \u201ccomplejidad alta\u201d.<\/p>\n<p>Por eso, el informe desaconseja la intervenci\u00f3n solicitada por AFPERV, en base a datos objetivos como: \u201cElevado riesgo t\u00e9cnico para la extracci\u00f3n de los columbarios. Estudio antropol\u00f3gico complejo por elevado n\u00famero de individuos\u201d.<\/p>\n<p style=\"text-align: center;\"><img decoding=\"async\" loading=\"lazy\" class=\"aligncenter  wp-image-4129\" style=\"border: 1px solid black;\" src=\"http:\/\/www.elvalledeloscaidos.es\/portal\/wp-content\/uploads\/2014\/02\/COLUMBARIOS2.jpg\" alt=\"COLUMBARIOS2\" width=\"500\" height=\"315\" srcset=\"https:\/\/www.elvalledeloscaidos.es\/portal\/wp-content\/uploads\/2014\/02\/COLUMBARIOS2.jpg 500w, https:\/\/www.elvalledeloscaidos.es\/portal\/wp-content\/uploads\/2014\/02\/COLUMBARIOS2-300x189.jpg 300w\" sizes=\"(max-width: 500px) 100vw, 500px\" \/><\/p>\n<pre style=\"text-align: center;\"><span style=\"color: #800000;\">Operarios del Valle introducen las cajas con los restos \u00f3seos en los osarios, mientras se protocoliza la entrada de los mismos en los libros de registro.<\/span><\/pre>\n<p>El mismo Alfredo P\u00e9rez Rubalcaba, vicepresidente primero del Gobierno en aquellas fechas y hoy l\u00edder en la oposici\u00f3n del PSOE, descart\u00f3 ante los diputados socialistas que pudieran sacarse los cuerpos. Calificaba de \u201cpr\u00e1cticamente imposible\u201d la identificaci\u00f3n de los restos. El tambi\u00e9n ministro socialista, Ram\u00f3n Ja\u00faregui, que ocupaba el ministerio de Presidencia, fue el encargado de trasmitir a las asociaciones afectadas las conclusiones del informe. Pese a estos antecedentes, AFPERV -que cuenta con once miembros seg\u00fan ha podido saber este diario- ha seguido manteniendo reivindicaciones e intentando desautorizar el informe del forense Bedate. Su insistencia ha parecido tener eco en el actual ministerio de Presidencia, cuya titular es la tambi\u00e9n portavoz del Gobierno Soraya S\u00e1enz de Santamar\u00eda, del que depende Patrimonio Nacional, organismo responsable de la Bas\u00edlica de la Santa Cruz del Valle de los Ca\u00eddos.<\/p>\n<p>Fuentes de este organismo, seg\u00fan ha podido saber GACETA.ES, habr\u00edan empezado a trabajar en la l\u00ednea de que se retomasen los estudios para intentar individualizar los restos de los fallecidos enterrados en los columbarios. La justificaci\u00f3n no ser\u00eda otra que la de intentar zanjar la pol\u00e9mica promovida por los sectores m\u00e1s radicales de la sociedad espa\u00f1ola, con la concesi\u00f3n de esta exigencia. Sin embargo, en la pr\u00e1ctica de las diferentes asociaciones que reivindican la Memoria Hist\u00f3rica en la l\u00ednea en que fue ideada por el anterior Ejecutivo, solamente ser\u00eda un paso hacia la demanda de nuevas exigencias.<\/p>\n<p>Fuente: <a href=\"http:\/\/gaceta.es\/noticias\/vueltas-los-restos-valle-los-caidos\" target=\"_blank\">La Gaceta<\/a><\/p>\n<p>&nbsp;<\/p>\n","protected":false},"excerpt":{"rendered":"<p>Fuente: La Gaceta Cuando parec\u00eda que el informe realizado en 2011 por el ministerio de Justicia, durante el mandato del socialista Francisco Caama\u00f1o Dom\u00ednguez, zanjaba la cuesti\u00f3n de las exhumaciones de los restos que contienen los columbarios del Valle de los Ca\u00eddos, la Agrupaci\u00f3n de Familiares pro Exhumaci\u00f3n de Republicanos [&hellip;]<\/p>\n","protected":false},"author":1,"featured_media":0,"comment_status":"open","ping_status":"open","sticky":false,"template":"","format":"standard","meta":[],"categories":[4],"tags":[],"yoast_head":"<!-- This site is optimized with the Yoast SEO plugin v18.6 - https:\/\/yoast.com\/wordpress\/plugins\/seo\/ -->\n<title>A vueltas con los restos del Valle de los Ca\u00eddos. - ADVC<\/title>\n<meta name=\"robots\" content=\"index, follow, max-snippet:-1, max-image-preview:large, max-video-preview:-1\" \/>\n<link rel=\"canonical\" href=\"https:\/\/www.elvalledeloscaidos.es\/portal\/?p=4128\" \/>\n<meta property=\"og:locale\" content=\"es_ES\" \/>\n<meta property=\"og:type\" content=\"article\" \/>\n<meta property=\"og:title\" content=\"A vueltas con los restos del Valle de los Ca\u00eddos. - ADVC\" \/>\n<meta property=\"og:description\" content=\"Fuente: La Gaceta Cuando parec\u00eda que el informe realizado en 2011 por el ministerio de Justicia, durante el mandato del socialista Francisco Caama\u00f1o Dom\u00ednguez, zanjaba la cuesti\u00f3n de las exhumaciones de los restos que contienen los columbarios del Valle de los Ca\u00eddos, la Agrupaci\u00f3n de Familiares pro Exhumaci\u00f3n de Republicanos [&hellip;]\" \/>\n<meta property=\"og:url\" content=\"https:\/\/www.elvalledeloscaidos.es\/portal\/?p=4128\" \/>\n<meta property=\"og:site_name\" content=\"ADVC\" \/>\n<meta property=\"article:published_time\" content=\"2014-02-20T12:35:53+00:00\" \/>\n<meta property=\"article:modified_time\" content=\"2015-02-27T16:04:28+00:00\" \/>\n<meta property=\"og:image\" content=\"http:\/\/www.elvalledeloscaidos.es\/portal\/wp-content\/uploads\/2014\/02\/COLUMBARIOS2.jpg\" \/>\n<meta name=\"twitter:card\" content=\"summary_large_image\" \/>\n<meta name=\"twitter:label1\" content=\"Escrito por\" \/>\n\t<meta name=\"twitter:data1\" content=\"linares\" \/>\n\t<meta name=\"twitter:label2\" content=\"Tiempo de lectura\" \/>\n\t<meta name=\"twitter:data2\" content=\"2 minutos\" \/>\n<script type=\"application\/ld+json\" class=\"yoast-schema-graph\">{\"@context\":\"https:\/\/schema.org\",\"@graph\":[{\"@type\":\"WebSite\",\"@id\":\"https:\/\/www.elvalledeloscaidos.es\/portal\/#website\",\"url\":\"https:\/\/www.elvalledeloscaidos.es\/portal\/\",\"name\":\"ADVC\",\"description\":\"Asociaci\u00f3n Para la Defensa del Valle de los Ca\u00eddos\",\"potentialAction\":[{\"@type\":\"SearchAction\",\"target\":{\"@type\":\"EntryPoint\",\"urlTemplate\":\"https:\/\/www.elvalledeloscaidos.es\/portal\/?s={search_term_string}\"},\"query-input\":\"required name=search_term_string\"}],\"inLanguage\":\"es\"},{\"@type\":\"ImageObject\",\"@id\":\"https:\/\/www.elvalledeloscaidos.es\/portal\/?p=4128#primaryimage\",\"inLanguage\":\"es\",\"url\":\"http:\/\/www.elvalledeloscaidos.es\/portal\/wp-content\/uploads\/2014\/02\/COLUMBARIOS2.jpg\",\"contentUrl\":\"http:\/\/www.elvalledeloscaidos.es\/portal\/wp-content\/uploads\/2014\/02\/COLUMBARIOS2.jpg\"},{\"@type\":\"WebPage\",\"@id\":\"https:\/\/www.elvalledeloscaidos.es\/portal\/?p=4128#webpage\",\"url\":\"https:\/\/www.elvalledeloscaidos.es\/portal\/?p=4128\",\"name\":\"A vueltas con los restos del Valle de los Ca\u00eddos. - ADVC\",\"isPartOf\":{\"@id\":\"https:\/\/www.elvalledeloscaidos.es\/portal\/#website\"},\"primaryImageOfPage\":{\"@id\":\"https:\/\/www.elvalledeloscaidos.es\/portal\/?p=4128#primaryimage\"},\"datePublished\":\"2014-02-20T12:35:53+00:00\",\"dateModified\":\"2015-02-27T16:04:28+00:00\",\"author\":{\"@id\":\"https:\/\/www.elvalledeloscaidos.es\/portal\/#\/schema\/person\/36b3894dc4f1eb332b7fc369aed7eb58\"},\"breadcrumb\":{\"@id\":\"https:\/\/www.elvalledeloscaidos.es\/portal\/?p=4128#breadcrumb\"},\"inLanguage\":\"es\",\"potentialAction\":[{\"@type\":\"ReadAction\",\"target\":[\"https:\/\/www.elvalledeloscaidos.es\/portal\/?p=4128\"]}]},{\"@type\":\"BreadcrumbList\",\"@id\":\"https:\/\/www.elvalledeloscaidos.es\/portal\/?p=4128#breadcrumb\",\"itemListElement\":[{\"@type\":\"ListItem\",\"position\":1,\"name\":\"Portada\",\"item\":\"https:\/\/www.elvalledeloscaidos.es\/portal\"},{\"@type\":\"ListItem\",\"position\":2,\"name\":\"A vueltas con los restos del Valle de los Ca\u00eddos.\"}]},{\"@type\":\"Person\",\"@id\":\"https:\/\/www.elvalledeloscaidos.es\/portal\/#\/schema\/person\/36b3894dc4f1eb332b7fc369aed7eb58\",\"name\":\"linares\",\"image\":{\"@type\":\"ImageObject\",\"@id\":\"https:\/\/www.elvalledeloscaidos.es\/portal\/#personlogo\",\"inLanguage\":\"es\",\"url\":\"https:\/\/secure.gravatar.com\/avatar\/0b6f3a427655ac169c9155e538724b76?s=96&d=mm&r=g\",\"contentUrl\":\"https:\/\/secure.gravatar.com\/avatar\/0b6f3a427655ac169c9155e538724b76?s=96&d=mm&r=g\",\"caption\":\"linares\"},\"url\":\"https:\/\/www.elvalledeloscaidos.es\/portal\/?author=1\"}]}<\/script>\n<!-- \/ Yoast SEO plugin. -->","yoast_head_json":{"title":"A vueltas con los restos del Valle de los Ca\u00eddos. - ADVC","robots":{"index":"index","follow":"follow","max-snippet":"max-snippet:-1","max-image-preview":"max-image-preview:large","max-video-preview":"max-video-preview:-1"},"canonical":"https:\/\/www.elvalledeloscaidos.es\/portal\/?p=4128","og_locale":"es_ES","og_type":"article","og_title":"A vueltas con los restos del Valle de los Ca\u00eddos. - ADVC","og_description":"Fuente: La Gaceta Cuando parec\u00eda que el informe realizado en 2011 por el ministerio de Justicia, durante el mandato del socialista Francisco Caama\u00f1o Dom\u00ednguez, zanjaba la cuesti\u00f3n de las exhumaciones de los restos que contienen los columbarios del Valle de los Ca\u00eddos, la Agrupaci\u00f3n de Familiares pro Exhumaci\u00f3n de Republicanos [&hellip;]","og_url":"https:\/\/www.elvalledeloscaidos.es\/portal\/?p=4128","og_site_name":"ADVC","article_published_time":"2014-02-20T12:35:53+00:00","article_modified_time":"2015-02-27T16:04:28+00:00","og_image":[{"url":"http:\/\/www.elvalledeloscaidos.es\/portal\/wp-content\/uploads\/2014\/02\/COLUMBARIOS2.jpg"}],"twitter_card":"summary_large_image","twitter_misc":{"Escrito por":"linares","Tiempo de lectura":"2 minutos"},"schema":{"@context":"https:\/\/schema.org","@graph":[{"@type":"WebSite","@id":"https:\/\/www.elvalledeloscaidos.es\/portal\/#website","url":"https:\/\/www.elvalledeloscaidos.es\/portal\/","name":"ADVC","description":"Asociaci\u00f3n Para la Defensa del Valle de los Ca\u00eddos","potentialAction":[{"@type":"SearchAction","target":{"@type":"EntryPoint","urlTemplate":"https:\/\/www.elvalledeloscaidos.es\/portal\/?s={search_term_string}"},"query-input":"required name=search_term_string"}],"inLanguage":"es"},{"@type":"ImageObject","@id":"https:\/\/www.elvalledeloscaidos.es\/portal\/?p=4128#primaryimage","inLanguage":"es","url":"http:\/\/www.elvalledeloscaidos.es\/portal\/wp-content\/uploads\/2014\/02\/COLUMBARIOS2.jpg","contentUrl":"http:\/\/www.elvalledeloscaidos.es\/portal\/wp-content\/uploads\/2014\/02\/COLUMBARIOS2.jpg"},{"@type":"WebPage","@id":"https:\/\/www.elvalledeloscaidos.es\/portal\/?p=4128#webpage","url":"https:\/\/www.elvalledeloscaidos.es\/portal\/?p=4128","name":"A vueltas con los restos del Valle de los Ca\u00eddos. - ADVC","isPartOf":{"@id":"https:\/\/www.elvalledeloscaidos.es\/portal\/#website"},"primaryImageOfPage":{"@id":"https:\/\/www.elvalledeloscaidos.es\/portal\/?p=4128#primaryimage"},"datePublished":"2014-02-20T12:35:53+00:00","dateModified":"2015-02-27T16:04:28+00:00","author":{"@id":"https:\/\/www.elvalledeloscaidos.es\/portal\/#\/schema\/person\/36b3894dc4f1eb332b7fc369aed7eb58"},"breadcrumb":{"@id":"https:\/\/www.elvalledeloscaidos.es\/portal\/?p=4128#breadcrumb"},"inLanguage":"es","potentialAction":[{"@type":"ReadAction","target":["https:\/\/www.elvalledeloscaidos.es\/portal\/?p=4128"]}]},{"@type":"BreadcrumbList","@id":"https:\/\/www.elvalledeloscaidos.es\/portal\/?p=4128#breadcrumb","itemListElement":[{"@type":"ListItem","position":1,"name":"Portada","item":"https:\/\/www.elvalledeloscaidos.es\/portal"},{"@type":"ListItem","position":2,"name":"A vueltas con los restos del Valle de los Ca\u00eddos."}]},{"@type":"Person","@id":"https:\/\/www.elvalledeloscaidos.es\/portal\/#\/schema\/person\/36b3894dc4f1eb332b7fc369aed7eb58","name":"linares","image":{"@type":"ImageObject","@id":"https:\/\/www.elvalledeloscaidos.es\/portal\/#personlogo","inLanguage":"es","url":"https:\/\/secure.gravatar.com\/avatar\/0b6f3a427655ac169c9155e538724b76?s=96&d=mm&r=g","contentUrl":"https:\/\/secure.gravatar.com\/avatar\/0b6f3a427655ac169c9155e538724b76?s=96&d=mm&r=g","caption":"linares"},"url":"https:\/\/www.elvalledeloscaidos.es\/portal\/?author=1"}]}},"_links":{"self":[{"href":"https:\/\/www.elvalledeloscaidos.es\/portal\/index.php?rest_route=\/wp\/v2\/posts\/4128"}],"collection":[{"href":"https:\/\/www.elvalledeloscaidos.es\/portal\/index.php?rest_route=\/wp\/v2\/posts"}],"about":[{"href":"https:\/\/www.elvalledeloscaidos.es\/portal\/index.php?rest_route=\/wp\/v2\/types\/post"}],"author":[{"embeddable":true,"href":"https:\/\/www.elvalledeloscaidos.es\/portal\/index.php?rest_route=\/wp\/v2\/users\/1"}],"replies":[{"embeddable":true,"href":"https:\/\/www.elvalledeloscaidos.es\/portal\/index.php?rest_route=%2Fwp%2Fv2%2Fcomments&post=4128"}],"version-history":[{"count":4,"href":"https:\/\/www.elvalledeloscaidos.es\/portal\/index.php?rest_route=\/wp\/v2\/posts\/4128\/revisions"}],"predecessor-version":[{"id":4914,"href":"https:\/\/www.elvalledeloscaidos.es\/portal\/index.php?rest_route=\/wp\/v2\/posts\/4128\/revisions\/4914"}],"wp:attachment":[{"href":"https:\/\/www.elvalledeloscaidos.es\/portal\/index.php?rest_route=%2Fwp%2Fv2%2Fmedia&parent=4128"}],"wp:term":[{"taxonomy":"category","embeddable":true,"href":"https:\/\/www.elvalledeloscaidos.es\/portal\/index.php?rest_route=%2Fwp%2Fv2%2Fcategories&post=4128"},{"taxonomy":"post_tag","embeddable":true,"href":"https:\/\/www.elvalledeloscaidos.es\/portal\/index.php?rest_route=%2Fwp%2Fv2%2Ftags&post=4128"}],"curies":[{"name":"wp","href":"https:\/\/api.w.org\/{rel}","templated":true}]}}