{"id":4157,"date":"2014-03-03T14:29:59","date_gmt":"2014-03-03T13:29:59","guid":{"rendered":"http:\/\/www.elvalledeloscaidos.es\/portal\/?p=4157"},"modified":"2014-05-21T22:04:13","modified_gmt":"2014-05-21T21:04:13","slug":"4157","status":"publish","type":"post","link":"https:\/\/www.elvalledeloscaidos.es\/portal\/?p=4157","title":{"rendered":"Panor\u00e1micas de 360 grados del Valle de los Ca\u00eddos."},"content":{"rendered":"<p style=\"text-align: left;\">Por originales y poco conocidas, y porque agradecemos la iniciativa, traemos hasta aqu\u00ed las im\u00e1genes panor\u00e1micas en 360 grados que del Valle de los Ca\u00eddos\u00a0 realiz\u00f3 hace unos a\u00f1os Juan Luis Redajo, fot\u00f3grafo toledano de prestigio, y que incluy\u00f3 en el afamado portal <a href=\"http:\/\/www.360cities.net\">www.360cities.net<\/a>.\u00a0 Enhorabuena.<\/p>\n<p style=\"text-align: left;\"><!--more--><\/p>\n<p><center><\/center><center><\/center><center><iframe loading=\"lazy\" src=\"http:\/\/www.360cities.net\/embed_iframe\/explanada-principal-valle-de-los-caidos-8\" height=\"371\" width=\"500\" frameborder=\"0\"><\/iframe><\/center><center><iframe loading=\"lazy\" src=\"http:\/\/www.360cities.net\/embed_iframe\/basilica-valle-de-los-caidos-2\" height=\"371\" width=\"500\" frameborder=\"0\"><\/iframe><\/center><center><iframe loading=\"lazy\" src=\"http:\/\/www.360cities.net\/embed_iframe\/basilica-valle-de-los-caidos-1\" height=\"371\" width=\"500\" frameborder=\"0\"><\/iframe><\/center><center><iframe loading=\"lazy\" src=\"http:\/\/www.360cities.net\/embed_iframe\/baslica-del-valle-de-los-cados-el-escorial-madrid\" height=\"371\" width=\"500\" frameborder=\"0\"><\/iframe><\/center><center><iframe loading=\"lazy\" src=\"http:\/\/www.360cities.net\/embed_iframe\/explanada-posterior-valle-de-los-caidos-3\" height=\"371\" width=\"500\" frameborder=\"0\"><\/iframe><\/center><\/p>\n","protected":false},"excerpt":{"rendered":"<p>Por originales y poco conocidas, y porque agradecemos la iniciativa, traemos hasta aqu\u00ed las im\u00e1genes panor\u00e1micas en 360 grados que del Valle de los Ca\u00eddos\u00a0 realiz\u00f3 hace unos a\u00f1os Juan Luis Redajo, fot\u00f3grafo toledano de prestigio, y que incluy\u00f3 en el afamado portal www.360cities.net.\u00a0 Enhorabuena.<\/p>\n","protected":false},"author":1,"featured_media":0,"comment_status":"open","ping_status":"open","sticky":false,"template":"","format":"standard","meta":[],"categories":[4],"tags":[],"yoast_head":"<!-- This site is optimized with the Yoast SEO plugin v18.6 - https:\/\/yoast.com\/wordpress\/plugins\/seo\/ -->\n<title>Panor\u00e1micas de 360 grados del Valle de los Ca\u00eddos. - ADVC<\/title>\n<meta name=\"robots\" content=\"index, follow, max-snippet:-1, max-image-preview:large, max-video-preview:-1\" \/>\n<link rel=\"canonical\" href=\"https:\/\/www.elvalledeloscaidos.es\/portal\/?p=4157\" \/>\n<meta property=\"og:locale\" content=\"es_ES\" \/>\n<meta property=\"og:type\" content=\"article\" \/>\n<meta property=\"og:title\" content=\"Panor\u00e1micas de 360 grados del Valle de los Ca\u00eddos. - ADVC\" \/>\n<meta property=\"og:description\" content=\"Por originales y poco conocidas, y porque agradecemos la iniciativa, traemos hasta aqu\u00ed las im\u00e1genes panor\u00e1micas en 360 grados que del Valle de los Ca\u00eddos\u00a0 realiz\u00f3 hace unos a\u00f1os Juan Luis Redajo, fot\u00f3grafo toledano de prestigio, y que incluy\u00f3 en el afamado portal www.360cities.net.\u00a0 Enhorabuena.\" \/>\n<meta property=\"og:url\" content=\"https:\/\/www.elvalledeloscaidos.es\/portal\/?p=4157\" \/>\n<meta property=\"og:site_name\" content=\"ADVC\" \/>\n<meta property=\"article:published_time\" content=\"2014-03-03T13:29:59+00:00\" \/>\n<meta property=\"article:modified_time\" content=\"2014-05-21T21:04:13+00:00\" \/>\n<meta name=\"twitter:card\" content=\"summary_large_image\" \/>\n<meta name=\"twitter:label1\" content=\"Escrito por\" \/>\n\t<meta name=\"twitter:data1\" content=\"linares\" \/>\n<script type=\"application\/ld+json\" class=\"yoast-schema-graph\">{\"@context\":\"https:\/\/schema.org\",\"@graph\":[{\"@type\":\"WebSite\",\"@id\":\"https:\/\/www.elvalledeloscaidos.es\/portal\/#website\",\"url\":\"https:\/\/www.elvalledeloscaidos.es\/portal\/\",\"name\":\"ADVC\",\"description\":\"Asociaci\u00f3n Para la Defensa del Valle de los Ca\u00eddos\",\"potentialAction\":[{\"@type\":\"SearchAction\",\"target\":{\"@type\":\"EntryPoint\",\"urlTemplate\":\"https:\/\/www.elvalledeloscaidos.es\/portal\/?s={search_term_string}\"},\"query-input\":\"required name=search_term_string\"}],\"inLanguage\":\"es\"},{\"@type\":\"WebPage\",\"@id\":\"https:\/\/www.elvalledeloscaidos.es\/portal\/?p=4157#webpage\",\"url\":\"https:\/\/www.elvalledeloscaidos.es\/portal\/?p=4157\",\"name\":\"Panor\u00e1micas de 360 grados del Valle de los Ca\u00eddos. - ADVC\",\"isPartOf\":{\"@id\":\"https:\/\/www.elvalledeloscaidos.es\/portal\/#website\"},\"datePublished\":\"2014-03-03T13:29:59+00:00\",\"dateModified\":\"2014-05-21T21:04:13+00:00\",\"author\":{\"@id\":\"https:\/\/www.elvalledeloscaidos.es\/portal\/#\/schema\/person\/36b3894dc4f1eb332b7fc369aed7eb58\"},\"breadcrumb\":{\"@id\":\"https:\/\/www.elvalledeloscaidos.es\/portal\/?p=4157#breadcrumb\"},\"inLanguage\":\"es\",\"potentialAction\":[{\"@type\":\"ReadAction\",\"target\":[\"https:\/\/www.elvalledeloscaidos.es\/portal\/?p=4157\"]}]},{\"@type\":\"BreadcrumbList\",\"@id\":\"https:\/\/www.elvalledeloscaidos.es\/portal\/?p=4157#breadcrumb\",\"itemListElement\":[{\"@type\":\"ListItem\",\"position\":1,\"name\":\"Portada\",\"item\":\"https:\/\/www.elvalledeloscaidos.es\/portal\"},{\"@type\":\"ListItem\",\"position\":2,\"name\":\"Panor\u00e1micas de 360 grados del Valle de los Ca\u00eddos.\"}]},{\"@type\":\"Person\",\"@id\":\"https:\/\/www.elvalledeloscaidos.es\/portal\/#\/schema\/person\/36b3894dc4f1eb332b7fc369aed7eb58\",\"name\":\"linares\",\"image\":{\"@type\":\"ImageObject\",\"@id\":\"https:\/\/www.elvalledeloscaidos.es\/portal\/#personlogo\",\"inLanguage\":\"es\",\"url\":\"https:\/\/secure.gravatar.com\/avatar\/0b6f3a427655ac169c9155e538724b76?s=96&d=mm&r=g\",\"contentUrl\":\"https:\/\/secure.gravatar.com\/avatar\/0b6f3a427655ac169c9155e538724b76?s=96&d=mm&r=g\",\"caption\":\"linares\"},\"url\":\"https:\/\/www.elvalledeloscaidos.es\/portal\/?author=1\"}]}<\/script>\n<!-- \/ Yoast SEO plugin. -->","yoast_head_json":{"title":"Panor\u00e1micas de 360 grados del Valle de los Ca\u00eddos. - ADVC","robots":{"index":"index","follow":"follow","max-snippet":"max-snippet:-1","max-image-preview":"max-image-preview:large","max-video-preview":"max-video-preview:-1"},"canonical":"https:\/\/www.elvalledeloscaidos.es\/portal\/?p=4157","og_locale":"es_ES","og_type":"article","og_title":"Panor\u00e1micas de 360 grados del Valle de los Ca\u00eddos. - ADVC","og_description":"Por originales y poco conocidas, y porque agradecemos la iniciativa, traemos hasta aqu\u00ed las im\u00e1genes panor\u00e1micas en 360 grados que del Valle de los Ca\u00eddos\u00a0 realiz\u00f3 hace unos a\u00f1os Juan Luis Redajo, fot\u00f3grafo toledano de prestigio, y que incluy\u00f3 en el afamado portal www.360cities.net.\u00a0 Enhorabuena.","og_url":"https:\/\/www.elvalledeloscaidos.es\/portal\/?p=4157","og_site_name":"ADVC","article_published_time":"2014-03-03T13:29:59+00:00","article_modified_time":"2014-05-21T21:04:13+00:00","twitter_card":"summary_large_image","twitter_misc":{"Escrito por":"linares"},"schema":{"@context":"https:\/\/schema.org","@graph":[{"@type":"WebSite","@id":"https:\/\/www.elvalledeloscaidos.es\/portal\/#website","url":"https:\/\/www.elvalledeloscaidos.es\/portal\/","name":"ADVC","description":"Asociaci\u00f3n Para la Defensa del Valle de los Ca\u00eddos","potentialAction":[{"@type":"SearchAction","target":{"@type":"EntryPoint","urlTemplate":"https:\/\/www.elvalledeloscaidos.es\/portal\/?s={search_term_string}"},"query-input":"required name=search_term_string"}],"inLanguage":"es"},{"@type":"WebPage","@id":"https:\/\/www.elvalledeloscaidos.es\/portal\/?p=4157#webpage","url":"https:\/\/www.elvalledeloscaidos.es\/portal\/?p=4157","name":"Panor\u00e1micas de 360 grados del Valle de los Ca\u00eddos. - ADVC","isPartOf":{"@id":"https:\/\/www.elvalledeloscaidos.es\/portal\/#website"},"datePublished":"2014-03-03T13:29:59+00:00","dateModified":"2014-05-21T21:04:13+00:00","author":{"@id":"https:\/\/www.elvalledeloscaidos.es\/portal\/#\/schema\/person\/36b3894dc4f1eb332b7fc369aed7eb58"},"breadcrumb":{"@id":"https:\/\/www.elvalledeloscaidos.es\/portal\/?p=4157#breadcrumb"},"inLanguage":"es","potentialAction":[{"@type":"ReadAction","target":["https:\/\/www.elvalledeloscaidos.es\/portal\/?p=4157"]}]},{"@type":"BreadcrumbList","@id":"https:\/\/www.elvalledeloscaidos.es\/portal\/?p=4157#breadcrumb","itemListElement":[{"@type":"ListItem","position":1,"name":"Portada","item":"https:\/\/www.elvalledeloscaidos.es\/portal"},{"@type":"ListItem","position":2,"name":"Panor\u00e1micas de 360 grados del Valle de los Ca\u00eddos."}]},{"@type":"Person","@id":"https:\/\/www.elvalledeloscaidos.es\/portal\/#\/schema\/person\/36b3894dc4f1eb332b7fc369aed7eb58","name":"linares","image":{"@type":"ImageObject","@id":"https:\/\/www.elvalledeloscaidos.es\/portal\/#personlogo","inLanguage":"es","url":"https:\/\/secure.gravatar.com\/avatar\/0b6f3a427655ac169c9155e538724b76?s=96&d=mm&r=g","contentUrl":"https:\/\/secure.gravatar.com\/avatar\/0b6f3a427655ac169c9155e538724b76?s=96&d=mm&r=g","caption":"linares"},"url":"https:\/\/www.elvalledeloscaidos.es\/portal\/?author=1"}]}},"_links":{"self":[{"href":"https:\/\/www.elvalledeloscaidos.es\/portal\/index.php?rest_route=\/wp\/v2\/posts\/4157"}],"collection":[{"href":"https:\/\/www.elvalledeloscaidos.es\/portal\/index.php?rest_route=\/wp\/v2\/posts"}],"about":[{"href":"https:\/\/www.elvalledeloscaidos.es\/portal\/index.php?rest_route=\/wp\/v2\/types\/post"}],"author":[{"embeddable":true,"href":"https:\/\/www.elvalledeloscaidos.es\/portal\/index.php?rest_route=\/wp\/v2\/users\/1"}],"replies":[{"embeddable":true,"href":"https:\/\/www.elvalledeloscaidos.es\/portal\/index.php?rest_route=%2Fwp%2Fv2%2Fcomments&post=4157"}],"version-history":[{"count":13,"href":"https:\/\/www.elvalledeloscaidos.es\/portal\/index.php?rest_route=\/wp\/v2\/posts\/4157\/revisions"}],"predecessor-version":[{"id":4176,"href":"https:\/\/www.elvalledeloscaidos.es\/portal\/index.php?rest_route=\/wp\/v2\/posts\/4157\/revisions\/4176"}],"wp:attachment":[{"href":"https:\/\/www.elvalledeloscaidos.es\/portal\/index.php?rest_route=%2Fwp%2Fv2%2Fmedia&parent=4157"}],"wp:term":[{"taxonomy":"category","embeddable":true,"href":"https:\/\/www.elvalledeloscaidos.es\/portal\/index.php?rest_route=%2Fwp%2Fv2%2Fcategories&post=4157"},{"taxonomy":"post_tag","embeddable":true,"href":"https:\/\/www.elvalledeloscaidos.es\/portal\/index.php?rest_route=%2Fwp%2Fv2%2Ftags&post=4157"}],"curies":[{"name":"wp","href":"https:\/\/api.w.org\/{rel}","templated":true}]}}