{"id":4180,"date":"2014-03-07T15:15:26","date_gmt":"2014-03-07T14:15:26","guid":{"rendered":"http:\/\/www.elvalledeloscaidos.es\/portal\/?p=4180"},"modified":"2015-02-27T17:03:59","modified_gmt":"2015-02-27T16:03:59","slug":"los-socialistas-insisten-en-resignificar-el-valle-de-los-caidos","status":"publish","type":"post","link":"https:\/\/www.elvalledeloscaidos.es\/portal\/?p=4180","title":{"rendered":"LOS SOCIALISTAS INSISTEN EN \u00abRESIGNIFICAR\u00bb EL VALLE DE LOS CA\u00cdDOS"},"content":{"rendered":"<p>El Grupo Parlamentario Socialista present\u00f3 ayer d\u00eda 6 de marzo una <a href=\"http:\/\/www.elvalledeloscaidos.es\/pdf\/pnlgps.pdf\" target=\"_blank\">Proposici\u00f3n No de Ley (PNL)<\/a> ante la Mesa del Congreso, \u00abrelativa a la Memoria Hist\u00f3rica\u00bb, en la que, y referente al Valle de los Ca\u00eddos, solicitan una vez m\u00e1s:<\/p>\n<p><strong>\u00abAfrontar, de forma decidida y urgente, las recomendaciones del Informe de Expertos sobre el futuro del Valle de los Ca\u00eddos. <span style=\"color: #800000;\">Con ello debemos proceder a resignificar y reconvertir la funci\u00f3n del Valle de los Ca\u00eddos para que deje ser un lugar de memoria franquista y nacional-cat\u00f3lica<\/span> y reconvertirlo en espacio para la cultura de la reconciliaci\u00f3n, de la memoria colectiva democr\u00e1tica, y de dignificaci\u00f3n y reconocimiento de las v\u00edctimas de la guerra civil y la dictadura.\u00bb<\/strong><\/p>\n<p><!--more--><\/p>\n<p>Esperamos que esta iniciativa al menos\u00a0haya contado esta vez con el consenso de todo el Grupo Parlamentario Socialista, cosa que al parecer no ocurri\u00f3 el pasado mes de octubre de 2013, cuando al diputado Od\u00f3n Elorza, present\u00f3 otra Proposici\u00f3n No de Ley en t\u00e9rminos parecidos <a href=\"http:\/\/www.elvalledeloscaidos.es\/portal\/archives\/3850\" target=\"_blank\">y que presuntamente no cont\u00f3 con el visto bueno de sus compa\u00f1eros de Grupo Parlamentario.<\/a><\/p>\n<p><a href=\"http:\/\/www.elvalledeloscaidos.es\/pdf\/pnlgps.pdf\" target=\"_blank\">[Descargar la Proposici\u00f3n No de Ley de fecha 06 de marzo de 2014]<\/a><\/p>\n<p><a href=\"http:\/\/www.elvalledeloscaidos.es\/pdf\/pnlelorza.pdf\" target=\"_blank\">[Descargar la Proposici\u00f3n No de Ley de fecha\u00a017 de octubre\u00a0de 2013]<\/a><\/p>\n<p>ADVC<\/p>\n<p style=\"text-align: center;\"><img decoding=\"async\" loading=\"lazy\" class=\"aligncenter size-full wp-image-4182\" style=\"border: 1px solid black;\" src=\"http:\/\/www.elvalledeloscaidos.es\/portal\/wp-content\/uploads\/2014\/03\/valle.jpg\" alt=\"valle\" width=\"500\" height=\"375\" srcset=\"https:\/\/www.elvalledeloscaidos.es\/portal\/wp-content\/uploads\/2014\/03\/valle.jpg 500w, https:\/\/www.elvalledeloscaidos.es\/portal\/wp-content\/uploads\/2014\/03\/valle-300x225.jpg 300w\" sizes=\"(max-width: 500px) 100vw, 500px\" \/><\/p>\n<p>&nbsp;<\/p>\n","protected":false},"excerpt":{"rendered":"<p>El Grupo Parlamentario Socialista present\u00f3 ayer d\u00eda 6 de marzo una Proposici\u00f3n No de Ley (PNL) ante la Mesa del Congreso, \u00abrelativa a la Memoria Hist\u00f3rica\u00bb, en la que, y referente al Valle de los Ca\u00eddos, solicitan una vez m\u00e1s: \u00abAfrontar, de forma decidida y urgente, las recomendaciones del Informe [&hellip;]<\/p>\n","protected":false},"author":1,"featured_media":0,"comment_status":"open","ping_status":"open","sticky":false,"template":"","format":"standard","meta":[],"categories":[4],"tags":[],"yoast_head":"<!-- This site is optimized with the Yoast SEO plugin v18.6 - https:\/\/yoast.com\/wordpress\/plugins\/seo\/ -->\n<title>LOS SOCIALISTAS INSISTEN EN &quot;RESIGNIFICAR&quot; EL VALLE DE LOS CA\u00cdDOS - ADVC<\/title>\n<meta name=\"robots\" content=\"index, follow, max-snippet:-1, max-image-preview:large, max-video-preview:-1\" \/>\n<link rel=\"canonical\" href=\"https:\/\/www.elvalledeloscaidos.es\/portal\/?p=4180\" \/>\n<meta property=\"og:locale\" content=\"es_ES\" \/>\n<meta property=\"og:type\" content=\"article\" \/>\n<meta property=\"og:title\" content=\"LOS SOCIALISTAS INSISTEN EN &quot;RESIGNIFICAR&quot; EL VALLE DE LOS CA\u00cdDOS - ADVC\" \/>\n<meta property=\"og:description\" content=\"El Grupo Parlamentario Socialista present\u00f3 ayer d\u00eda 6 de marzo una Proposici\u00f3n No de Ley (PNL) ante la Mesa del Congreso, \u00abrelativa a la Memoria Hist\u00f3rica\u00bb, en la que, y referente al Valle de los Ca\u00eddos, solicitan una vez m\u00e1s: \u00abAfrontar, de forma decidida y urgente, las recomendaciones del Informe [&hellip;]\" \/>\n<meta property=\"og:url\" content=\"https:\/\/www.elvalledeloscaidos.es\/portal\/?p=4180\" \/>\n<meta property=\"og:site_name\" content=\"ADVC\" \/>\n<meta property=\"article:published_time\" content=\"2014-03-07T14:15:26+00:00\" \/>\n<meta property=\"article:modified_time\" content=\"2015-02-27T16:03:59+00:00\" \/>\n<meta property=\"og:image\" content=\"http:\/\/www.elvalledeloscaidos.es\/portal\/wp-content\/uploads\/2014\/03\/valle.jpg\" \/>\n<meta name=\"twitter:card\" content=\"summary_large_image\" \/>\n<meta name=\"twitter:label1\" content=\"Escrito por\" \/>\n\t<meta name=\"twitter:data1\" content=\"linares\" \/>\n\t<meta name=\"twitter:label2\" content=\"Tiempo de lectura\" \/>\n\t<meta name=\"twitter:data2\" content=\"1 minuto\" \/>\n<script type=\"application\/ld+json\" class=\"yoast-schema-graph\">{\"@context\":\"https:\/\/schema.org\",\"@graph\":[{\"@type\":\"WebSite\",\"@id\":\"https:\/\/www.elvalledeloscaidos.es\/portal\/#website\",\"url\":\"https:\/\/www.elvalledeloscaidos.es\/portal\/\",\"name\":\"ADVC\",\"description\":\"Asociaci\u00f3n Para la Defensa del Valle de los Ca\u00eddos\",\"potentialAction\":[{\"@type\":\"SearchAction\",\"target\":{\"@type\":\"EntryPoint\",\"urlTemplate\":\"https:\/\/www.elvalledeloscaidos.es\/portal\/?s={search_term_string}\"},\"query-input\":\"required name=search_term_string\"}],\"inLanguage\":\"es\"},{\"@type\":\"ImageObject\",\"@id\":\"https:\/\/www.elvalledeloscaidos.es\/portal\/?p=4180#primaryimage\",\"inLanguage\":\"es\",\"url\":\"http:\/\/www.elvalledeloscaidos.es\/portal\/wp-content\/uploads\/2014\/03\/valle.jpg\",\"contentUrl\":\"http:\/\/www.elvalledeloscaidos.es\/portal\/wp-content\/uploads\/2014\/03\/valle.jpg\"},{\"@type\":\"WebPage\",\"@id\":\"https:\/\/www.elvalledeloscaidos.es\/portal\/?p=4180#webpage\",\"url\":\"https:\/\/www.elvalledeloscaidos.es\/portal\/?p=4180\",\"name\":\"LOS SOCIALISTAS INSISTEN EN \\\"RESIGNIFICAR\\\" EL VALLE DE LOS CA\u00cdDOS - ADVC\",\"isPartOf\":{\"@id\":\"https:\/\/www.elvalledeloscaidos.es\/portal\/#website\"},\"primaryImageOfPage\":{\"@id\":\"https:\/\/www.elvalledeloscaidos.es\/portal\/?p=4180#primaryimage\"},\"datePublished\":\"2014-03-07T14:15:26+00:00\",\"dateModified\":\"2015-02-27T16:03:59+00:00\",\"author\":{\"@id\":\"https:\/\/www.elvalledeloscaidos.es\/portal\/#\/schema\/person\/36b3894dc4f1eb332b7fc369aed7eb58\"},\"breadcrumb\":{\"@id\":\"https:\/\/www.elvalledeloscaidos.es\/portal\/?p=4180#breadcrumb\"},\"inLanguage\":\"es\",\"potentialAction\":[{\"@type\":\"ReadAction\",\"target\":[\"https:\/\/www.elvalledeloscaidos.es\/portal\/?p=4180\"]}]},{\"@type\":\"BreadcrumbList\",\"@id\":\"https:\/\/www.elvalledeloscaidos.es\/portal\/?p=4180#breadcrumb\",\"itemListElement\":[{\"@type\":\"ListItem\",\"position\":1,\"name\":\"Portada\",\"item\":\"https:\/\/www.elvalledeloscaidos.es\/portal\"},{\"@type\":\"ListItem\",\"position\":2,\"name\":\"LOS SOCIALISTAS INSISTEN EN \u00abRESIGNIFICAR\u00bb EL VALLE DE LOS CA\u00cdDOS\"}]},{\"@type\":\"Person\",\"@id\":\"https:\/\/www.elvalledeloscaidos.es\/portal\/#\/schema\/person\/36b3894dc4f1eb332b7fc369aed7eb58\",\"name\":\"linares\",\"image\":{\"@type\":\"ImageObject\",\"@id\":\"https:\/\/www.elvalledeloscaidos.es\/portal\/#personlogo\",\"inLanguage\":\"es\",\"url\":\"https:\/\/secure.gravatar.com\/avatar\/0b6f3a427655ac169c9155e538724b76?s=96&d=mm&r=g\",\"contentUrl\":\"https:\/\/secure.gravatar.com\/avatar\/0b6f3a427655ac169c9155e538724b76?s=96&d=mm&r=g\",\"caption\":\"linares\"},\"url\":\"https:\/\/www.elvalledeloscaidos.es\/portal\/?author=1\"}]}<\/script>\n<!-- \/ Yoast SEO plugin. -->","yoast_head_json":{"title":"LOS SOCIALISTAS INSISTEN EN \"RESIGNIFICAR\" EL VALLE DE LOS CA\u00cdDOS - ADVC","robots":{"index":"index","follow":"follow","max-snippet":"max-snippet:-1","max-image-preview":"max-image-preview:large","max-video-preview":"max-video-preview:-1"},"canonical":"https:\/\/www.elvalledeloscaidos.es\/portal\/?p=4180","og_locale":"es_ES","og_type":"article","og_title":"LOS SOCIALISTAS INSISTEN EN \"RESIGNIFICAR\" EL VALLE DE LOS CA\u00cdDOS - ADVC","og_description":"El Grupo Parlamentario Socialista present\u00f3 ayer d\u00eda 6 de marzo una Proposici\u00f3n No de Ley (PNL) ante la Mesa del Congreso, \u00abrelativa a la Memoria Hist\u00f3rica\u00bb, en la que, y referente al Valle de los Ca\u00eddos, solicitan una vez m\u00e1s: \u00abAfrontar, de forma decidida y urgente, las recomendaciones del Informe [&hellip;]","og_url":"https:\/\/www.elvalledeloscaidos.es\/portal\/?p=4180","og_site_name":"ADVC","article_published_time":"2014-03-07T14:15:26+00:00","article_modified_time":"2015-02-27T16:03:59+00:00","og_image":[{"url":"http:\/\/www.elvalledeloscaidos.es\/portal\/wp-content\/uploads\/2014\/03\/valle.jpg"}],"twitter_card":"summary_large_image","twitter_misc":{"Escrito por":"linares","Tiempo de lectura":"1 minuto"},"schema":{"@context":"https:\/\/schema.org","@graph":[{"@type":"WebSite","@id":"https:\/\/www.elvalledeloscaidos.es\/portal\/#website","url":"https:\/\/www.elvalledeloscaidos.es\/portal\/","name":"ADVC","description":"Asociaci\u00f3n Para la Defensa del Valle de los Ca\u00eddos","potentialAction":[{"@type":"SearchAction","target":{"@type":"EntryPoint","urlTemplate":"https:\/\/www.elvalledeloscaidos.es\/portal\/?s={search_term_string}"},"query-input":"required name=search_term_string"}],"inLanguage":"es"},{"@type":"ImageObject","@id":"https:\/\/www.elvalledeloscaidos.es\/portal\/?p=4180#primaryimage","inLanguage":"es","url":"http:\/\/www.elvalledeloscaidos.es\/portal\/wp-content\/uploads\/2014\/03\/valle.jpg","contentUrl":"http:\/\/www.elvalledeloscaidos.es\/portal\/wp-content\/uploads\/2014\/03\/valle.jpg"},{"@type":"WebPage","@id":"https:\/\/www.elvalledeloscaidos.es\/portal\/?p=4180#webpage","url":"https:\/\/www.elvalledeloscaidos.es\/portal\/?p=4180","name":"LOS SOCIALISTAS INSISTEN EN \"RESIGNIFICAR\" EL VALLE DE LOS CA\u00cdDOS - ADVC","isPartOf":{"@id":"https:\/\/www.elvalledeloscaidos.es\/portal\/#website"},"primaryImageOfPage":{"@id":"https:\/\/www.elvalledeloscaidos.es\/portal\/?p=4180#primaryimage"},"datePublished":"2014-03-07T14:15:26+00:00","dateModified":"2015-02-27T16:03:59+00:00","author":{"@id":"https:\/\/www.elvalledeloscaidos.es\/portal\/#\/schema\/person\/36b3894dc4f1eb332b7fc369aed7eb58"},"breadcrumb":{"@id":"https:\/\/www.elvalledeloscaidos.es\/portal\/?p=4180#breadcrumb"},"inLanguage":"es","potentialAction":[{"@type":"ReadAction","target":["https:\/\/www.elvalledeloscaidos.es\/portal\/?p=4180"]}]},{"@type":"BreadcrumbList","@id":"https:\/\/www.elvalledeloscaidos.es\/portal\/?p=4180#breadcrumb","itemListElement":[{"@type":"ListItem","position":1,"name":"Portada","item":"https:\/\/www.elvalledeloscaidos.es\/portal"},{"@type":"ListItem","position":2,"name":"LOS SOCIALISTAS INSISTEN EN \u00abRESIGNIFICAR\u00bb EL VALLE DE LOS CA\u00cdDOS"}]},{"@type":"Person","@id":"https:\/\/www.elvalledeloscaidos.es\/portal\/#\/schema\/person\/36b3894dc4f1eb332b7fc369aed7eb58","name":"linares","image":{"@type":"ImageObject","@id":"https:\/\/www.elvalledeloscaidos.es\/portal\/#personlogo","inLanguage":"es","url":"https:\/\/secure.gravatar.com\/avatar\/0b6f3a427655ac169c9155e538724b76?s=96&d=mm&r=g","contentUrl":"https:\/\/secure.gravatar.com\/avatar\/0b6f3a427655ac169c9155e538724b76?s=96&d=mm&r=g","caption":"linares"},"url":"https:\/\/www.elvalledeloscaidos.es\/portal\/?author=1"}]}},"_links":{"self":[{"href":"https:\/\/www.elvalledeloscaidos.es\/portal\/index.php?rest_route=\/wp\/v2\/posts\/4180"}],"collection":[{"href":"https:\/\/www.elvalledeloscaidos.es\/portal\/index.php?rest_route=\/wp\/v2\/posts"}],"about":[{"href":"https:\/\/www.elvalledeloscaidos.es\/portal\/index.php?rest_route=\/wp\/v2\/types\/post"}],"author":[{"embeddable":true,"href":"https:\/\/www.elvalledeloscaidos.es\/portal\/index.php?rest_route=\/wp\/v2\/users\/1"}],"replies":[{"embeddable":true,"href":"https:\/\/www.elvalledeloscaidos.es\/portal\/index.php?rest_route=%2Fwp%2Fv2%2Fcomments&post=4180"}],"version-history":[{"count":8,"href":"https:\/\/www.elvalledeloscaidos.es\/portal\/index.php?rest_route=\/wp\/v2\/posts\/4180\/revisions"}],"predecessor-version":[{"id":4913,"href":"https:\/\/www.elvalledeloscaidos.es\/portal\/index.php?rest_route=\/wp\/v2\/posts\/4180\/revisions\/4913"}],"wp:attachment":[{"href":"https:\/\/www.elvalledeloscaidos.es\/portal\/index.php?rest_route=%2Fwp%2Fv2%2Fmedia&parent=4180"}],"wp:term":[{"taxonomy":"category","embeddable":true,"href":"https:\/\/www.elvalledeloscaidos.es\/portal\/index.php?rest_route=%2Fwp%2Fv2%2Fcategories&post=4180"},{"taxonomy":"post_tag","embeddable":true,"href":"https:\/\/www.elvalledeloscaidos.es\/portal\/index.php?rest_route=%2Fwp%2Fv2%2Ftags&post=4180"}],"curies":[{"name":"wp","href":"https:\/\/api.w.org\/{rel}","templated":true}]}}