{"id":4278,"date":"2014-04-10T18:11:26","date_gmt":"2014-04-10T17:11:26","guid":{"rendered":"http:\/\/www.elvalledeloscaidos.es\/portal\/?p=4278"},"modified":"2014-06-03T18:21:29","modified_gmt":"2014-06-03T17:21:29","slug":"juan-xxiii-entusiasmado-con-el-valle-de-los-caidos","status":"publish","type":"post","link":"https:\/\/www.elvalledeloscaidos.es\/portal\/?p=4278","title":{"rendered":"Juan XXIII entusiasmado con el Valle de los Ca\u00eddos."},"content":{"rendered":"<p>Reproducimos aqu\u00ed el art\u00edculo publicado hoy d\u00eda 10 de abril de 2014 en \u00abAlfa y Omega\u00bb, donde se narra la visita que Monse\u00f1or Roncalli, el futuro JUAN XXIII, realiz\u00f3 a las obras del Valle de los Ca\u00eddos, en 1950, y lo gratamente impresionado que qued\u00f3 de esa visita. (Click en la imagen para ampliarla).<\/p>\n<p><!--more--><\/p>\n<p style=\"text-align: center;\"><a href=\"http:\/\/www.elvalledeloscaidos.es\/portal\/wp-content\/uploads\/2014\/04\/juanxxigrande.jpg\"><img decoding=\"async\" loading=\"lazy\" class=\"aligncenter  wp-image-4280\" style=\"border: 1px solid black;\" src=\"http:\/\/www.elvalledeloscaidos.es\/portal\/wp-content\/uploads\/2014\/04\/juanxxigrande.jpg\" alt=\"juanxxigrande\" width=\"500\" height=\"694\" srcset=\"https:\/\/www.elvalledeloscaidos.es\/portal\/wp-content\/uploads\/2014\/04\/juanxxigrande.jpg 1045w, https:\/\/www.elvalledeloscaidos.es\/portal\/wp-content\/uploads\/2014\/04\/juanxxigrande-216x300.jpg 216w, https:\/\/www.elvalledeloscaidos.es\/portal\/wp-content\/uploads\/2014\/04\/juanxxigrande-737x1024.jpg 737w\" sizes=\"(max-width: 500px) 100vw, 500px\" \/><\/a><\/p>\n<p>&nbsp;<\/p>\n","protected":false},"excerpt":{"rendered":"<p>Reproducimos aqu\u00ed el art\u00edculo publicado hoy d\u00eda 10 de abril de 2014 en \u00abAlfa y Omega\u00bb, donde se narra la visita que Monse\u00f1or Roncalli, el futuro JUAN XXIII, realiz\u00f3 a las obras del Valle de los Ca\u00eddos, en 1950, y lo gratamente impresionado que qued\u00f3 de esa visita. (Click en [&hellip;]<\/p>\n","protected":false},"author":1,"featured_media":0,"comment_status":"open","ping_status":"open","sticky":false,"template":"","format":"standard","meta":[],"categories":[4],"tags":[],"yoast_head":"<!-- This site is optimized with the Yoast SEO plugin v18.6 - https:\/\/yoast.com\/wordpress\/plugins\/seo\/ -->\n<title>Juan XXIII entusiasmado con el Valle de los Ca\u00eddos.  - ADVC<\/title>\n<meta name=\"robots\" content=\"index, follow, max-snippet:-1, max-image-preview:large, max-video-preview:-1\" \/>\n<link rel=\"canonical\" href=\"https:\/\/www.elvalledeloscaidos.es\/portal\/?p=4278\" \/>\n<meta property=\"og:locale\" content=\"es_ES\" \/>\n<meta property=\"og:type\" content=\"article\" \/>\n<meta property=\"og:title\" content=\"Juan XXIII entusiasmado con el Valle de los Ca\u00eddos.  - ADVC\" \/>\n<meta property=\"og:description\" content=\"Reproducimos aqu\u00ed el art\u00edculo publicado hoy d\u00eda 10 de abril de 2014 en \u00abAlfa y Omega\u00bb, donde se narra la visita que Monse\u00f1or Roncalli, el futuro JUAN XXIII, realiz\u00f3 a las obras del Valle de los Ca\u00eddos, en 1950, y lo gratamente impresionado que qued\u00f3 de esa visita. (Click en [&hellip;]\" \/>\n<meta property=\"og:url\" content=\"https:\/\/www.elvalledeloscaidos.es\/portal\/?p=4278\" \/>\n<meta property=\"og:site_name\" content=\"ADVC\" \/>\n<meta property=\"article:published_time\" content=\"2014-04-10T17:11:26+00:00\" \/>\n<meta property=\"article:modified_time\" content=\"2014-06-03T17:21:29+00:00\" \/>\n<meta property=\"og:image\" content=\"http:\/\/www.elvalledeloscaidos.es\/portal\/wp-content\/uploads\/2014\/04\/juanxxigrande.jpg\" \/>\n<meta name=\"twitter:card\" content=\"summary_large_image\" \/>\n<meta name=\"twitter:label1\" content=\"Escrito por\" \/>\n\t<meta name=\"twitter:data1\" content=\"linares\" \/>\n<script type=\"application\/ld+json\" class=\"yoast-schema-graph\">{\"@context\":\"https:\/\/schema.org\",\"@graph\":[{\"@type\":\"WebSite\",\"@id\":\"https:\/\/www.elvalledeloscaidos.es\/portal\/#website\",\"url\":\"https:\/\/www.elvalledeloscaidos.es\/portal\/\",\"name\":\"ADVC\",\"description\":\"Asociaci\u00f3n Para la Defensa del Valle de los Ca\u00eddos\",\"potentialAction\":[{\"@type\":\"SearchAction\",\"target\":{\"@type\":\"EntryPoint\",\"urlTemplate\":\"https:\/\/www.elvalledeloscaidos.es\/portal\/?s={search_term_string}\"},\"query-input\":\"required name=search_term_string\"}],\"inLanguage\":\"es\"},{\"@type\":\"ImageObject\",\"@id\":\"https:\/\/www.elvalledeloscaidos.es\/portal\/?p=4278#primaryimage\",\"inLanguage\":\"es\",\"url\":\"http:\/\/www.elvalledeloscaidos.es\/portal\/wp-content\/uploads\/2014\/04\/juanxxigrande.jpg\",\"contentUrl\":\"http:\/\/www.elvalledeloscaidos.es\/portal\/wp-content\/uploads\/2014\/04\/juanxxigrande.jpg\"},{\"@type\":\"WebPage\",\"@id\":\"https:\/\/www.elvalledeloscaidos.es\/portal\/?p=4278#webpage\",\"url\":\"https:\/\/www.elvalledeloscaidos.es\/portal\/?p=4278\",\"name\":\"Juan XXIII entusiasmado con el Valle de los Ca\u00eddos. - ADVC\",\"isPartOf\":{\"@id\":\"https:\/\/www.elvalledeloscaidos.es\/portal\/#website\"},\"primaryImageOfPage\":{\"@id\":\"https:\/\/www.elvalledeloscaidos.es\/portal\/?p=4278#primaryimage\"},\"datePublished\":\"2014-04-10T17:11:26+00:00\",\"dateModified\":\"2014-06-03T17:21:29+00:00\",\"author\":{\"@id\":\"https:\/\/www.elvalledeloscaidos.es\/portal\/#\/schema\/person\/36b3894dc4f1eb332b7fc369aed7eb58\"},\"breadcrumb\":{\"@id\":\"https:\/\/www.elvalledeloscaidos.es\/portal\/?p=4278#breadcrumb\"},\"inLanguage\":\"es\",\"potentialAction\":[{\"@type\":\"ReadAction\",\"target\":[\"https:\/\/www.elvalledeloscaidos.es\/portal\/?p=4278\"]}]},{\"@type\":\"BreadcrumbList\",\"@id\":\"https:\/\/www.elvalledeloscaidos.es\/portal\/?p=4278#breadcrumb\",\"itemListElement\":[{\"@type\":\"ListItem\",\"position\":1,\"name\":\"Portada\",\"item\":\"https:\/\/www.elvalledeloscaidos.es\/portal\"},{\"@type\":\"ListItem\",\"position\":2,\"name\":\"Juan XXIII entusiasmado con el Valle de los Ca\u00eddos.\"}]},{\"@type\":\"Person\",\"@id\":\"https:\/\/www.elvalledeloscaidos.es\/portal\/#\/schema\/person\/36b3894dc4f1eb332b7fc369aed7eb58\",\"name\":\"linares\",\"image\":{\"@type\":\"ImageObject\",\"@id\":\"https:\/\/www.elvalledeloscaidos.es\/portal\/#personlogo\",\"inLanguage\":\"es\",\"url\":\"https:\/\/secure.gravatar.com\/avatar\/0b6f3a427655ac169c9155e538724b76?s=96&d=mm&r=g\",\"contentUrl\":\"https:\/\/secure.gravatar.com\/avatar\/0b6f3a427655ac169c9155e538724b76?s=96&d=mm&r=g\",\"caption\":\"linares\"},\"url\":\"https:\/\/www.elvalledeloscaidos.es\/portal\/?author=1\"}]}<\/script>\n<!-- \/ Yoast SEO plugin. -->","yoast_head_json":{"title":"Juan XXIII entusiasmado con el Valle de los Ca\u00eddos.  - ADVC","robots":{"index":"index","follow":"follow","max-snippet":"max-snippet:-1","max-image-preview":"max-image-preview:large","max-video-preview":"max-video-preview:-1"},"canonical":"https:\/\/www.elvalledeloscaidos.es\/portal\/?p=4278","og_locale":"es_ES","og_type":"article","og_title":"Juan XXIII entusiasmado con el Valle de los Ca\u00eddos.  - ADVC","og_description":"Reproducimos aqu\u00ed el art\u00edculo publicado hoy d\u00eda 10 de abril de 2014 en \u00abAlfa y Omega\u00bb, donde se narra la visita que Monse\u00f1or Roncalli, el futuro JUAN XXIII, realiz\u00f3 a las obras del Valle de los Ca\u00eddos, en 1950, y lo gratamente impresionado que qued\u00f3 de esa visita. (Click en [&hellip;]","og_url":"https:\/\/www.elvalledeloscaidos.es\/portal\/?p=4278","og_site_name":"ADVC","article_published_time":"2014-04-10T17:11:26+00:00","article_modified_time":"2014-06-03T17:21:29+00:00","og_image":[{"url":"http:\/\/www.elvalledeloscaidos.es\/portal\/wp-content\/uploads\/2014\/04\/juanxxigrande.jpg"}],"twitter_card":"summary_large_image","twitter_misc":{"Escrito por":"linares"},"schema":{"@context":"https:\/\/schema.org","@graph":[{"@type":"WebSite","@id":"https:\/\/www.elvalledeloscaidos.es\/portal\/#website","url":"https:\/\/www.elvalledeloscaidos.es\/portal\/","name":"ADVC","description":"Asociaci\u00f3n Para la Defensa del Valle de los Ca\u00eddos","potentialAction":[{"@type":"SearchAction","target":{"@type":"EntryPoint","urlTemplate":"https:\/\/www.elvalledeloscaidos.es\/portal\/?s={search_term_string}"},"query-input":"required name=search_term_string"}],"inLanguage":"es"},{"@type":"ImageObject","@id":"https:\/\/www.elvalledeloscaidos.es\/portal\/?p=4278#primaryimage","inLanguage":"es","url":"http:\/\/www.elvalledeloscaidos.es\/portal\/wp-content\/uploads\/2014\/04\/juanxxigrande.jpg","contentUrl":"http:\/\/www.elvalledeloscaidos.es\/portal\/wp-content\/uploads\/2014\/04\/juanxxigrande.jpg"},{"@type":"WebPage","@id":"https:\/\/www.elvalledeloscaidos.es\/portal\/?p=4278#webpage","url":"https:\/\/www.elvalledeloscaidos.es\/portal\/?p=4278","name":"Juan XXIII entusiasmado con el Valle de los Ca\u00eddos. - ADVC","isPartOf":{"@id":"https:\/\/www.elvalledeloscaidos.es\/portal\/#website"},"primaryImageOfPage":{"@id":"https:\/\/www.elvalledeloscaidos.es\/portal\/?p=4278#primaryimage"},"datePublished":"2014-04-10T17:11:26+00:00","dateModified":"2014-06-03T17:21:29+00:00","author":{"@id":"https:\/\/www.elvalledeloscaidos.es\/portal\/#\/schema\/person\/36b3894dc4f1eb332b7fc369aed7eb58"},"breadcrumb":{"@id":"https:\/\/www.elvalledeloscaidos.es\/portal\/?p=4278#breadcrumb"},"inLanguage":"es","potentialAction":[{"@type":"ReadAction","target":["https:\/\/www.elvalledeloscaidos.es\/portal\/?p=4278"]}]},{"@type":"BreadcrumbList","@id":"https:\/\/www.elvalledeloscaidos.es\/portal\/?p=4278#breadcrumb","itemListElement":[{"@type":"ListItem","position":1,"name":"Portada","item":"https:\/\/www.elvalledeloscaidos.es\/portal"},{"@type":"ListItem","position":2,"name":"Juan XXIII entusiasmado con el Valle de los Ca\u00eddos."}]},{"@type":"Person","@id":"https:\/\/www.elvalledeloscaidos.es\/portal\/#\/schema\/person\/36b3894dc4f1eb332b7fc369aed7eb58","name":"linares","image":{"@type":"ImageObject","@id":"https:\/\/www.elvalledeloscaidos.es\/portal\/#personlogo","inLanguage":"es","url":"https:\/\/secure.gravatar.com\/avatar\/0b6f3a427655ac169c9155e538724b76?s=96&d=mm&r=g","contentUrl":"https:\/\/secure.gravatar.com\/avatar\/0b6f3a427655ac169c9155e538724b76?s=96&d=mm&r=g","caption":"linares"},"url":"https:\/\/www.elvalledeloscaidos.es\/portal\/?author=1"}]}},"_links":{"self":[{"href":"https:\/\/www.elvalledeloscaidos.es\/portal\/index.php?rest_route=\/wp\/v2\/posts\/4278"}],"collection":[{"href":"https:\/\/www.elvalledeloscaidos.es\/portal\/index.php?rest_route=\/wp\/v2\/posts"}],"about":[{"href":"https:\/\/www.elvalledeloscaidos.es\/portal\/index.php?rest_route=\/wp\/v2\/types\/post"}],"author":[{"embeddable":true,"href":"https:\/\/www.elvalledeloscaidos.es\/portal\/index.php?rest_route=\/wp\/v2\/users\/1"}],"replies":[{"embeddable":true,"href":"https:\/\/www.elvalledeloscaidos.es\/portal\/index.php?rest_route=%2Fwp%2Fv2%2Fcomments&post=4278"}],"version-history":[{"count":6,"href":"https:\/\/www.elvalledeloscaidos.es\/portal\/index.php?rest_route=\/wp\/v2\/posts\/4278\/revisions"}],"predecessor-version":[{"id":4476,"href":"https:\/\/www.elvalledeloscaidos.es\/portal\/index.php?rest_route=\/wp\/v2\/posts\/4278\/revisions\/4476"}],"wp:attachment":[{"href":"https:\/\/www.elvalledeloscaidos.es\/portal\/index.php?rest_route=%2Fwp%2Fv2%2Fmedia&parent=4278"}],"wp:term":[{"taxonomy":"category","embeddable":true,"href":"https:\/\/www.elvalledeloscaidos.es\/portal\/index.php?rest_route=%2Fwp%2Fv2%2Fcategories&post=4278"},{"taxonomy":"post_tag","embeddable":true,"href":"https:\/\/www.elvalledeloscaidos.es\/portal\/index.php?rest_route=%2Fwp%2Fv2%2Ftags&post=4278"}],"curies":[{"name":"wp","href":"https:\/\/api.w.org\/{rel}","templated":true}]}}