{"id":4793,"date":"2014-11-24T15:07:48","date_gmt":"2014-11-24T14:07:48","guid":{"rendered":"http:\/\/www.elvalledeloscaidos.es\/portal\/?p=4793"},"modified":"2014-11-24T15:10:23","modified_gmt":"2014-11-24T14:10:23","slug":"el-partido-popular-de-ayuntamiento-de-san-lorenzo-de-el-escorial-se-abstiene-una-vez-mas-de-solicitar-la-declaracion-de-bien-de-interes-cultural-para-el-valle-de-los-caidos","status":"publish","type":"post","link":"https:\/\/www.elvalledeloscaidos.es\/portal\/?p=4793","title":{"rendered":"El Partido Popular de Ayuntamiento de San Lorenzo de El Escorial, se abstiene una vez m\u00e1s de solicitar la declaraci\u00f3n de \u201cBien de Inter\u00e9s Cultural\u201d para el Valle de los Ca\u00eddos."},"content":{"rendered":"<p>\n<p>\n<p><p>El Grupo Municipal de Alternativa Municipal Espa\u00f1ola (A.M.E) del Ayuntamiento del Real Sitio de San Lorenzo de El Escorial, present\u00f3 el pasado d\u00eda 18 de noviembre una moci\u00f3n ante el pleno del ayuntamiento de San Lorenzo en la que instaba al pleno la declaraci\u00f3n de \u201cBien de Inter\u00e9s Cultural\u201d para el Valle de los Ca\u00eddos.<\/p>\n<p>El Grupo Municipal Popular, sus nueve miembros, <span style=\"text-decoration: underline;\">como tristemente era de esperar<\/span>, se abstuvo en la votaci\u00f3n, mientras que los 5 miembros del Grupo Socialista y los dos de Izquierda Unida, <span style=\"text-decoration: underline;\">como era de esperar<\/span>, votaron NO, siendo el \u00fanico voto positivo el de A.M.E, grupo que presentaba la moci\u00f3n.<\/p>\n<p>Es la segunda vez que el Alcalde Sr. Fern\u00e1ndez Quejo y sus ocho concejales populares se abstienen de secundar las mociones de AME a favor del Valle de los Ca\u00eddos, a falta de iniciativas propias en este sentido.<\/p>\n<p><a href=\"http:\/\/www.elvalledeloscaidos.es\/portal\/wp-content\/uploads\/2014\/11\/esco.jpg\"><img decoding=\"async\" loading=\"lazy\" class=\"aligncenter size-full wp-image-4795\" src=\"http:\/\/www.elvalledeloscaidos.es\/portal\/wp-content\/uploads\/2014\/11\/esco.jpg\" alt=\"esco\" width=\"500\" height=\"309\" srcset=\"https:\/\/www.elvalledeloscaidos.es\/portal\/wp-content\/uploads\/2014\/11\/esco.jpg 500w, https:\/\/www.elvalledeloscaidos.es\/portal\/wp-content\/uploads\/2014\/11\/esco-300x185.jpg 300w\" sizes=\"(max-width: 500px) 100vw, 500px\" \/><\/a><\/p>\n<p>Transcurrido, por tanto el 90% de la legislatura, <strong>a\u00fan se espera una decidida postura del Ayuntamiento de San Lorenzo de EL Escorial ante Patrimonio Nacional, Comunidad de Madrid y Gobierno de la Naci\u00f3n,\u00a0a favor de un monumento sito en el t\u00e9rmino Municipal de San Lorenzo de El Escorial, y por tanto de todos los vecinos de San Lorenzo<\/strong>. Por \u00faltimo recordar que el Sr. Alcalde de San Lorenzo lleva casi 20 a\u00f1os en la alcald\u00eda y es, adem\u00e1s, miembro del Consejo de Administraci\u00f3n de Patrimonio Nacional desde hace 4 a\u00f1os, cuesti\u00f3n que hace m\u00e1s doloroso su falta de iniciativas a favor del Valle.<\/p>\n","protected":false},"excerpt":{"rendered":"<p>El Grupo Municipal de Alternativa Municipal Espa\u00f1ola (A.M.E) del Ayuntamiento del Real Sitio de San Lorenzo de El Escorial, present\u00f3 el pasado d\u00eda 18 de noviembre una moci\u00f3n ante el pleno del ayuntamiento de San Lorenzo en la que instaba al pleno la declaraci\u00f3n de \u201cBien de Inter\u00e9s Cultural\u201d para [&hellip;]<\/p>\n","protected":false},"author":3,"featured_media":0,"comment_status":"open","ping_status":"open","sticky":false,"template":"","format":"standard","meta":[],"categories":[4],"tags":[],"yoast_head":"<!-- This site is optimized with the Yoast SEO plugin v18.6 - https:\/\/yoast.com\/wordpress\/plugins\/seo\/ -->\n<title>El Partido Popular de Ayuntamiento de San Lorenzo de El Escorial, se abstiene una vez m\u00e1s de solicitar la declaraci\u00f3n de \u201cBien de Inter\u00e9s Cultural\u201d para el Valle de los Ca\u00eddos. - ADVC<\/title>\n<meta name=\"robots\" content=\"index, follow, max-snippet:-1, max-image-preview:large, max-video-preview:-1\" \/>\n<link rel=\"canonical\" href=\"https:\/\/www.elvalledeloscaidos.es\/portal\/?p=4793\" \/>\n<meta property=\"og:locale\" content=\"es_ES\" \/>\n<meta property=\"og:type\" content=\"article\" \/>\n<meta property=\"og:title\" content=\"El Partido Popular de Ayuntamiento de San Lorenzo de El Escorial, se abstiene una vez m\u00e1s de solicitar la declaraci\u00f3n de \u201cBien de Inter\u00e9s Cultural\u201d para el Valle de los Ca\u00eddos. - ADVC\" \/>\n<meta property=\"og:description\" content=\"El Grupo Municipal de Alternativa Municipal Espa\u00f1ola (A.M.E) del Ayuntamiento del Real Sitio de San Lorenzo de El Escorial, present\u00f3 el pasado d\u00eda 18 de noviembre una moci\u00f3n ante el pleno del ayuntamiento de San Lorenzo en la que instaba al pleno la declaraci\u00f3n de \u201cBien de Inter\u00e9s Cultural\u201d para [&hellip;]\" \/>\n<meta property=\"og:url\" content=\"https:\/\/www.elvalledeloscaidos.es\/portal\/?p=4793\" \/>\n<meta property=\"og:site_name\" content=\"ADVC\" \/>\n<meta property=\"article:published_time\" content=\"2014-11-24T14:07:48+00:00\" \/>\n<meta property=\"article:modified_time\" content=\"2014-11-24T14:10:23+00:00\" \/>\n<meta property=\"og:image\" content=\"http:\/\/www.elvalledeloscaidos.es\/portal\/wp-content\/uploads\/2014\/11\/esco.jpg\" \/>\n<meta name=\"twitter:card\" content=\"summary_large_image\" \/>\n<meta name=\"twitter:label1\" content=\"Escrito por\" \/>\n\t<meta name=\"twitter:data1\" content=\"Redaccion\" \/>\n\t<meta name=\"twitter:label2\" content=\"Tiempo de lectura\" \/>\n\t<meta name=\"twitter:data2\" content=\"1 minuto\" \/>\n<script type=\"application\/ld+json\" class=\"yoast-schema-graph\">{\"@context\":\"https:\/\/schema.org\",\"@graph\":[{\"@type\":\"WebSite\",\"@id\":\"https:\/\/www.elvalledeloscaidos.es\/portal\/#website\",\"url\":\"https:\/\/www.elvalledeloscaidos.es\/portal\/\",\"name\":\"ADVC\",\"description\":\"Asociaci\u00f3n Para la Defensa del Valle de los Ca\u00eddos\",\"potentialAction\":[{\"@type\":\"SearchAction\",\"target\":{\"@type\":\"EntryPoint\",\"urlTemplate\":\"https:\/\/www.elvalledeloscaidos.es\/portal\/?s={search_term_string}\"},\"query-input\":\"required name=search_term_string\"}],\"inLanguage\":\"es\"},{\"@type\":\"ImageObject\",\"@id\":\"https:\/\/www.elvalledeloscaidos.es\/portal\/?p=4793#primaryimage\",\"inLanguage\":\"es\",\"url\":\"http:\/\/www.elvalledeloscaidos.es\/portal\/wp-content\/uploads\/2014\/11\/esco.jpg\",\"contentUrl\":\"http:\/\/www.elvalledeloscaidos.es\/portal\/wp-content\/uploads\/2014\/11\/esco.jpg\"},{\"@type\":\"WebPage\",\"@id\":\"https:\/\/www.elvalledeloscaidos.es\/portal\/?p=4793#webpage\",\"url\":\"https:\/\/www.elvalledeloscaidos.es\/portal\/?p=4793\",\"name\":\"El Partido Popular de Ayuntamiento de San Lorenzo de El Escorial, se abstiene una vez m\u00e1s de solicitar la declaraci\u00f3n de \u201cBien de Inter\u00e9s Cultural\u201d para el Valle de los Ca\u00eddos. - ADVC\",\"isPartOf\":{\"@id\":\"https:\/\/www.elvalledeloscaidos.es\/portal\/#website\"},\"primaryImageOfPage\":{\"@id\":\"https:\/\/www.elvalledeloscaidos.es\/portal\/?p=4793#primaryimage\"},\"datePublished\":\"2014-11-24T14:07:48+00:00\",\"dateModified\":\"2014-11-24T14:10:23+00:00\",\"author\":{\"@id\":\"https:\/\/www.elvalledeloscaidos.es\/portal\/#\/schema\/person\/b4711176f6b283a7b25ff137a7e34a40\"},\"breadcrumb\":{\"@id\":\"https:\/\/www.elvalledeloscaidos.es\/portal\/?p=4793#breadcrumb\"},\"inLanguage\":\"es\",\"potentialAction\":[{\"@type\":\"ReadAction\",\"target\":[\"https:\/\/www.elvalledeloscaidos.es\/portal\/?p=4793\"]}]},{\"@type\":\"BreadcrumbList\",\"@id\":\"https:\/\/www.elvalledeloscaidos.es\/portal\/?p=4793#breadcrumb\",\"itemListElement\":[{\"@type\":\"ListItem\",\"position\":1,\"name\":\"Portada\",\"item\":\"https:\/\/www.elvalledeloscaidos.es\/portal\"},{\"@type\":\"ListItem\",\"position\":2,\"name\":\"El Partido Popular de Ayuntamiento de San Lorenzo de El Escorial, se abstiene una vez m\u00e1s de solicitar la declaraci\u00f3n de \u201cBien de Inter\u00e9s Cultural\u201d para el Valle de los Ca\u00eddos.\"}]},{\"@type\":\"Person\",\"@id\":\"https:\/\/www.elvalledeloscaidos.es\/portal\/#\/schema\/person\/b4711176f6b283a7b25ff137a7e34a40\",\"name\":\"Redaccion\",\"image\":{\"@type\":\"ImageObject\",\"@id\":\"https:\/\/www.elvalledeloscaidos.es\/portal\/#personlogo\",\"inLanguage\":\"es\",\"url\":\"https:\/\/secure.gravatar.com\/avatar\/43c3c16f338b78edeffdbd22a8090c53?s=96&d=mm&r=g\",\"contentUrl\":\"https:\/\/secure.gravatar.com\/avatar\/43c3c16f338b78edeffdbd22a8090c53?s=96&d=mm&r=g\",\"caption\":\"Redaccion\"},\"url\":\"https:\/\/www.elvalledeloscaidos.es\/portal\/?author=3\"}]}<\/script>\n<!-- \/ Yoast SEO plugin. -->","yoast_head_json":{"title":"El Partido Popular de Ayuntamiento de San Lorenzo de El Escorial, se abstiene una vez m\u00e1s de solicitar la declaraci\u00f3n de \u201cBien de Inter\u00e9s Cultural\u201d para el Valle de los Ca\u00eddos. - ADVC","robots":{"index":"index","follow":"follow","max-snippet":"max-snippet:-1","max-image-preview":"max-image-preview:large","max-video-preview":"max-video-preview:-1"},"canonical":"https:\/\/www.elvalledeloscaidos.es\/portal\/?p=4793","og_locale":"es_ES","og_type":"article","og_title":"El Partido Popular de Ayuntamiento de San Lorenzo de El Escorial, se abstiene una vez m\u00e1s de solicitar la declaraci\u00f3n de \u201cBien de Inter\u00e9s Cultural\u201d para el Valle de los Ca\u00eddos. - ADVC","og_description":"El Grupo Municipal de Alternativa Municipal Espa\u00f1ola (A.M.E) del Ayuntamiento del Real Sitio de San Lorenzo de El Escorial, present\u00f3 el pasado d\u00eda 18 de noviembre una moci\u00f3n ante el pleno del ayuntamiento de San Lorenzo en la que instaba al pleno la declaraci\u00f3n de \u201cBien de Inter\u00e9s Cultural\u201d para [&hellip;]","og_url":"https:\/\/www.elvalledeloscaidos.es\/portal\/?p=4793","og_site_name":"ADVC","article_published_time":"2014-11-24T14:07:48+00:00","article_modified_time":"2014-11-24T14:10:23+00:00","og_image":[{"url":"http:\/\/www.elvalledeloscaidos.es\/portal\/wp-content\/uploads\/2014\/11\/esco.jpg"}],"twitter_card":"summary_large_image","twitter_misc":{"Escrito por":"Redaccion","Tiempo de lectura":"1 minuto"},"schema":{"@context":"https:\/\/schema.org","@graph":[{"@type":"WebSite","@id":"https:\/\/www.elvalledeloscaidos.es\/portal\/#website","url":"https:\/\/www.elvalledeloscaidos.es\/portal\/","name":"ADVC","description":"Asociaci\u00f3n Para la Defensa del Valle de los Ca\u00eddos","potentialAction":[{"@type":"SearchAction","target":{"@type":"EntryPoint","urlTemplate":"https:\/\/www.elvalledeloscaidos.es\/portal\/?s={search_term_string}"},"query-input":"required name=search_term_string"}],"inLanguage":"es"},{"@type":"ImageObject","@id":"https:\/\/www.elvalledeloscaidos.es\/portal\/?p=4793#primaryimage","inLanguage":"es","url":"http:\/\/www.elvalledeloscaidos.es\/portal\/wp-content\/uploads\/2014\/11\/esco.jpg","contentUrl":"http:\/\/www.elvalledeloscaidos.es\/portal\/wp-content\/uploads\/2014\/11\/esco.jpg"},{"@type":"WebPage","@id":"https:\/\/www.elvalledeloscaidos.es\/portal\/?p=4793#webpage","url":"https:\/\/www.elvalledeloscaidos.es\/portal\/?p=4793","name":"El Partido Popular de Ayuntamiento de San Lorenzo de El Escorial, se abstiene una vez m\u00e1s de solicitar la declaraci\u00f3n de \u201cBien de Inter\u00e9s Cultural\u201d para el Valle de los Ca\u00eddos. - ADVC","isPartOf":{"@id":"https:\/\/www.elvalledeloscaidos.es\/portal\/#website"},"primaryImageOfPage":{"@id":"https:\/\/www.elvalledeloscaidos.es\/portal\/?p=4793#primaryimage"},"datePublished":"2014-11-24T14:07:48+00:00","dateModified":"2014-11-24T14:10:23+00:00","author":{"@id":"https:\/\/www.elvalledeloscaidos.es\/portal\/#\/schema\/person\/b4711176f6b283a7b25ff137a7e34a40"},"breadcrumb":{"@id":"https:\/\/www.elvalledeloscaidos.es\/portal\/?p=4793#breadcrumb"},"inLanguage":"es","potentialAction":[{"@type":"ReadAction","target":["https:\/\/www.elvalledeloscaidos.es\/portal\/?p=4793"]}]},{"@type":"BreadcrumbList","@id":"https:\/\/www.elvalledeloscaidos.es\/portal\/?p=4793#breadcrumb","itemListElement":[{"@type":"ListItem","position":1,"name":"Portada","item":"https:\/\/www.elvalledeloscaidos.es\/portal"},{"@type":"ListItem","position":2,"name":"El Partido Popular de Ayuntamiento de San Lorenzo de El Escorial, se abstiene una vez m\u00e1s de solicitar la declaraci\u00f3n de \u201cBien de Inter\u00e9s Cultural\u201d para el Valle de los Ca\u00eddos."}]},{"@type":"Person","@id":"https:\/\/www.elvalledeloscaidos.es\/portal\/#\/schema\/person\/b4711176f6b283a7b25ff137a7e34a40","name":"Redaccion","image":{"@type":"ImageObject","@id":"https:\/\/www.elvalledeloscaidos.es\/portal\/#personlogo","inLanguage":"es","url":"https:\/\/secure.gravatar.com\/avatar\/43c3c16f338b78edeffdbd22a8090c53?s=96&d=mm&r=g","contentUrl":"https:\/\/secure.gravatar.com\/avatar\/43c3c16f338b78edeffdbd22a8090c53?s=96&d=mm&r=g","caption":"Redaccion"},"url":"https:\/\/www.elvalledeloscaidos.es\/portal\/?author=3"}]}},"_links":{"self":[{"href":"https:\/\/www.elvalledeloscaidos.es\/portal\/index.php?rest_route=\/wp\/v2\/posts\/4793"}],"collection":[{"href":"https:\/\/www.elvalledeloscaidos.es\/portal\/index.php?rest_route=\/wp\/v2\/posts"}],"about":[{"href":"https:\/\/www.elvalledeloscaidos.es\/portal\/index.php?rest_route=\/wp\/v2\/types\/post"}],"author":[{"embeddable":true,"href":"https:\/\/www.elvalledeloscaidos.es\/portal\/index.php?rest_route=\/wp\/v2\/users\/3"}],"replies":[{"embeddable":true,"href":"https:\/\/www.elvalledeloscaidos.es\/portal\/index.php?rest_route=%2Fwp%2Fv2%2Fcomments&post=4793"}],"version-history":[{"count":4,"href":"https:\/\/www.elvalledeloscaidos.es\/portal\/index.php?rest_route=\/wp\/v2\/posts\/4793\/revisions"}],"predecessor-version":[{"id":4799,"href":"https:\/\/www.elvalledeloscaidos.es\/portal\/index.php?rest_route=\/wp\/v2\/posts\/4793\/revisions\/4799"}],"wp:attachment":[{"href":"https:\/\/www.elvalledeloscaidos.es\/portal\/index.php?rest_route=%2Fwp%2Fv2%2Fmedia&parent=4793"}],"wp:term":[{"taxonomy":"category","embeddable":true,"href":"https:\/\/www.elvalledeloscaidos.es\/portal\/index.php?rest_route=%2Fwp%2Fv2%2Fcategories&post=4793"},{"taxonomy":"post_tag","embeddable":true,"href":"https:\/\/www.elvalledeloscaidos.es\/portal\/index.php?rest_route=%2Fwp%2Fv2%2Ftags&post=4793"}],"curies":[{"name":"wp","href":"https:\/\/api.w.org\/{rel}","templated":true}]}}