{"id":4836,"date":"2015-01-28T16:15:30","date_gmt":"2015-01-28T15:15:30","guid":{"rendered":"http:\/\/www.elvalledeloscaidos.es\/portal\/?p=4836"},"modified":"2015-01-28T16:19:50","modified_gmt":"2015-01-28T15:19:50","slug":"ha-muerto-maria-dolores-moreno-muguruza","status":"publish","type":"post","link":"https:\/\/www.elvalledeloscaidos.es\/portal\/?p=4836","title":{"rendered":"Ha muerto Mar\u00eda Dolores Moreno Muguruza"},"content":{"rendered":"<p>El pasado d\u00eda 13 de enero falleci\u00f3 en Madrid Mar\u00eda Dolores Moreno Muguruza, sobrina del primer arquitecto del Valle de los Ca\u00eddos, Pedro Muguruza Ota\u00f1o. Desde la Asociaci\u00f3n Para la Defensa del Valle de los Ca\u00eddos rogamos una oraci\u00f3n por su alma y acompa\u00f1amos sinceramente en su dolor a la familia Moreno Muguruza, familia muy querida por todo el colectivo de socios y simpatizantes de esta asociaci\u00f3n.<\/p>\n<p><center><img decoding=\"async\" loading=\"lazy\" class=\"aligncenter wp-image-4837 size-full\" src=\"http:\/\/www.elvalledeloscaidos.es\/portal\/wp-content\/uploads\/2015\/01\/muguruza2.jpg\" alt=\"muguruza2\" width=\"394\" height=\"510\" srcset=\"https:\/\/www.elvalledeloscaidos.es\/portal\/wp-content\/uploads\/2015\/01\/muguruza2.jpg 394w, https:\/\/www.elvalledeloscaidos.es\/portal\/wp-content\/uploads\/2015\/01\/muguruza2-232x300.jpg 232w\" sizes=\"(max-width: 394px) 100vw, 394px\" \/><\/center><\/p>\n","protected":false},"excerpt":{"rendered":"<p>El pasado d\u00eda 13 de enero falleci\u00f3 en Madrid Mar\u00eda Dolores Moreno Muguruza, sobrina del primer arquitecto del Valle de los Ca\u00eddos, Pedro Muguruza Ota\u00f1o. Desde la Asociaci\u00f3n Para la Defensa del Valle de los Ca\u00eddos rogamos una oraci\u00f3n por su alma y acompa\u00f1amos sinceramente en su dolor a la [&hellip;]<\/p>\n","protected":false},"author":1,"featured_media":0,"comment_status":"open","ping_status":"open","sticky":false,"template":"","format":"standard","meta":[],"categories":[4],"tags":[],"yoast_head":"<!-- This site is optimized with the Yoast SEO plugin v18.6 - https:\/\/yoast.com\/wordpress\/plugins\/seo\/ -->\n<title>Ha muerto Mar\u00eda Dolores Moreno Muguruza - ADVC<\/title>\n<meta name=\"robots\" content=\"index, follow, max-snippet:-1, max-image-preview:large, max-video-preview:-1\" \/>\n<link rel=\"canonical\" href=\"https:\/\/www.elvalledeloscaidos.es\/portal\/?p=4836\" \/>\n<meta property=\"og:locale\" content=\"es_ES\" \/>\n<meta property=\"og:type\" content=\"article\" \/>\n<meta property=\"og:title\" content=\"Ha muerto Mar\u00eda Dolores Moreno Muguruza - ADVC\" \/>\n<meta property=\"og:description\" content=\"El pasado d\u00eda 13 de enero falleci\u00f3 en Madrid Mar\u00eda Dolores Moreno Muguruza, sobrina del primer arquitecto del Valle de los Ca\u00eddos, Pedro Muguruza Ota\u00f1o. Desde la Asociaci\u00f3n Para la Defensa del Valle de los Ca\u00eddos rogamos una oraci\u00f3n por su alma y acompa\u00f1amos sinceramente en su dolor a la [&hellip;]\" \/>\n<meta property=\"og:url\" content=\"https:\/\/www.elvalledeloscaidos.es\/portal\/?p=4836\" \/>\n<meta property=\"og:site_name\" content=\"ADVC\" \/>\n<meta property=\"article:published_time\" content=\"2015-01-28T15:15:30+00:00\" \/>\n<meta property=\"article:modified_time\" content=\"2015-01-28T15:19:50+00:00\" \/>\n<meta property=\"og:image\" content=\"http:\/\/www.elvalledeloscaidos.es\/portal\/wp-content\/uploads\/2015\/01\/muguruza2.jpg\" \/>\n<meta name=\"twitter:card\" content=\"summary_large_image\" \/>\n<meta name=\"twitter:label1\" content=\"Escrito por\" \/>\n\t<meta name=\"twitter:data1\" content=\"linares\" \/>\n<script type=\"application\/ld+json\" class=\"yoast-schema-graph\">{\"@context\":\"https:\/\/schema.org\",\"@graph\":[{\"@type\":\"WebSite\",\"@id\":\"https:\/\/www.elvalledeloscaidos.es\/portal\/#website\",\"url\":\"https:\/\/www.elvalledeloscaidos.es\/portal\/\",\"name\":\"ADVC\",\"description\":\"Asociaci\u00f3n Para la Defensa del Valle de los Ca\u00eddos\",\"potentialAction\":[{\"@type\":\"SearchAction\",\"target\":{\"@type\":\"EntryPoint\",\"urlTemplate\":\"https:\/\/www.elvalledeloscaidos.es\/portal\/?s={search_term_string}\"},\"query-input\":\"required name=search_term_string\"}],\"inLanguage\":\"es\"},{\"@type\":\"ImageObject\",\"@id\":\"https:\/\/www.elvalledeloscaidos.es\/portal\/?p=4836#primaryimage\",\"inLanguage\":\"es\",\"url\":\"http:\/\/www.elvalledeloscaidos.es\/portal\/wp-content\/uploads\/2015\/01\/muguruza2.jpg\",\"contentUrl\":\"http:\/\/www.elvalledeloscaidos.es\/portal\/wp-content\/uploads\/2015\/01\/muguruza2.jpg\"},{\"@type\":\"WebPage\",\"@id\":\"https:\/\/www.elvalledeloscaidos.es\/portal\/?p=4836#webpage\",\"url\":\"https:\/\/www.elvalledeloscaidos.es\/portal\/?p=4836\",\"name\":\"Ha muerto Mar\u00eda Dolores Moreno Muguruza - ADVC\",\"isPartOf\":{\"@id\":\"https:\/\/www.elvalledeloscaidos.es\/portal\/#website\"},\"primaryImageOfPage\":{\"@id\":\"https:\/\/www.elvalledeloscaidos.es\/portal\/?p=4836#primaryimage\"},\"datePublished\":\"2015-01-28T15:15:30+00:00\",\"dateModified\":\"2015-01-28T15:19:50+00:00\",\"author\":{\"@id\":\"https:\/\/www.elvalledeloscaidos.es\/portal\/#\/schema\/person\/36b3894dc4f1eb332b7fc369aed7eb58\"},\"breadcrumb\":{\"@id\":\"https:\/\/www.elvalledeloscaidos.es\/portal\/?p=4836#breadcrumb\"},\"inLanguage\":\"es\",\"potentialAction\":[{\"@type\":\"ReadAction\",\"target\":[\"https:\/\/www.elvalledeloscaidos.es\/portal\/?p=4836\"]}]},{\"@type\":\"BreadcrumbList\",\"@id\":\"https:\/\/www.elvalledeloscaidos.es\/portal\/?p=4836#breadcrumb\",\"itemListElement\":[{\"@type\":\"ListItem\",\"position\":1,\"name\":\"Portada\",\"item\":\"https:\/\/www.elvalledeloscaidos.es\/portal\"},{\"@type\":\"ListItem\",\"position\":2,\"name\":\"Ha muerto Mar\u00eda Dolores Moreno Muguruza\"}]},{\"@type\":\"Person\",\"@id\":\"https:\/\/www.elvalledeloscaidos.es\/portal\/#\/schema\/person\/36b3894dc4f1eb332b7fc369aed7eb58\",\"name\":\"linares\",\"image\":{\"@type\":\"ImageObject\",\"@id\":\"https:\/\/www.elvalledeloscaidos.es\/portal\/#personlogo\",\"inLanguage\":\"es\",\"url\":\"https:\/\/secure.gravatar.com\/avatar\/0b6f3a427655ac169c9155e538724b76?s=96&d=mm&r=g\",\"contentUrl\":\"https:\/\/secure.gravatar.com\/avatar\/0b6f3a427655ac169c9155e538724b76?s=96&d=mm&r=g\",\"caption\":\"linares\"},\"url\":\"https:\/\/www.elvalledeloscaidos.es\/portal\/?author=1\"}]}<\/script>\n<!-- \/ Yoast SEO plugin. -->","yoast_head_json":{"title":"Ha muerto Mar\u00eda Dolores Moreno Muguruza - ADVC","robots":{"index":"index","follow":"follow","max-snippet":"max-snippet:-1","max-image-preview":"max-image-preview:large","max-video-preview":"max-video-preview:-1"},"canonical":"https:\/\/www.elvalledeloscaidos.es\/portal\/?p=4836","og_locale":"es_ES","og_type":"article","og_title":"Ha muerto Mar\u00eda Dolores Moreno Muguruza - ADVC","og_description":"El pasado d\u00eda 13 de enero falleci\u00f3 en Madrid Mar\u00eda Dolores Moreno Muguruza, sobrina del primer arquitecto del Valle de los Ca\u00eddos, Pedro Muguruza Ota\u00f1o. Desde la Asociaci\u00f3n Para la Defensa del Valle de los Ca\u00eddos rogamos una oraci\u00f3n por su alma y acompa\u00f1amos sinceramente en su dolor a la [&hellip;]","og_url":"https:\/\/www.elvalledeloscaidos.es\/portal\/?p=4836","og_site_name":"ADVC","article_published_time":"2015-01-28T15:15:30+00:00","article_modified_time":"2015-01-28T15:19:50+00:00","og_image":[{"url":"http:\/\/www.elvalledeloscaidos.es\/portal\/wp-content\/uploads\/2015\/01\/muguruza2.jpg"}],"twitter_card":"summary_large_image","twitter_misc":{"Escrito por":"linares"},"schema":{"@context":"https:\/\/schema.org","@graph":[{"@type":"WebSite","@id":"https:\/\/www.elvalledeloscaidos.es\/portal\/#website","url":"https:\/\/www.elvalledeloscaidos.es\/portal\/","name":"ADVC","description":"Asociaci\u00f3n Para la Defensa del Valle de los Ca\u00eddos","potentialAction":[{"@type":"SearchAction","target":{"@type":"EntryPoint","urlTemplate":"https:\/\/www.elvalledeloscaidos.es\/portal\/?s={search_term_string}"},"query-input":"required name=search_term_string"}],"inLanguage":"es"},{"@type":"ImageObject","@id":"https:\/\/www.elvalledeloscaidos.es\/portal\/?p=4836#primaryimage","inLanguage":"es","url":"http:\/\/www.elvalledeloscaidos.es\/portal\/wp-content\/uploads\/2015\/01\/muguruza2.jpg","contentUrl":"http:\/\/www.elvalledeloscaidos.es\/portal\/wp-content\/uploads\/2015\/01\/muguruza2.jpg"},{"@type":"WebPage","@id":"https:\/\/www.elvalledeloscaidos.es\/portal\/?p=4836#webpage","url":"https:\/\/www.elvalledeloscaidos.es\/portal\/?p=4836","name":"Ha muerto Mar\u00eda Dolores Moreno Muguruza - ADVC","isPartOf":{"@id":"https:\/\/www.elvalledeloscaidos.es\/portal\/#website"},"primaryImageOfPage":{"@id":"https:\/\/www.elvalledeloscaidos.es\/portal\/?p=4836#primaryimage"},"datePublished":"2015-01-28T15:15:30+00:00","dateModified":"2015-01-28T15:19:50+00:00","author":{"@id":"https:\/\/www.elvalledeloscaidos.es\/portal\/#\/schema\/person\/36b3894dc4f1eb332b7fc369aed7eb58"},"breadcrumb":{"@id":"https:\/\/www.elvalledeloscaidos.es\/portal\/?p=4836#breadcrumb"},"inLanguage":"es","potentialAction":[{"@type":"ReadAction","target":["https:\/\/www.elvalledeloscaidos.es\/portal\/?p=4836"]}]},{"@type":"BreadcrumbList","@id":"https:\/\/www.elvalledeloscaidos.es\/portal\/?p=4836#breadcrumb","itemListElement":[{"@type":"ListItem","position":1,"name":"Portada","item":"https:\/\/www.elvalledeloscaidos.es\/portal"},{"@type":"ListItem","position":2,"name":"Ha muerto Mar\u00eda Dolores Moreno Muguruza"}]},{"@type":"Person","@id":"https:\/\/www.elvalledeloscaidos.es\/portal\/#\/schema\/person\/36b3894dc4f1eb332b7fc369aed7eb58","name":"linares","image":{"@type":"ImageObject","@id":"https:\/\/www.elvalledeloscaidos.es\/portal\/#personlogo","inLanguage":"es","url":"https:\/\/secure.gravatar.com\/avatar\/0b6f3a427655ac169c9155e538724b76?s=96&d=mm&r=g","contentUrl":"https:\/\/secure.gravatar.com\/avatar\/0b6f3a427655ac169c9155e538724b76?s=96&d=mm&r=g","caption":"linares"},"url":"https:\/\/www.elvalledeloscaidos.es\/portal\/?author=1"}]}},"_links":{"self":[{"href":"https:\/\/www.elvalledeloscaidos.es\/portal\/index.php?rest_route=\/wp\/v2\/posts\/4836"}],"collection":[{"href":"https:\/\/www.elvalledeloscaidos.es\/portal\/index.php?rest_route=\/wp\/v2\/posts"}],"about":[{"href":"https:\/\/www.elvalledeloscaidos.es\/portal\/index.php?rest_route=\/wp\/v2\/types\/post"}],"author":[{"embeddable":true,"href":"https:\/\/www.elvalledeloscaidos.es\/portal\/index.php?rest_route=\/wp\/v2\/users\/1"}],"replies":[{"embeddable":true,"href":"https:\/\/www.elvalledeloscaidos.es\/portal\/index.php?rest_route=%2Fwp%2Fv2%2Fcomments&post=4836"}],"version-history":[{"count":4,"href":"https:\/\/www.elvalledeloscaidos.es\/portal\/index.php?rest_route=\/wp\/v2\/posts\/4836\/revisions"}],"predecessor-version":[{"id":4841,"href":"https:\/\/www.elvalledeloscaidos.es\/portal\/index.php?rest_route=\/wp\/v2\/posts\/4836\/revisions\/4841"}],"wp:attachment":[{"href":"https:\/\/www.elvalledeloscaidos.es\/portal\/index.php?rest_route=%2Fwp%2Fv2%2Fmedia&parent=4836"}],"wp:term":[{"taxonomy":"category","embeddable":true,"href":"https:\/\/www.elvalledeloscaidos.es\/portal\/index.php?rest_route=%2Fwp%2Fv2%2Fcategories&post=4836"},{"taxonomy":"post_tag","embeddable":true,"href":"https:\/\/www.elvalledeloscaidos.es\/portal\/index.php?rest_route=%2Fwp%2Fv2%2Ftags&post=4836"}],"curies":[{"name":"wp","href":"https:\/\/api.w.org\/{rel}","templated":true}]}}