{"id":4890,"date":"2015-02-23T17:07:19","date_gmt":"2015-02-23T16:07:19","guid":{"rendered":"http:\/\/www.elvalledeloscaidos.es\/portal\/?p=4890"},"modified":"2015-02-27T16:49:38","modified_gmt":"2015-02-27T15:49:38","slug":"la-advc-pregunta-a-presidencia-cuales-fueron-los-honorarios-recibidos-por-los-miembros-de-la-comision-de-expertos-del-valle-de-los-caidos","status":"publish","type":"post","link":"https:\/\/www.elvalledeloscaidos.es\/portal\/?p=4890","title":{"rendered":"La ADVC pregunta a Presidencia, cu\u00e1les fueron los honorarios recibidos por los miembros de la \u00abComisi\u00f3n de Expertos del Valle de los Ca\u00eddos\u00bb"},"content":{"rendered":"<p><\/p>\n<p>\n<div id=\"id_54eb4e25812774a76754148\" class=\"text_exposed_root text_exposed\">\n<p>La Asociaci\u00f3n Para la Defensa del Valle de los Ca\u00eddos, solicita al Ministerio de la Presidencia se le informe sobre emolumentos y\/o honorarios recibidos en su d\u00eda por la \u00abComisi\u00f3n de Expertos del Valle de los Ca\u00eddos\u00bb<\/p>\n<p>Extracto del escrito remitido al Ministerio de la Presidencia.<\/p>\n<p>Durante la pasada legislatura se cre\u00f3 por acuerdo del Consejo de Ministros (Orden PRE\/1396\/2011), publicado en el BOE el d\u00eda 28\/05\/2011, la creaci\u00f3n de la \u00abComisi\u00f3n de Expertos del Valle de los Ca\u00eddos<span class=\"text_exposed_hide\">&#8230;<\/span><span class=\"text_exposed_show\">\u00ab.<\/span><\/p>\n<div class=\"text_exposed_show\">\n<p>Esta comisi\u00f3n estaba formada por los siguientes \u00abexpertos\u00bb:<br \/>\n&#8211; Don Virgilio Zapatero G\u00f3mez.<br \/>\n&#8211; Don Pedro Jos\u00e9 Gonz\u00e1lez-Trevijano S\u00e1nchez.<br \/>\n&#8211; Do\u00f1a Carme Molinero Ruiz.<br \/>\n&#8211; Don Miguel Herrero y Rodr\u00edguez de Mi\u00f1\u00f3n.<br \/>\n&#8211; Do\u00f1a Alicia Alted Vigil.<br \/>\n&#8211; Don Manuel Reyes Mate<br \/>\n&#8211; Do\u00f1a Amelia Valc\u00e1rcel Bernardo de Quir\u00f3s.<br \/>\n&#8211; Don Hilari Raguer i Su\u00f1er. Historiador.<br \/>\n&#8211; Do\u00f1a Carmen Sanz Ay\u00e1n.<br \/>\n&#8211; Don Ricard Vinyes Ribas.<br \/>\n&#8211; Don Francisco Ferr\u00e1ndiz Martin.<br \/>\n&#8211; Don Carlos Garc\u00eda de Andoin Mart\u00edn<\/p>\n<p>En el punto 4.1 del citado acuerdo se establec\u00eda que:<\/p>\n<p>\u00abA los miembros de la Comisi\u00f3n de Expertos para el Futuro del Valle de los Ca\u00eddos les ser\u00e1 de aplicaci\u00f3n lo establecido en el Real Decreto 462\/2002, de 24 de mayo, sobre indemnizaciones por raz\u00f3n del servicio.\u00bb<\/p>\n<p>Por la presente, esta Asociaci\u00f3n Para la Defensa del Valle de los Ca\u00eddos, solicita le sea comunicado cuales fueron los honorarios y\/o emolumentos recibidos por cada uno de los miembros de la \u00abComisi\u00f3n de Expertos del Valle de los Ca\u00eddos\u00bb, incluyendo dietas, desplazamientos y cualquier otro gasto derivado de la creaci\u00f3n de la citada comisi\u00f3n, sea \u00e9ste de la cuant\u00eda que sea.<\/p>\n<p>&nbsp;<\/p>\n<\/div>\n<p><img decoding=\"async\" loading=\"lazy\" class=\"aligncenter wp-image-4892 size-full\" src=\"http:\/\/www.elvalledeloscaidos.es\/portal\/wp-content\/uploads\/2015\/02\/comision.jpg\" alt=\"comision\" width=\"400\" height=\"268\" srcset=\"https:\/\/www.elvalledeloscaidos.es\/portal\/wp-content\/uploads\/2015\/02\/comision.jpg 400w, https:\/\/www.elvalledeloscaidos.es\/portal\/wp-content\/uploads\/2015\/02\/comision-300x201.jpg 300w\" sizes=\"(max-width: 400px) 100vw, 400px\" \/><\/p>\n<\/div>\n","protected":false},"excerpt":{"rendered":"<p>La Asociaci\u00f3n Para la Defensa del Valle de los Ca\u00eddos, solicita al Ministerio de la Presidencia se le informe sobre emolumentos y\/o honorarios recibidos en su d\u00eda por la \u00abComisi\u00f3n de Expertos del Valle de los Ca\u00eddos\u00bb Extracto del escrito remitido al Ministerio de la Presidencia. Durante la pasada legislatura [&hellip;]<\/p>\n","protected":false},"author":1,"featured_media":0,"comment_status":"open","ping_status":"open","sticky":false,"template":"","format":"standard","meta":[],"categories":[4],"tags":[],"yoast_head":"<!-- This site is optimized with the Yoast SEO plugin v18.6 - https:\/\/yoast.com\/wordpress\/plugins\/seo\/ -->\n<title>La ADVC pregunta a Presidencia, cu\u00e1les fueron los honorarios recibidos por los miembros de la &quot;Comisi\u00f3n de Expertos del Valle de los Ca\u00eddos&quot; - ADVC<\/title>\n<meta name=\"robots\" content=\"index, follow, max-snippet:-1, max-image-preview:large, max-video-preview:-1\" \/>\n<link rel=\"canonical\" href=\"https:\/\/www.elvalledeloscaidos.es\/portal\/?p=4890\" \/>\n<meta property=\"og:locale\" content=\"es_ES\" \/>\n<meta property=\"og:type\" content=\"article\" \/>\n<meta property=\"og:title\" content=\"La ADVC pregunta a Presidencia, cu\u00e1les fueron los honorarios recibidos por los miembros de la &quot;Comisi\u00f3n de Expertos del Valle de los Ca\u00eddos&quot; - ADVC\" \/>\n<meta property=\"og:description\" content=\"La Asociaci\u00f3n Para la Defensa del Valle de los Ca\u00eddos, solicita al Ministerio de la Presidencia se le informe sobre emolumentos y\/o honorarios recibidos en su d\u00eda por la \u00abComisi\u00f3n de Expertos del Valle de los Ca\u00eddos\u00bb Extracto del escrito remitido al Ministerio de la Presidencia. Durante la pasada legislatura [&hellip;]\" \/>\n<meta property=\"og:url\" content=\"https:\/\/www.elvalledeloscaidos.es\/portal\/?p=4890\" \/>\n<meta property=\"og:site_name\" content=\"ADVC\" \/>\n<meta property=\"article:published_time\" content=\"2015-02-23T16:07:19+00:00\" \/>\n<meta property=\"article:modified_time\" content=\"2015-02-27T15:49:38+00:00\" \/>\n<meta property=\"og:image\" content=\"http:\/\/www.elvalledeloscaidos.es\/portal\/wp-content\/uploads\/2015\/02\/comision.jpg\" \/>\n<meta name=\"twitter:card\" content=\"summary_large_image\" \/>\n<meta name=\"twitter:label1\" content=\"Escrito por\" \/>\n\t<meta name=\"twitter:data1\" content=\"linares\" \/>\n\t<meta name=\"twitter:label2\" content=\"Tiempo de lectura\" \/>\n\t<meta name=\"twitter:data2\" content=\"2 minutos\" \/>\n<script type=\"application\/ld+json\" class=\"yoast-schema-graph\">{\"@context\":\"https:\/\/schema.org\",\"@graph\":[{\"@type\":\"WebSite\",\"@id\":\"https:\/\/www.elvalledeloscaidos.es\/portal\/#website\",\"url\":\"https:\/\/www.elvalledeloscaidos.es\/portal\/\",\"name\":\"ADVC\",\"description\":\"Asociaci\u00f3n Para la Defensa del Valle de los Ca\u00eddos\",\"potentialAction\":[{\"@type\":\"SearchAction\",\"target\":{\"@type\":\"EntryPoint\",\"urlTemplate\":\"https:\/\/www.elvalledeloscaidos.es\/portal\/?s={search_term_string}\"},\"query-input\":\"required name=search_term_string\"}],\"inLanguage\":\"es\"},{\"@type\":\"ImageObject\",\"@id\":\"https:\/\/www.elvalledeloscaidos.es\/portal\/?p=4890#primaryimage\",\"inLanguage\":\"es\",\"url\":\"http:\/\/www.elvalledeloscaidos.es\/portal\/wp-content\/uploads\/2015\/02\/comision.jpg\",\"contentUrl\":\"http:\/\/www.elvalledeloscaidos.es\/portal\/wp-content\/uploads\/2015\/02\/comision.jpg\"},{\"@type\":\"WebPage\",\"@id\":\"https:\/\/www.elvalledeloscaidos.es\/portal\/?p=4890#webpage\",\"url\":\"https:\/\/www.elvalledeloscaidos.es\/portal\/?p=4890\",\"name\":\"La ADVC pregunta a Presidencia, cu\u00e1les fueron los honorarios recibidos por los miembros de la \\\"Comisi\u00f3n de Expertos del Valle de los Ca\u00eddos\\\" - ADVC\",\"isPartOf\":{\"@id\":\"https:\/\/www.elvalledeloscaidos.es\/portal\/#website\"},\"primaryImageOfPage\":{\"@id\":\"https:\/\/www.elvalledeloscaidos.es\/portal\/?p=4890#primaryimage\"},\"datePublished\":\"2015-02-23T16:07:19+00:00\",\"dateModified\":\"2015-02-27T15:49:38+00:00\",\"author\":{\"@id\":\"https:\/\/www.elvalledeloscaidos.es\/portal\/#\/schema\/person\/36b3894dc4f1eb332b7fc369aed7eb58\"},\"breadcrumb\":{\"@id\":\"https:\/\/www.elvalledeloscaidos.es\/portal\/?p=4890#breadcrumb\"},\"inLanguage\":\"es\",\"potentialAction\":[{\"@type\":\"ReadAction\",\"target\":[\"https:\/\/www.elvalledeloscaidos.es\/portal\/?p=4890\"]}]},{\"@type\":\"BreadcrumbList\",\"@id\":\"https:\/\/www.elvalledeloscaidos.es\/portal\/?p=4890#breadcrumb\",\"itemListElement\":[{\"@type\":\"ListItem\",\"position\":1,\"name\":\"Portada\",\"item\":\"https:\/\/www.elvalledeloscaidos.es\/portal\"},{\"@type\":\"ListItem\",\"position\":2,\"name\":\"La ADVC pregunta a Presidencia, cu\u00e1les fueron los honorarios recibidos por los miembros de la \u00abComisi\u00f3n de Expertos del Valle de los Ca\u00eddos\u00bb\"}]},{\"@type\":\"Person\",\"@id\":\"https:\/\/www.elvalledeloscaidos.es\/portal\/#\/schema\/person\/36b3894dc4f1eb332b7fc369aed7eb58\",\"name\":\"linares\",\"image\":{\"@type\":\"ImageObject\",\"@id\":\"https:\/\/www.elvalledeloscaidos.es\/portal\/#personlogo\",\"inLanguage\":\"es\",\"url\":\"https:\/\/secure.gravatar.com\/avatar\/0b6f3a427655ac169c9155e538724b76?s=96&d=mm&r=g\",\"contentUrl\":\"https:\/\/secure.gravatar.com\/avatar\/0b6f3a427655ac169c9155e538724b76?s=96&d=mm&r=g\",\"caption\":\"linares\"},\"url\":\"https:\/\/www.elvalledeloscaidos.es\/portal\/?author=1\"}]}<\/script>\n<!-- \/ Yoast SEO plugin. -->","yoast_head_json":{"title":"La ADVC pregunta a Presidencia, cu\u00e1les fueron los honorarios recibidos por los miembros de la \"Comisi\u00f3n de Expertos del Valle de los Ca\u00eddos\" - ADVC","robots":{"index":"index","follow":"follow","max-snippet":"max-snippet:-1","max-image-preview":"max-image-preview:large","max-video-preview":"max-video-preview:-1"},"canonical":"https:\/\/www.elvalledeloscaidos.es\/portal\/?p=4890","og_locale":"es_ES","og_type":"article","og_title":"La ADVC pregunta a Presidencia, cu\u00e1les fueron los honorarios recibidos por los miembros de la \"Comisi\u00f3n de Expertos del Valle de los Ca\u00eddos\" - ADVC","og_description":"La Asociaci\u00f3n Para la Defensa del Valle de los Ca\u00eddos, solicita al Ministerio de la Presidencia se le informe sobre emolumentos y\/o honorarios recibidos en su d\u00eda por la \u00abComisi\u00f3n de Expertos del Valle de los Ca\u00eddos\u00bb Extracto del escrito remitido al Ministerio de la Presidencia. Durante la pasada legislatura [&hellip;]","og_url":"https:\/\/www.elvalledeloscaidos.es\/portal\/?p=4890","og_site_name":"ADVC","article_published_time":"2015-02-23T16:07:19+00:00","article_modified_time":"2015-02-27T15:49:38+00:00","og_image":[{"url":"http:\/\/www.elvalledeloscaidos.es\/portal\/wp-content\/uploads\/2015\/02\/comision.jpg"}],"twitter_card":"summary_large_image","twitter_misc":{"Escrito por":"linares","Tiempo de lectura":"2 minutos"},"schema":{"@context":"https:\/\/schema.org","@graph":[{"@type":"WebSite","@id":"https:\/\/www.elvalledeloscaidos.es\/portal\/#website","url":"https:\/\/www.elvalledeloscaidos.es\/portal\/","name":"ADVC","description":"Asociaci\u00f3n Para la Defensa del Valle de los Ca\u00eddos","potentialAction":[{"@type":"SearchAction","target":{"@type":"EntryPoint","urlTemplate":"https:\/\/www.elvalledeloscaidos.es\/portal\/?s={search_term_string}"},"query-input":"required name=search_term_string"}],"inLanguage":"es"},{"@type":"ImageObject","@id":"https:\/\/www.elvalledeloscaidos.es\/portal\/?p=4890#primaryimage","inLanguage":"es","url":"http:\/\/www.elvalledeloscaidos.es\/portal\/wp-content\/uploads\/2015\/02\/comision.jpg","contentUrl":"http:\/\/www.elvalledeloscaidos.es\/portal\/wp-content\/uploads\/2015\/02\/comision.jpg"},{"@type":"WebPage","@id":"https:\/\/www.elvalledeloscaidos.es\/portal\/?p=4890#webpage","url":"https:\/\/www.elvalledeloscaidos.es\/portal\/?p=4890","name":"La ADVC pregunta a Presidencia, cu\u00e1les fueron los honorarios recibidos por los miembros de la \"Comisi\u00f3n de Expertos del Valle de los Ca\u00eddos\" - ADVC","isPartOf":{"@id":"https:\/\/www.elvalledeloscaidos.es\/portal\/#website"},"primaryImageOfPage":{"@id":"https:\/\/www.elvalledeloscaidos.es\/portal\/?p=4890#primaryimage"},"datePublished":"2015-02-23T16:07:19+00:00","dateModified":"2015-02-27T15:49:38+00:00","author":{"@id":"https:\/\/www.elvalledeloscaidos.es\/portal\/#\/schema\/person\/36b3894dc4f1eb332b7fc369aed7eb58"},"breadcrumb":{"@id":"https:\/\/www.elvalledeloscaidos.es\/portal\/?p=4890#breadcrumb"},"inLanguage":"es","potentialAction":[{"@type":"ReadAction","target":["https:\/\/www.elvalledeloscaidos.es\/portal\/?p=4890"]}]},{"@type":"BreadcrumbList","@id":"https:\/\/www.elvalledeloscaidos.es\/portal\/?p=4890#breadcrumb","itemListElement":[{"@type":"ListItem","position":1,"name":"Portada","item":"https:\/\/www.elvalledeloscaidos.es\/portal"},{"@type":"ListItem","position":2,"name":"La ADVC pregunta a Presidencia, cu\u00e1les fueron los honorarios recibidos por los miembros de la \u00abComisi\u00f3n de Expertos del Valle de los Ca\u00eddos\u00bb"}]},{"@type":"Person","@id":"https:\/\/www.elvalledeloscaidos.es\/portal\/#\/schema\/person\/36b3894dc4f1eb332b7fc369aed7eb58","name":"linares","image":{"@type":"ImageObject","@id":"https:\/\/www.elvalledeloscaidos.es\/portal\/#personlogo","inLanguage":"es","url":"https:\/\/secure.gravatar.com\/avatar\/0b6f3a427655ac169c9155e538724b76?s=96&d=mm&r=g","contentUrl":"https:\/\/secure.gravatar.com\/avatar\/0b6f3a427655ac169c9155e538724b76?s=96&d=mm&r=g","caption":"linares"},"url":"https:\/\/www.elvalledeloscaidos.es\/portal\/?author=1"}]}},"_links":{"self":[{"href":"https:\/\/www.elvalledeloscaidos.es\/portal\/index.php?rest_route=\/wp\/v2\/posts\/4890"}],"collection":[{"href":"https:\/\/www.elvalledeloscaidos.es\/portal\/index.php?rest_route=\/wp\/v2\/posts"}],"about":[{"href":"https:\/\/www.elvalledeloscaidos.es\/portal\/index.php?rest_route=\/wp\/v2\/types\/post"}],"author":[{"embeddable":true,"href":"https:\/\/www.elvalledeloscaidos.es\/portal\/index.php?rest_route=\/wp\/v2\/users\/1"}],"replies":[{"embeddable":true,"href":"https:\/\/www.elvalledeloscaidos.es\/portal\/index.php?rest_route=%2Fwp%2Fv2%2Fcomments&post=4890"}],"version-history":[{"count":3,"href":"https:\/\/www.elvalledeloscaidos.es\/portal\/index.php?rest_route=\/wp\/v2\/posts\/4890\/revisions"}],"predecessor-version":[{"id":4896,"href":"https:\/\/www.elvalledeloscaidos.es\/portal\/index.php?rest_route=\/wp\/v2\/posts\/4890\/revisions\/4896"}],"wp:attachment":[{"href":"https:\/\/www.elvalledeloscaidos.es\/portal\/index.php?rest_route=%2Fwp%2Fv2%2Fmedia&parent=4890"}],"wp:term":[{"taxonomy":"category","embeddable":true,"href":"https:\/\/www.elvalledeloscaidos.es\/portal\/index.php?rest_route=%2Fwp%2Fv2%2Fcategories&post=4890"},{"taxonomy":"post_tag","embeddable":true,"href":"https:\/\/www.elvalledeloscaidos.es\/portal\/index.php?rest_route=%2Fwp%2Fv2%2Ftags&post=4890"}],"curies":[{"name":"wp","href":"https:\/\/api.w.org\/{rel}","templated":true}]}}