{"id":493,"date":"2011-03-22T21:16:32","date_gmt":"2011-03-22T20:16:32","guid":{"rendered":"http:\/\/www.elvalledeloscaidos.es\/portal\/?p=493"},"modified":"2011-03-22T21:16:32","modified_gmt":"2011-03-22T20:16:32","slug":"entrevista-al-abad-del-valle-de-los-caidos","status":"publish","type":"post","link":"https:\/\/www.elvalledeloscaidos.es\/portal\/?p=493","title":{"rendered":"Entrevista al Abad del Valle de los Ca\u00eddos"},"content":{"rendered":"<p>Entrevista al Abad del Valle de los Ca\u00eddos, Dom Anselmo \u00c1lvarez en \u00abvalores al alza\u00bb, de Interecom\u00eda TV<\/p>\n<p><object id=\"null\" width=\"460\" height=\"324\" classid=\"clsid:D27CDB6E-AE6D-11cf-96B8-444553540000\"><param value=\"true\" name=\"allowfullscreen\"\/><param value=\"always\" name=\"allowscriptaccess\"\/><param value=\"high\" name=\"quality\"\/><param value=\"true\" name=\"cachebusting\"\/><param value=\"#000000\" name=\"bgcolor\"\/><param name=\"movie\" value=\"http:\/\/www.intereconomia.com\/flowplayer-3.2.5.swf\" \/><param value=\"config=%7B%22canvas%22%3A%7B%22backgroundGradient%22%3A%22none%22%2C%22border%22%3A%222px%20solid%20%23778899%22%2C%22background%22%3A%22%23000044%20url%28\/sites\/default\/files\/imagecache\/videoplayer324x400\/sites\/default\/files\/Abad.png%29%20no-repeat%200%200%22%2C%22borderRadius%22%3A%220%22%2C%22backgroundColor%22%3A%22transparent%22%7D%2C%22clip%22%3A%7B%22url%22%3A%22http%3A\/\/www.intereconomia.com\/sites\/default\/files\/videos\/abad.flv%22%7D%2C%22playlist%22%3A%5B%7B%22autoPlay%22%3Afalse%2C%22url%22%3A%22http%3A\/\/www.intereconomia.com\/sites\/default\/files\/videos\/abad.flv%22%7D%5D%2C%22plugins%22%3A%7B%22gatracker%22%3A%7B%22url%22%3A%22http%3A\/\/www.intereconomia.com\/flowplayer.analytics-3.2.1.swf%22%2C%22trackingMode%22%3A%22Bridge%22%7D%2C%22viral%22%3A%7B%22share%22%3A%7B%22title%22%3A%22Comparte%20este%20video%22%2C%22description%22%3A%22Entrevista%20al%20Abad%20del%20Valle%20de%20los%20Caidos%22%7D%2C%22email%22%3Afalse%2C%22embed%22%3A%7B%22size%22%3A%22Tamano%20%28pixeles%29%22%2C%22title%22%3A%22Incluya%20este%20video%20en%20su%20web%20copiando%20este%20codigo%22%2C%22copy%22%3A%22Copiar%22%2C%22buttonColor%22%3A%22Color%20de%20botones%22%2C%22options%22%3A%22Personalizar%20tamano%20y%20colores%22%2C%22backgroundColor%22%3A%22Color%20de%20fondo%22%7D%2C%22url%22%3A%22http%3A\/\/www.intereconomia.com\/flowplayer.viralvideos-3.2.3.swf%22%7D%7D%2C%22play%22%3A%7B%22replayLabel%22%3A%22Ver%20de%20nuevo%22%7D%7D\" name=\"flashvars\"\/><embed src=\"http:\/\/www.intereconomia.com\/flowplayer-3.2.5.swf\" type=\"application\/x-shockwave-flash\" width=\"460\" height=\"324\" allowfullscreen=\"true\" allowscriptaccess=\"always\" cachebusting=\"true\" flashvars=\"config=%7B%22canvas%22%3A%7B%22backgroundGradient%22%3A%22none%22%2C%22border%22%3A%222px%20solid%20%23778899%22%2C%22background%22%3A%22%23000044%20url%28\/sites\/default\/files\/imagecache\/videoplayer324x400\/sites\/default\/files\/Abad.png%29%20no-repeat%200%200%22%2C%22borderRadius%22%3A%220%22%2C%22backgroundColor%22%3A%22transparent%22%7D%2C%22clip%22%3A%7B%22url%22%3A%22http%3A\/\/www.intereconomia.com\/sites\/default\/files\/videos\/abad.flv%22%7D%2C%22playlist%22%3A%5B%7B%22autoPlay%22%3Afalse%2C%22url%22%3A%22http%3A\/\/www.intereconomia.com\/sites\/default\/files\/videos\/abad.flv%22%7D%5D%2C%22plugins%22%3A%7B%22gatracker%22%3A%7B%22url%22%3A%22http%3A\/\/www.intereconomia.com\/flowplayer.analytics-3.2.1.swf%22%2C%22trackingMode%22%3A%22Bridge%22%7D%2C%22viral%22%3A%7B%22share%22%3A%7B%22title%22%3A%22Comparte%20este%20video%22%2C%22description%22%3A%22Entrevista%20al%20Abad%20del%20Valle%20de%20los%20Caidos%22%7D%2C%22email%22%3Afalse%2C%22embed%22%3A%7B%22size%22%3A%22Tamano%20%28pixeles%29%22%2C%22title%22%3A%22Incluya%20este%20video%20en%20su%20web%20copiando%20este%20codigo%22%2C%22copy%22%3A%22Copiar%22%2C%22buttonColor%22%3A%22Color%20de%20botones%22%2C%22options%22%3A%22Personalizar%20tamano%20y%20colores%22%2C%22backgroundColor%22%3A%22Color%20de%20fondo%22%7D%2C%22url%22%3A%22http%3A\/\/www.intereconomia.com\/flowplayer.viralvideos-3.2.3.swf%22%7D%7D%2C%22play%22%3A%7B%22replayLabel%22%3A%22Ver%20de%20nuevo%22%7D%7D\" bgcolor=\"#000000\" quality=\"true\"><a href=\"null\" target=\"_blank\">null<\/a><\/embed><\/object><\/p>\n","protected":false},"excerpt":{"rendered":"<p>Entrevista al Abad del Valle de los Ca\u00eddos, Dom Anselmo \u00c1lvarez en \u00abvalores al alza\u00bb, de Interecom\u00eda TV null<\/p>\n","protected":false},"author":1,"featured_media":0,"comment_status":"open","ping_status":"open","sticky":false,"template":"","format":"standard","meta":[],"categories":[6],"tags":[],"yoast_head":"<!-- This site is optimized with the Yoast SEO plugin v18.6 - https:\/\/yoast.com\/wordpress\/plugins\/seo\/ -->\n<title>Entrevista al Abad del Valle de los Ca\u00eddos - ADVC<\/title>\n<meta name=\"robots\" content=\"index, follow, max-snippet:-1, max-image-preview:large, max-video-preview:-1\" \/>\n<link rel=\"canonical\" href=\"https:\/\/www.elvalledeloscaidos.es\/portal\/?p=493\" \/>\n<meta property=\"og:locale\" content=\"es_ES\" \/>\n<meta property=\"og:type\" content=\"article\" \/>\n<meta property=\"og:title\" content=\"Entrevista al Abad del Valle de los Ca\u00eddos - ADVC\" \/>\n<meta property=\"og:description\" content=\"Entrevista al Abad del Valle de los Ca\u00eddos, Dom Anselmo \u00c1lvarez en \u00abvalores al alza\u00bb, de Interecom\u00eda TV null\" \/>\n<meta property=\"og:url\" content=\"https:\/\/www.elvalledeloscaidos.es\/portal\/?p=493\" \/>\n<meta property=\"og:site_name\" content=\"ADVC\" \/>\n<meta property=\"article:published_time\" content=\"2011-03-22T20:16:32+00:00\" \/>\n<meta name=\"twitter:card\" content=\"summary_large_image\" \/>\n<meta name=\"twitter:label1\" content=\"Escrito por\" \/>\n\t<meta name=\"twitter:data1\" content=\"linares\" \/>\n<script type=\"application\/ld+json\" class=\"yoast-schema-graph\">{\"@context\":\"https:\/\/schema.org\",\"@graph\":[{\"@type\":\"WebSite\",\"@id\":\"https:\/\/www.elvalledeloscaidos.es\/portal\/#website\",\"url\":\"https:\/\/www.elvalledeloscaidos.es\/portal\/\",\"name\":\"ADVC\",\"description\":\"Asociaci\u00f3n Para la Defensa del Valle de los Ca\u00eddos\",\"potentialAction\":[{\"@type\":\"SearchAction\",\"target\":{\"@type\":\"EntryPoint\",\"urlTemplate\":\"https:\/\/www.elvalledeloscaidos.es\/portal\/?s={search_term_string}\"},\"query-input\":\"required name=search_term_string\"}],\"inLanguage\":\"es\"},{\"@type\":\"WebPage\",\"@id\":\"https:\/\/www.elvalledeloscaidos.es\/portal\/?p=493#webpage\",\"url\":\"https:\/\/www.elvalledeloscaidos.es\/portal\/?p=493\",\"name\":\"Entrevista al Abad del Valle de los Ca\u00eddos - ADVC\",\"isPartOf\":{\"@id\":\"https:\/\/www.elvalledeloscaidos.es\/portal\/#website\"},\"datePublished\":\"2011-03-22T20:16:32+00:00\",\"dateModified\":\"2011-03-22T20:16:32+00:00\",\"author\":{\"@id\":\"https:\/\/www.elvalledeloscaidos.es\/portal\/#\/schema\/person\/36b3894dc4f1eb332b7fc369aed7eb58\"},\"breadcrumb\":{\"@id\":\"https:\/\/www.elvalledeloscaidos.es\/portal\/?p=493#breadcrumb\"},\"inLanguage\":\"es\",\"potentialAction\":[{\"@type\":\"ReadAction\",\"target\":[\"https:\/\/www.elvalledeloscaidos.es\/portal\/?p=493\"]}]},{\"@type\":\"BreadcrumbList\",\"@id\":\"https:\/\/www.elvalledeloscaidos.es\/portal\/?p=493#breadcrumb\",\"itemListElement\":[{\"@type\":\"ListItem\",\"position\":1,\"name\":\"Portada\",\"item\":\"https:\/\/www.elvalledeloscaidos.es\/portal\"},{\"@type\":\"ListItem\",\"position\":2,\"name\":\"Entrevista al Abad del Valle de los Ca\u00eddos\"}]},{\"@type\":\"Person\",\"@id\":\"https:\/\/www.elvalledeloscaidos.es\/portal\/#\/schema\/person\/36b3894dc4f1eb332b7fc369aed7eb58\",\"name\":\"linares\",\"image\":{\"@type\":\"ImageObject\",\"@id\":\"https:\/\/www.elvalledeloscaidos.es\/portal\/#personlogo\",\"inLanguage\":\"es\",\"url\":\"https:\/\/secure.gravatar.com\/avatar\/0b6f3a427655ac169c9155e538724b76?s=96&d=mm&r=g\",\"contentUrl\":\"https:\/\/secure.gravatar.com\/avatar\/0b6f3a427655ac169c9155e538724b76?s=96&d=mm&r=g\",\"caption\":\"linares\"},\"url\":\"https:\/\/www.elvalledeloscaidos.es\/portal\/?author=1\"}]}<\/script>\n<!-- \/ Yoast SEO plugin. -->","yoast_head_json":{"title":"Entrevista al Abad del Valle de los Ca\u00eddos - ADVC","robots":{"index":"index","follow":"follow","max-snippet":"max-snippet:-1","max-image-preview":"max-image-preview:large","max-video-preview":"max-video-preview:-1"},"canonical":"https:\/\/www.elvalledeloscaidos.es\/portal\/?p=493","og_locale":"es_ES","og_type":"article","og_title":"Entrevista al Abad del Valle de los Ca\u00eddos - ADVC","og_description":"Entrevista al Abad del Valle de los Ca\u00eddos, Dom Anselmo \u00c1lvarez en \u00abvalores al alza\u00bb, de Interecom\u00eda TV null","og_url":"https:\/\/www.elvalledeloscaidos.es\/portal\/?p=493","og_site_name":"ADVC","article_published_time":"2011-03-22T20:16:32+00:00","twitter_card":"summary_large_image","twitter_misc":{"Escrito por":"linares"},"schema":{"@context":"https:\/\/schema.org","@graph":[{"@type":"WebSite","@id":"https:\/\/www.elvalledeloscaidos.es\/portal\/#website","url":"https:\/\/www.elvalledeloscaidos.es\/portal\/","name":"ADVC","description":"Asociaci\u00f3n Para la Defensa del Valle de los Ca\u00eddos","potentialAction":[{"@type":"SearchAction","target":{"@type":"EntryPoint","urlTemplate":"https:\/\/www.elvalledeloscaidos.es\/portal\/?s={search_term_string}"},"query-input":"required name=search_term_string"}],"inLanguage":"es"},{"@type":"WebPage","@id":"https:\/\/www.elvalledeloscaidos.es\/portal\/?p=493#webpage","url":"https:\/\/www.elvalledeloscaidos.es\/portal\/?p=493","name":"Entrevista al Abad del Valle de los Ca\u00eddos - ADVC","isPartOf":{"@id":"https:\/\/www.elvalledeloscaidos.es\/portal\/#website"},"datePublished":"2011-03-22T20:16:32+00:00","dateModified":"2011-03-22T20:16:32+00:00","author":{"@id":"https:\/\/www.elvalledeloscaidos.es\/portal\/#\/schema\/person\/36b3894dc4f1eb332b7fc369aed7eb58"},"breadcrumb":{"@id":"https:\/\/www.elvalledeloscaidos.es\/portal\/?p=493#breadcrumb"},"inLanguage":"es","potentialAction":[{"@type":"ReadAction","target":["https:\/\/www.elvalledeloscaidos.es\/portal\/?p=493"]}]},{"@type":"BreadcrumbList","@id":"https:\/\/www.elvalledeloscaidos.es\/portal\/?p=493#breadcrumb","itemListElement":[{"@type":"ListItem","position":1,"name":"Portada","item":"https:\/\/www.elvalledeloscaidos.es\/portal"},{"@type":"ListItem","position":2,"name":"Entrevista al Abad del Valle de los Ca\u00eddos"}]},{"@type":"Person","@id":"https:\/\/www.elvalledeloscaidos.es\/portal\/#\/schema\/person\/36b3894dc4f1eb332b7fc369aed7eb58","name":"linares","image":{"@type":"ImageObject","@id":"https:\/\/www.elvalledeloscaidos.es\/portal\/#personlogo","inLanguage":"es","url":"https:\/\/secure.gravatar.com\/avatar\/0b6f3a427655ac169c9155e538724b76?s=96&d=mm&r=g","contentUrl":"https:\/\/secure.gravatar.com\/avatar\/0b6f3a427655ac169c9155e538724b76?s=96&d=mm&r=g","caption":"linares"},"url":"https:\/\/www.elvalledeloscaidos.es\/portal\/?author=1"}]}},"_links":{"self":[{"href":"https:\/\/www.elvalledeloscaidos.es\/portal\/index.php?rest_route=\/wp\/v2\/posts\/493"}],"collection":[{"href":"https:\/\/www.elvalledeloscaidos.es\/portal\/index.php?rest_route=\/wp\/v2\/posts"}],"about":[{"href":"https:\/\/www.elvalledeloscaidos.es\/portal\/index.php?rest_route=\/wp\/v2\/types\/post"}],"author":[{"embeddable":true,"href":"https:\/\/www.elvalledeloscaidos.es\/portal\/index.php?rest_route=\/wp\/v2\/users\/1"}],"replies":[{"embeddable":true,"href":"https:\/\/www.elvalledeloscaidos.es\/portal\/index.php?rest_route=%2Fwp%2Fv2%2Fcomments&post=493"}],"version-history":[{"count":1,"href":"https:\/\/www.elvalledeloscaidos.es\/portal\/index.php?rest_route=\/wp\/v2\/posts\/493\/revisions"}],"predecessor-version":[{"id":494,"href":"https:\/\/www.elvalledeloscaidos.es\/portal\/index.php?rest_route=\/wp\/v2\/posts\/493\/revisions\/494"}],"wp:attachment":[{"href":"https:\/\/www.elvalledeloscaidos.es\/portal\/index.php?rest_route=%2Fwp%2Fv2%2Fmedia&parent=493"}],"wp:term":[{"taxonomy":"category","embeddable":true,"href":"https:\/\/www.elvalledeloscaidos.es\/portal\/index.php?rest_route=%2Fwp%2Fv2%2Fcategories&post=493"},{"taxonomy":"post_tag","embeddable":true,"href":"https:\/\/www.elvalledeloscaidos.es\/portal\/index.php?rest_route=%2Fwp%2Fv2%2Ftags&post=493"}],"curies":[{"name":"wp","href":"https:\/\/api.w.org\/{rel}","templated":true}]}}