{"id":4945,"date":"2015-05-04T08:59:02","date_gmt":"2015-05-04T07:59:02","guid":{"rendered":"http:\/\/www.elvalledeloscaidos.es\/portal\/?p=4945"},"modified":"2015-05-04T08:59:02","modified_gmt":"2015-05-04T07:59:02","slug":"invitacion-a-via-crucis-monumental","status":"publish","type":"post","link":"https:\/\/www.elvalledeloscaidos.es\/portal\/?p=4945","title":{"rendered":"Invitaci\u00f3n a V\u00eda Crucis monumental"},"content":{"rendered":"<p>La Asociaci\u00f3n Para la Defensa del Valle de los Ca\u00eddos invita a todos sus socios y simpatizantes al recorrido del V\u00eda Crucis, que se realizar\u00e1 (D.m), el pr\u00f3ximo s\u00e1bado d\u00eda 9 de mayo.<\/p>\n<p>Una vez m\u00e1s y por tercer a\u00f1o consecutivo, la iniciativa es organizada por la Hermandad del Valle de los Ca\u00eddos quien gentilmente invita a esta asociaci\u00f3n y a sus miembros al rezo conjunto del V\u00eda Crucis por su recorrido monumental.<\/p>\n<p><!--more--><\/p>\n<p>Se iniciar\u00e1 el recorrido a las 10.30 de la ma\u00f1ana junto a los Juanelos, para hacer el recorrido de las 14 Estaciones rezando la \u00faltima en la Capilla del Santo Cristo Yacente sobre las 14 horas.<\/p>\n<p>La entrada al Valle ser\u00e1 gratuita, diciendo en la entrada que se va al V\u00eda- Crucis.<\/p>\n<p>&nbsp;<\/p>\n<p>Teniendo en cuenta las dificultades del camino, unos cinco Kil\u00f3metros, y numerosos escalones, se podr\u00e1 realizar \u2013seg\u00fan las facultades f\u00edsicas de cada uno- en los siguientes tramos:<\/p>\n<p>&nbsp;<\/p>\n<p><span style=\"color: #993300;\">1\u00ba.- Todo el recorrido. Unas tres horas a paso normal con las paradas correspondientes en cada Estaci\u00f3n y una un poco m\u00e1s larga en la cima del  Altar Mayor, para reparar fuerzas.<\/span><\/p>\n<p><span style=\"color: #993300;\"> <\/span><\/p>\n<p><span style=\"color: #993300;\">2\u00ba.- Incorporaci\u00f3n en la Estaci\u00f3n 11, pradera un poco antes de llegar al Poblado.<\/span><\/p>\n<p><span style=\"color: #993300;\"> <\/span><\/p>\n<p><span style=\"color: #993300;\">3\u00ba.- Incorporaci\u00f3n en la Estaci\u00f3n 12 (Las tres Cruces) para ya subir todos juntos a la Bas\u00edlica.<\/span><\/p>\n<p>&nbsp;<\/p>\n<p>Dado que no se pueden aparcar los coches en la carretera de subida, hay que realizar la siguiente operaci\u00f3n: Bajarse en los Juanelos  los que vayan a hacer todo el recorrido, continuando el conductor hasta el aparcamiento del Funicular, a la puerta del Restaurante. All\u00ed, si tambi\u00e9n van a realizarlo, ser\u00e1n recogidos por otros coches que los bajar\u00e1n al punto de partida.<\/p>\n<p>Los dem\u00e1s pueden asistir a la Eucarist\u00eda, de las 11 en la Bas\u00edlica, pasear, o tomar algo en el bar, hasta la hora de incorporaci\u00f3n.<\/p>\n<p>Nos gustar\u00eda que todos aquellos que puedan, participaran tambi\u00e9n en la comida de hermandad que celebraremos a continuaci\u00f3n, bien en la Hospeder\u00eda, si es posible, y si no en el restaurante del Funicular, al precio aproximado de 13 euros.<\/p>\n<p>Pocas veces tenemos oportunidad de reunirnos en el Valle, por lo que a pesar de la distancia, creemos que merece la pena hacer un esfuerzo, cumplir con una de nuestras obligaciones estatutarias de car\u00e1cter religioso, demostrar que estamos vivos y disfrutar de la belleza del Valle y su entorno.<\/p>\n<p>&nbsp;<\/p>\n<p>Para poder reservar la comida, os rogamos nos confirm\u00e9is vuestra asistencia y n\u00famero de plazas. Llamando a los n\u00fameros  91 128 77 88 &#8211; 672 152 307  o bien al correo info@elvalledeloscaidos.es<\/p>\n<p><a href=\"http:\/\/www.elvalledeloscaidos.es\/portal\/wp-content\/uploads\/2014\/06\/vc.jpg\"><img decoding=\"async\" loading=\"lazy\" class=\"aligncenter size-full wp-image-4481\" src=\"http:\/\/www.elvalledeloscaidos.es\/portal\/wp-content\/uploads\/2014\/06\/vc.jpg\" alt=\"vc\" width=\"500\" height=\"333\" srcset=\"https:\/\/www.elvalledeloscaidos.es\/portal\/wp-content\/uploads\/2014\/06\/vc.jpg 500w, https:\/\/www.elvalledeloscaidos.es\/portal\/wp-content\/uploads\/2014\/06\/vc-300x199.jpg 300w\" sizes=\"(max-width: 500px) 100vw, 500px\" \/><\/a><\/p>\n<p>&nbsp;<\/p>\n","protected":false},"excerpt":{"rendered":"<p>La Asociaci\u00f3n Para la Defensa del Valle de los Ca\u00eddos invita a todos sus socios y simpatizantes al recorrido del V\u00eda Crucis, que se realizar\u00e1 (D.m), el pr\u00f3ximo s\u00e1bado d\u00eda 9 de mayo. Una vez m\u00e1s y por tercer a\u00f1o consecutivo, la iniciativa es organizada por la Hermandad del Valle [&hellip;]<\/p>\n","protected":false},"author":1,"featured_media":0,"comment_status":"open","ping_status":"open","sticky":false,"template":"","format":"standard","meta":[],"categories":[4],"tags":[],"yoast_head":"<!-- This site is optimized with the Yoast SEO plugin v18.6 - https:\/\/yoast.com\/wordpress\/plugins\/seo\/ -->\n<title>Invitaci\u00f3n a V\u00eda Crucis monumental - ADVC<\/title>\n<meta name=\"robots\" content=\"index, follow, max-snippet:-1, max-image-preview:large, max-video-preview:-1\" \/>\n<link rel=\"canonical\" href=\"https:\/\/www.elvalledeloscaidos.es\/portal\/?p=4945\" \/>\n<meta property=\"og:locale\" content=\"es_ES\" \/>\n<meta property=\"og:type\" content=\"article\" \/>\n<meta property=\"og:title\" content=\"Invitaci\u00f3n a V\u00eda Crucis monumental - ADVC\" \/>\n<meta property=\"og:description\" content=\"La Asociaci\u00f3n Para la Defensa del Valle de los Ca\u00eddos invita a todos sus socios y simpatizantes al recorrido del V\u00eda Crucis, que se realizar\u00e1 (D.m), el pr\u00f3ximo s\u00e1bado d\u00eda 9 de mayo. Una vez m\u00e1s y por tercer a\u00f1o consecutivo, la iniciativa es organizada por la Hermandad del Valle [&hellip;]\" \/>\n<meta property=\"og:url\" content=\"https:\/\/www.elvalledeloscaidos.es\/portal\/?p=4945\" \/>\n<meta property=\"og:site_name\" content=\"ADVC\" \/>\n<meta property=\"article:published_time\" content=\"2015-05-04T07:59:02+00:00\" \/>\n<meta property=\"og:image\" content=\"http:\/\/www.elvalledeloscaidos.es\/portal\/wp-content\/uploads\/2014\/06\/vc.jpg\" \/>\n<meta name=\"twitter:card\" content=\"summary_large_image\" \/>\n<meta name=\"twitter:label1\" content=\"Escrito por\" \/>\n\t<meta name=\"twitter:data1\" content=\"linares\" \/>\n\t<meta name=\"twitter:label2\" content=\"Tiempo de lectura\" \/>\n\t<meta name=\"twitter:data2\" content=\"2 minutos\" \/>\n<script type=\"application\/ld+json\" class=\"yoast-schema-graph\">{\"@context\":\"https:\/\/schema.org\",\"@graph\":[{\"@type\":\"WebSite\",\"@id\":\"https:\/\/www.elvalledeloscaidos.es\/portal\/#website\",\"url\":\"https:\/\/www.elvalledeloscaidos.es\/portal\/\",\"name\":\"ADVC\",\"description\":\"Asociaci\u00f3n Para la Defensa del Valle de los Ca\u00eddos\",\"potentialAction\":[{\"@type\":\"SearchAction\",\"target\":{\"@type\":\"EntryPoint\",\"urlTemplate\":\"https:\/\/www.elvalledeloscaidos.es\/portal\/?s={search_term_string}\"},\"query-input\":\"required name=search_term_string\"}],\"inLanguage\":\"es\"},{\"@type\":\"ImageObject\",\"@id\":\"https:\/\/www.elvalledeloscaidos.es\/portal\/?p=4945#primaryimage\",\"inLanguage\":\"es\",\"url\":\"http:\/\/www.elvalledeloscaidos.es\/portal\/wp-content\/uploads\/2014\/06\/vc.jpg\",\"contentUrl\":\"http:\/\/www.elvalledeloscaidos.es\/portal\/wp-content\/uploads\/2014\/06\/vc.jpg\"},{\"@type\":\"WebPage\",\"@id\":\"https:\/\/www.elvalledeloscaidos.es\/portal\/?p=4945#webpage\",\"url\":\"https:\/\/www.elvalledeloscaidos.es\/portal\/?p=4945\",\"name\":\"Invitaci\u00f3n a V\u00eda Crucis monumental - ADVC\",\"isPartOf\":{\"@id\":\"https:\/\/www.elvalledeloscaidos.es\/portal\/#website\"},\"primaryImageOfPage\":{\"@id\":\"https:\/\/www.elvalledeloscaidos.es\/portal\/?p=4945#primaryimage\"},\"datePublished\":\"2015-05-04T07:59:02+00:00\",\"dateModified\":\"2015-05-04T07:59:02+00:00\",\"author\":{\"@id\":\"https:\/\/www.elvalledeloscaidos.es\/portal\/#\/schema\/person\/36b3894dc4f1eb332b7fc369aed7eb58\"},\"breadcrumb\":{\"@id\":\"https:\/\/www.elvalledeloscaidos.es\/portal\/?p=4945#breadcrumb\"},\"inLanguage\":\"es\",\"potentialAction\":[{\"@type\":\"ReadAction\",\"target\":[\"https:\/\/www.elvalledeloscaidos.es\/portal\/?p=4945\"]}]},{\"@type\":\"BreadcrumbList\",\"@id\":\"https:\/\/www.elvalledeloscaidos.es\/portal\/?p=4945#breadcrumb\",\"itemListElement\":[{\"@type\":\"ListItem\",\"position\":1,\"name\":\"Portada\",\"item\":\"https:\/\/www.elvalledeloscaidos.es\/portal\"},{\"@type\":\"ListItem\",\"position\":2,\"name\":\"Invitaci\u00f3n a V\u00eda Crucis monumental\"}]},{\"@type\":\"Person\",\"@id\":\"https:\/\/www.elvalledeloscaidos.es\/portal\/#\/schema\/person\/36b3894dc4f1eb332b7fc369aed7eb58\",\"name\":\"linares\",\"image\":{\"@type\":\"ImageObject\",\"@id\":\"https:\/\/www.elvalledeloscaidos.es\/portal\/#personlogo\",\"inLanguage\":\"es\",\"url\":\"https:\/\/secure.gravatar.com\/avatar\/0b6f3a427655ac169c9155e538724b76?s=96&d=mm&r=g\",\"contentUrl\":\"https:\/\/secure.gravatar.com\/avatar\/0b6f3a427655ac169c9155e538724b76?s=96&d=mm&r=g\",\"caption\":\"linares\"},\"url\":\"https:\/\/www.elvalledeloscaidos.es\/portal\/?author=1\"}]}<\/script>\n<!-- \/ Yoast SEO plugin. -->","yoast_head_json":{"title":"Invitaci\u00f3n a V\u00eda Crucis monumental - ADVC","robots":{"index":"index","follow":"follow","max-snippet":"max-snippet:-1","max-image-preview":"max-image-preview:large","max-video-preview":"max-video-preview:-1"},"canonical":"https:\/\/www.elvalledeloscaidos.es\/portal\/?p=4945","og_locale":"es_ES","og_type":"article","og_title":"Invitaci\u00f3n a V\u00eda Crucis monumental - ADVC","og_description":"La Asociaci\u00f3n Para la Defensa del Valle de los Ca\u00eddos invita a todos sus socios y simpatizantes al recorrido del V\u00eda Crucis, que se realizar\u00e1 (D.m), el pr\u00f3ximo s\u00e1bado d\u00eda 9 de mayo. Una vez m\u00e1s y por tercer a\u00f1o consecutivo, la iniciativa es organizada por la Hermandad del Valle [&hellip;]","og_url":"https:\/\/www.elvalledeloscaidos.es\/portal\/?p=4945","og_site_name":"ADVC","article_published_time":"2015-05-04T07:59:02+00:00","og_image":[{"url":"http:\/\/www.elvalledeloscaidos.es\/portal\/wp-content\/uploads\/2014\/06\/vc.jpg"}],"twitter_card":"summary_large_image","twitter_misc":{"Escrito por":"linares","Tiempo de lectura":"2 minutos"},"schema":{"@context":"https:\/\/schema.org","@graph":[{"@type":"WebSite","@id":"https:\/\/www.elvalledeloscaidos.es\/portal\/#website","url":"https:\/\/www.elvalledeloscaidos.es\/portal\/","name":"ADVC","description":"Asociaci\u00f3n Para la Defensa del Valle de los Ca\u00eddos","potentialAction":[{"@type":"SearchAction","target":{"@type":"EntryPoint","urlTemplate":"https:\/\/www.elvalledeloscaidos.es\/portal\/?s={search_term_string}"},"query-input":"required name=search_term_string"}],"inLanguage":"es"},{"@type":"ImageObject","@id":"https:\/\/www.elvalledeloscaidos.es\/portal\/?p=4945#primaryimage","inLanguage":"es","url":"http:\/\/www.elvalledeloscaidos.es\/portal\/wp-content\/uploads\/2014\/06\/vc.jpg","contentUrl":"http:\/\/www.elvalledeloscaidos.es\/portal\/wp-content\/uploads\/2014\/06\/vc.jpg"},{"@type":"WebPage","@id":"https:\/\/www.elvalledeloscaidos.es\/portal\/?p=4945#webpage","url":"https:\/\/www.elvalledeloscaidos.es\/portal\/?p=4945","name":"Invitaci\u00f3n a V\u00eda Crucis monumental - ADVC","isPartOf":{"@id":"https:\/\/www.elvalledeloscaidos.es\/portal\/#website"},"primaryImageOfPage":{"@id":"https:\/\/www.elvalledeloscaidos.es\/portal\/?p=4945#primaryimage"},"datePublished":"2015-05-04T07:59:02+00:00","dateModified":"2015-05-04T07:59:02+00:00","author":{"@id":"https:\/\/www.elvalledeloscaidos.es\/portal\/#\/schema\/person\/36b3894dc4f1eb332b7fc369aed7eb58"},"breadcrumb":{"@id":"https:\/\/www.elvalledeloscaidos.es\/portal\/?p=4945#breadcrumb"},"inLanguage":"es","potentialAction":[{"@type":"ReadAction","target":["https:\/\/www.elvalledeloscaidos.es\/portal\/?p=4945"]}]},{"@type":"BreadcrumbList","@id":"https:\/\/www.elvalledeloscaidos.es\/portal\/?p=4945#breadcrumb","itemListElement":[{"@type":"ListItem","position":1,"name":"Portada","item":"https:\/\/www.elvalledeloscaidos.es\/portal"},{"@type":"ListItem","position":2,"name":"Invitaci\u00f3n a V\u00eda Crucis monumental"}]},{"@type":"Person","@id":"https:\/\/www.elvalledeloscaidos.es\/portal\/#\/schema\/person\/36b3894dc4f1eb332b7fc369aed7eb58","name":"linares","image":{"@type":"ImageObject","@id":"https:\/\/www.elvalledeloscaidos.es\/portal\/#personlogo","inLanguage":"es","url":"https:\/\/secure.gravatar.com\/avatar\/0b6f3a427655ac169c9155e538724b76?s=96&d=mm&r=g","contentUrl":"https:\/\/secure.gravatar.com\/avatar\/0b6f3a427655ac169c9155e538724b76?s=96&d=mm&r=g","caption":"linares"},"url":"https:\/\/www.elvalledeloscaidos.es\/portal\/?author=1"}]}},"_links":{"self":[{"href":"https:\/\/www.elvalledeloscaidos.es\/portal\/index.php?rest_route=\/wp\/v2\/posts\/4945"}],"collection":[{"href":"https:\/\/www.elvalledeloscaidos.es\/portal\/index.php?rest_route=\/wp\/v2\/posts"}],"about":[{"href":"https:\/\/www.elvalledeloscaidos.es\/portal\/index.php?rest_route=\/wp\/v2\/types\/post"}],"author":[{"embeddable":true,"href":"https:\/\/www.elvalledeloscaidos.es\/portal\/index.php?rest_route=\/wp\/v2\/users\/1"}],"replies":[{"embeddable":true,"href":"https:\/\/www.elvalledeloscaidos.es\/portal\/index.php?rest_route=%2Fwp%2Fv2%2Fcomments&post=4945"}],"version-history":[{"count":1,"href":"https:\/\/www.elvalledeloscaidos.es\/portal\/index.php?rest_route=\/wp\/v2\/posts\/4945\/revisions"}],"predecessor-version":[{"id":4946,"href":"https:\/\/www.elvalledeloscaidos.es\/portal\/index.php?rest_route=\/wp\/v2\/posts\/4945\/revisions\/4946"}],"wp:attachment":[{"href":"https:\/\/www.elvalledeloscaidos.es\/portal\/index.php?rest_route=%2Fwp%2Fv2%2Fmedia&parent=4945"}],"wp:term":[{"taxonomy":"category","embeddable":true,"href":"https:\/\/www.elvalledeloscaidos.es\/portal\/index.php?rest_route=%2Fwp%2Fv2%2Fcategories&post=4945"},{"taxonomy":"post_tag","embeddable":true,"href":"https:\/\/www.elvalledeloscaidos.es\/portal\/index.php?rest_route=%2Fwp%2Fv2%2Ftags&post=4945"}],"curies":[{"name":"wp","href":"https:\/\/api.w.org\/{rel}","templated":true}]}}