{"id":4980,"date":"2015-07-06T16:14:56","date_gmt":"2015-07-06T15:14:56","guid":{"rendered":"http:\/\/www.elvalledeloscaidos.es\/portal\/?p=4980"},"modified":"2015-07-06T22:00:29","modified_gmt":"2015-07-06T21:00:29","slug":"las-visitas-al-valle-de-los-caidos-y-las-medias-verdades","status":"publish","type":"post","link":"https:\/\/www.elvalledeloscaidos.es\/portal\/?p=4980","title":{"rendered":"Las visitas al Valle de los Ca\u00eddos y las medias verdades o las mentiras completas"},"content":{"rendered":"<p>El diario secesionista catal\u00e1n del Conde de God\u00f3, grande Espa\u00f1a, La Vanguardia (antes Vanguardia Espa\u00f1ola) se hace eco de una informaci\u00f3n relativa a las visitas de p\u00fablico a los museos gestionados por Patrimonio Nacional.<\/p>\n<div><\/div>\n<div>La informaci\u00f3n presenta, entre otros datos, los siguientes:<\/div>\n<div><\/div>\n<div>\n<p>Madrid, 3 jul (EFE).- En los seis primeros meses de 2015, el n\u00famero de visitantes a los palacios y monasterios reales gestionados por Patrimonio Nacional ha crecido un 10 % respecto al mismo periodo de 2014, pero mientras que el Palacio Real sube hasta las 641.891, el Valle de los Ca\u00eddos, pierde de nuevo, de 116.377 a 114.755.<\/p>\n<p>Leer m\u00e1s:\u00a0<a href=\"http:\/\/www.lavanguardia.com\/cultura\/20150703\/54433193160\/suben-un-10-las-visitas-a-los-palacios-y-monasterios-de-patrimonio-en-2015.html#ixzz3er872jGR\" target=\"_blank\"><span style=\"color: #1155cc;\">http:\/\/www.lavanguardia.<wbr \/><\/span>com\/cultura\/20150703\/<wbr \/>54433193160\/suben-un-10-las-<wbr \/>visitas-a-los-palacios-y-<wbr \/>monasterios-de-patrimonio-en-<wbr \/>2015.html#ixzz3er872jGR<span style=\"color: #222222;\">\u00a0<\/span><\/a><\/p>\n<p>&nbsp;<\/p>\n<\/div>\n<div><\/div>\n<div>La disquisici\u00f3n sobre qu\u00e9 es peor, si una verdad a medias o una mentira completa sirve, en este caso, como ejemplo de que es mucho peor una verdad a medias, y lo vamos a explicar.<\/div>\n<div><\/div>\n<div>Los palacios y monasterios reales gestionados por Patrimonio Nacional reciben importantes sumas de dinero, mucho del cual es generado por el turismo visitante de cada centro, pero otro es destinado por el organismo p\u00fablico procedente de otros or\u00edgenes. La conservaci\u00f3n y el mantenimiento de cada lugar permite a los visitantes acceder a toda la oferta cultural disponible en cada uno de ellos, pudi\u00e9ndose realizar un recorrido completo por parte de los visitantes, que han pagado <strong>el precio de la entrada para poder visitar al completo cada palacio o monasterio en la parte que es visitable<\/strong>.<\/div>\n<div><\/div>\n<div>Sin embargo, en el Valle de los Ca\u00eddos, la cosa es bien diferente.<\/div>\n<div><\/div>\n<div>Los diferentes gobiernos de Espa\u00f1a, desde Adolfo Su\u00e1rez, pero en especial los de Rodr\u00edguez Zapatero y Mariano Rajoy, aliados y colaboradores en la Ley de Memoria Hist\u00f3rica, han perpetrado un verdadero acoso y derribo del Monumento Nacional a los Ca\u00eddos.<\/div>\n<div><\/div>\n<div>Zapatero lleg\u00f3 a cerrar al culto la Bas\u00edlica pontificia que all\u00ed hay, gobernada por una comunidad de monjes benedictinos. A la vez que se produc\u00eda esta ilegalidad se comet\u00edan otros desmanes de los que habr\u00e1 que exigir las responsabilidades a los culpables. De hecho, esta ADVC, tiene presentada una querella contra el actual presidente de Patrimonio Nacional por la m\u00e1s que evidente dejaci\u00f3n de funciones en cuesti\u00f3n de mantenimiento.<\/div>\n<div><\/div>\n<div>Uno de los hechos m\u00e1s flagrantes producidos por quien preside Patrimonio Nacional fue el gasto de m\u00e1s de 59.000 euros en abrir una \u00absenda ecol\u00f3gica\u00bb en el monte de Cuelgamuros, cuyas obras de adecuaci\u00f3n se otorgaron hace ahora 2 a\u00f1os a\u00a0la empresa TALHER S.A, \u00a0y sin que por el momento se tenga conocimiento de la apertura al p\u00fablico de dicho recorrido ecol\u00f3gico-cultural, como as\u00ed atestigua la propia web de Patrimonio Nacional desde hace 2 a\u00f1os. Adem\u00e1s supone un agravante que las labores de mantenimiento de la senda (como de la inmensa mayor\u00eda de las edificaciones del Valle), brillan por su ausencia, con lo cual la senda y sus 59.000 euros de coste se pueden perder irremediablemente.<\/div>\n<div><\/div>\n<div><a href=\"http:\/\/www.elvalledeloscaidos.es\/portal\/wp-content\/uploads\/2015\/07\/elvallede.jpg\"><img decoding=\"async\" loading=\"lazy\" class=\"aligncenter size-full wp-image-4982\" src=\"http:\/\/www.elvalledeloscaidos.es\/portal\/wp-content\/uploads\/2015\/07\/elvallede.jpg\" alt=\"elvallede\" width=\"550\" height=\"517\" srcset=\"https:\/\/www.elvalledeloscaidos.es\/portal\/wp-content\/uploads\/2015\/07\/elvallede.jpg 550w, https:\/\/www.elvalledeloscaidos.es\/portal\/wp-content\/uploads\/2015\/07\/elvallede-300x282.jpg 300w\" sizes=\"(max-width: 550px) 100vw, 550px\" \/><\/a><\/div>\n<div><\/div>\n<div><\/div>\n<div>Zapatero antes, y ahora Rajoy, han ahogado econ\u00f3micamente al Valle de los Ca\u00eddos de manera deliberada. Adem\u00e1s de que no destinan la totalidad del dinero recaudado en taquilla a la conservaci\u00f3n y mantenimiento del citado monumento, sino que parte de este importe es detra\u00eddo y empleado en otros fines diferentes, no destinan sumas adicionales cu\u00f1ado son necesarias.<\/div>\n<div>Por otro lado, varias partes del monumento est\u00e1n cerradas al p\u00fablico, como es el caso de la base de la cruz exterior, su acceso pedestre y el funicular que all\u00ed existe y que est\u00e1 en perfecto estado de uso y cuya mantenimiento se costea en aras de \u00abuna futura reapertura\u00bb. Tampoco hay servicio de gu\u00edas tur\u00edsticos personales ni de audiogu\u00edas, como s\u00ed hay en la mayor\u00eda de los lugares gestionados por Patrimonio Nacional.Se encuentran cerrados al p\u00fablico el asador y la cafeter\u00eda del parking principal, aunque s\u00ed est\u00e1 abierta la de la estaci\u00f3n del funicular. El empresario que la gestiona mediante \u00a0adjudicaci\u00f3n por concurso p\u00fablico ha sufrido, al parecer,\u00a0\u00a0alteraciones en las condiciones pactadas por contrato por parte de la administraci\u00f3n, caus\u00e1ndole graves p\u00e9rdidas econ\u00f3micas y perjudicando la contrataci\u00f3n laboral de m\u00e1s personal hostelero. El ayuntamiento de San Lorenzo de EL Escorial (antes PP, ahora ya no)\u00a0le multiplic\u00f3 por 10 el importe de la tasa de basuras a la vez que Patrimonio Nacional\u00a0ha subido el importe de las entradas al Valle de los Ca\u00eddos un 80% mientras que no se han ampliado los servicios a los turistas.<\/div>\n<div><\/div>\n<div>Con este panorama hay que concluir que, si bien las visitas al Valle de los Ca\u00eddos han disminuido en n\u00famero debido al aumento del importe de las entradas y al cierre al p\u00fablico de parte del monumento, no se puede afirmar que esta disminuci\u00f3n sea debida a una p\u00e9rdida de inter\u00e9s por los posibles visitantes. El cerco pol\u00edtico al monumento es el verdadero responsable de esta circunstancia.<\/div>\n<div><\/div>\n<div>Por eso titulamos esta informaci\u00f3n como la titulamos. Las medias verdades son peores que las mentiras completas, aunque, en este caso, tanto da una cosa como la otra, o casi.<\/div>\n","protected":false},"excerpt":{"rendered":"<p>El diario secesionista catal\u00e1n del Conde de God\u00f3, grande Espa\u00f1a, La Vanguardia (antes Vanguardia Espa\u00f1ola) se hace eco de una informaci\u00f3n relativa a las visitas de p\u00fablico a los museos gestionados por Patrimonio Nacional. La informaci\u00f3n presenta, entre otros datos, los siguientes: Madrid, 3 jul (EFE).- En los seis primeros [&hellip;]<\/p>\n","protected":false},"author":3,"featured_media":0,"comment_status":"open","ping_status":"open","sticky":false,"template":"","format":"standard","meta":[],"categories":[4],"tags":[],"yoast_head":"<!-- This site is optimized with the Yoast SEO plugin v18.6 - https:\/\/yoast.com\/wordpress\/plugins\/seo\/ -->\n<title>Las visitas al Valle de los Ca\u00eddos y las medias verdades o las mentiras completas - ADVC<\/title>\n<meta name=\"robots\" content=\"index, follow, max-snippet:-1, max-image-preview:large, max-video-preview:-1\" \/>\n<link rel=\"canonical\" href=\"https:\/\/www.elvalledeloscaidos.es\/portal\/?p=4980\" \/>\n<meta property=\"og:locale\" content=\"es_ES\" \/>\n<meta property=\"og:type\" content=\"article\" \/>\n<meta property=\"og:title\" content=\"Las visitas al Valle de los Ca\u00eddos y las medias verdades o las mentiras completas - ADVC\" \/>\n<meta property=\"og:description\" content=\"El diario secesionista catal\u00e1n del Conde de God\u00f3, grande Espa\u00f1a, La Vanguardia (antes Vanguardia Espa\u00f1ola) se hace eco de una informaci\u00f3n relativa a las visitas de p\u00fablico a los museos gestionados por Patrimonio Nacional. La informaci\u00f3n presenta, entre otros datos, los siguientes: Madrid, 3 jul (EFE).- En los seis primeros [&hellip;]\" \/>\n<meta property=\"og:url\" content=\"https:\/\/www.elvalledeloscaidos.es\/portal\/?p=4980\" \/>\n<meta property=\"og:site_name\" content=\"ADVC\" \/>\n<meta property=\"article:published_time\" content=\"2015-07-06T15:14:56+00:00\" \/>\n<meta property=\"article:modified_time\" content=\"2015-07-06T21:00:29+00:00\" \/>\n<meta property=\"og:image\" content=\"http:\/\/www.elvalledeloscaidos.es\/portal\/wp-content\/uploads\/2015\/07\/elvallede.jpg\" \/>\n<meta name=\"twitter:card\" content=\"summary_large_image\" \/>\n<meta name=\"twitter:label1\" content=\"Escrito por\" \/>\n\t<meta name=\"twitter:data1\" content=\"Redaccion\" \/>\n\t<meta name=\"twitter:label2\" content=\"Tiempo de lectura\" \/>\n\t<meta name=\"twitter:data2\" content=\"4 minutos\" \/>\n<script type=\"application\/ld+json\" class=\"yoast-schema-graph\">{\"@context\":\"https:\/\/schema.org\",\"@graph\":[{\"@type\":\"WebSite\",\"@id\":\"https:\/\/www.elvalledeloscaidos.es\/portal\/#website\",\"url\":\"https:\/\/www.elvalledeloscaidos.es\/portal\/\",\"name\":\"ADVC\",\"description\":\"Asociaci\u00f3n Para la Defensa del Valle de los Ca\u00eddos\",\"potentialAction\":[{\"@type\":\"SearchAction\",\"target\":{\"@type\":\"EntryPoint\",\"urlTemplate\":\"https:\/\/www.elvalledeloscaidos.es\/portal\/?s={search_term_string}\"},\"query-input\":\"required name=search_term_string\"}],\"inLanguage\":\"es\"},{\"@type\":\"ImageObject\",\"@id\":\"https:\/\/www.elvalledeloscaidos.es\/portal\/?p=4980#primaryimage\",\"inLanguage\":\"es\",\"url\":\"http:\/\/www.elvalledeloscaidos.es\/portal\/wp-content\/uploads\/2015\/07\/elvallede.jpg\",\"contentUrl\":\"http:\/\/www.elvalledeloscaidos.es\/portal\/wp-content\/uploads\/2015\/07\/elvallede.jpg\"},{\"@type\":\"WebPage\",\"@id\":\"https:\/\/www.elvalledeloscaidos.es\/portal\/?p=4980#webpage\",\"url\":\"https:\/\/www.elvalledeloscaidos.es\/portal\/?p=4980\",\"name\":\"Las visitas al Valle de los Ca\u00eddos y las medias verdades o las mentiras completas - ADVC\",\"isPartOf\":{\"@id\":\"https:\/\/www.elvalledeloscaidos.es\/portal\/#website\"},\"primaryImageOfPage\":{\"@id\":\"https:\/\/www.elvalledeloscaidos.es\/portal\/?p=4980#primaryimage\"},\"datePublished\":\"2015-07-06T15:14:56+00:00\",\"dateModified\":\"2015-07-06T21:00:29+00:00\",\"author\":{\"@id\":\"https:\/\/www.elvalledeloscaidos.es\/portal\/#\/schema\/person\/b4711176f6b283a7b25ff137a7e34a40\"},\"breadcrumb\":{\"@id\":\"https:\/\/www.elvalledeloscaidos.es\/portal\/?p=4980#breadcrumb\"},\"inLanguage\":\"es\",\"potentialAction\":[{\"@type\":\"ReadAction\",\"target\":[\"https:\/\/www.elvalledeloscaidos.es\/portal\/?p=4980\"]}]},{\"@type\":\"BreadcrumbList\",\"@id\":\"https:\/\/www.elvalledeloscaidos.es\/portal\/?p=4980#breadcrumb\",\"itemListElement\":[{\"@type\":\"ListItem\",\"position\":1,\"name\":\"Portada\",\"item\":\"https:\/\/www.elvalledeloscaidos.es\/portal\"},{\"@type\":\"ListItem\",\"position\":2,\"name\":\"Las visitas al Valle de los Ca\u00eddos y las medias verdades o las mentiras completas\"}]},{\"@type\":\"Person\",\"@id\":\"https:\/\/www.elvalledeloscaidos.es\/portal\/#\/schema\/person\/b4711176f6b283a7b25ff137a7e34a40\",\"name\":\"Redaccion\",\"image\":{\"@type\":\"ImageObject\",\"@id\":\"https:\/\/www.elvalledeloscaidos.es\/portal\/#personlogo\",\"inLanguage\":\"es\",\"url\":\"https:\/\/secure.gravatar.com\/avatar\/43c3c16f338b78edeffdbd22a8090c53?s=96&d=mm&r=g\",\"contentUrl\":\"https:\/\/secure.gravatar.com\/avatar\/43c3c16f338b78edeffdbd22a8090c53?s=96&d=mm&r=g\",\"caption\":\"Redaccion\"},\"url\":\"https:\/\/www.elvalledeloscaidos.es\/portal\/?author=3\"}]}<\/script>\n<!-- \/ Yoast SEO plugin. -->","yoast_head_json":{"title":"Las visitas al Valle de los Ca\u00eddos y las medias verdades o las mentiras completas - ADVC","robots":{"index":"index","follow":"follow","max-snippet":"max-snippet:-1","max-image-preview":"max-image-preview:large","max-video-preview":"max-video-preview:-1"},"canonical":"https:\/\/www.elvalledeloscaidos.es\/portal\/?p=4980","og_locale":"es_ES","og_type":"article","og_title":"Las visitas al Valle de los Ca\u00eddos y las medias verdades o las mentiras completas - ADVC","og_description":"El diario secesionista catal\u00e1n del Conde de God\u00f3, grande Espa\u00f1a, La Vanguardia (antes Vanguardia Espa\u00f1ola) se hace eco de una informaci\u00f3n relativa a las visitas de p\u00fablico a los museos gestionados por Patrimonio Nacional. La informaci\u00f3n presenta, entre otros datos, los siguientes: Madrid, 3 jul (EFE).- En los seis primeros [&hellip;]","og_url":"https:\/\/www.elvalledeloscaidos.es\/portal\/?p=4980","og_site_name":"ADVC","article_published_time":"2015-07-06T15:14:56+00:00","article_modified_time":"2015-07-06T21:00:29+00:00","og_image":[{"url":"http:\/\/www.elvalledeloscaidos.es\/portal\/wp-content\/uploads\/2015\/07\/elvallede.jpg"}],"twitter_card":"summary_large_image","twitter_misc":{"Escrito por":"Redaccion","Tiempo de lectura":"4 minutos"},"schema":{"@context":"https:\/\/schema.org","@graph":[{"@type":"WebSite","@id":"https:\/\/www.elvalledeloscaidos.es\/portal\/#website","url":"https:\/\/www.elvalledeloscaidos.es\/portal\/","name":"ADVC","description":"Asociaci\u00f3n Para la Defensa del Valle de los Ca\u00eddos","potentialAction":[{"@type":"SearchAction","target":{"@type":"EntryPoint","urlTemplate":"https:\/\/www.elvalledeloscaidos.es\/portal\/?s={search_term_string}"},"query-input":"required name=search_term_string"}],"inLanguage":"es"},{"@type":"ImageObject","@id":"https:\/\/www.elvalledeloscaidos.es\/portal\/?p=4980#primaryimage","inLanguage":"es","url":"http:\/\/www.elvalledeloscaidos.es\/portal\/wp-content\/uploads\/2015\/07\/elvallede.jpg","contentUrl":"http:\/\/www.elvalledeloscaidos.es\/portal\/wp-content\/uploads\/2015\/07\/elvallede.jpg"},{"@type":"WebPage","@id":"https:\/\/www.elvalledeloscaidos.es\/portal\/?p=4980#webpage","url":"https:\/\/www.elvalledeloscaidos.es\/portal\/?p=4980","name":"Las visitas al Valle de los Ca\u00eddos y las medias verdades o las mentiras completas - ADVC","isPartOf":{"@id":"https:\/\/www.elvalledeloscaidos.es\/portal\/#website"},"primaryImageOfPage":{"@id":"https:\/\/www.elvalledeloscaidos.es\/portal\/?p=4980#primaryimage"},"datePublished":"2015-07-06T15:14:56+00:00","dateModified":"2015-07-06T21:00:29+00:00","author":{"@id":"https:\/\/www.elvalledeloscaidos.es\/portal\/#\/schema\/person\/b4711176f6b283a7b25ff137a7e34a40"},"breadcrumb":{"@id":"https:\/\/www.elvalledeloscaidos.es\/portal\/?p=4980#breadcrumb"},"inLanguage":"es","potentialAction":[{"@type":"ReadAction","target":["https:\/\/www.elvalledeloscaidos.es\/portal\/?p=4980"]}]},{"@type":"BreadcrumbList","@id":"https:\/\/www.elvalledeloscaidos.es\/portal\/?p=4980#breadcrumb","itemListElement":[{"@type":"ListItem","position":1,"name":"Portada","item":"https:\/\/www.elvalledeloscaidos.es\/portal"},{"@type":"ListItem","position":2,"name":"Las visitas al Valle de los Ca\u00eddos y las medias verdades o las mentiras completas"}]},{"@type":"Person","@id":"https:\/\/www.elvalledeloscaidos.es\/portal\/#\/schema\/person\/b4711176f6b283a7b25ff137a7e34a40","name":"Redaccion","image":{"@type":"ImageObject","@id":"https:\/\/www.elvalledeloscaidos.es\/portal\/#personlogo","inLanguage":"es","url":"https:\/\/secure.gravatar.com\/avatar\/43c3c16f338b78edeffdbd22a8090c53?s=96&d=mm&r=g","contentUrl":"https:\/\/secure.gravatar.com\/avatar\/43c3c16f338b78edeffdbd22a8090c53?s=96&d=mm&r=g","caption":"Redaccion"},"url":"https:\/\/www.elvalledeloscaidos.es\/portal\/?author=3"}]}},"_links":{"self":[{"href":"https:\/\/www.elvalledeloscaidos.es\/portal\/index.php?rest_route=\/wp\/v2\/posts\/4980"}],"collection":[{"href":"https:\/\/www.elvalledeloscaidos.es\/portal\/index.php?rest_route=\/wp\/v2\/posts"}],"about":[{"href":"https:\/\/www.elvalledeloscaidos.es\/portal\/index.php?rest_route=\/wp\/v2\/types\/post"}],"author":[{"embeddable":true,"href":"https:\/\/www.elvalledeloscaidos.es\/portal\/index.php?rest_route=\/wp\/v2\/users\/3"}],"replies":[{"embeddable":true,"href":"https:\/\/www.elvalledeloscaidos.es\/portal\/index.php?rest_route=%2Fwp%2Fv2%2Fcomments&post=4980"}],"version-history":[{"count":9,"href":"https:\/\/www.elvalledeloscaidos.es\/portal\/index.php?rest_route=\/wp\/v2\/posts\/4980\/revisions"}],"predecessor-version":[{"id":4990,"href":"https:\/\/www.elvalledeloscaidos.es\/portal\/index.php?rest_route=\/wp\/v2\/posts\/4980\/revisions\/4990"}],"wp:attachment":[{"href":"https:\/\/www.elvalledeloscaidos.es\/portal\/index.php?rest_route=%2Fwp%2Fv2%2Fmedia&parent=4980"}],"wp:term":[{"taxonomy":"category","embeddable":true,"href":"https:\/\/www.elvalledeloscaidos.es\/portal\/index.php?rest_route=%2Fwp%2Fv2%2Fcategories&post=4980"},{"taxonomy":"post_tag","embeddable":true,"href":"https:\/\/www.elvalledeloscaidos.es\/portal\/index.php?rest_route=%2Fwp%2Fv2%2Ftags&post=4980"}],"curies":[{"name":"wp","href":"https:\/\/api.w.org\/{rel}","templated":true}]}}