{"id":5002,"date":"2015-07-21T11:25:46","date_gmt":"2015-07-21T10:25:46","guid":{"rendered":"http:\/\/www.elvalledeloscaidos.es\/portal\/?p=5002"},"modified":"2015-07-21T11:26:55","modified_gmt":"2015-07-21T10:26:55","slug":"5002","status":"publish","type":"post","link":"https:\/\/www.elvalledeloscaidos.es\/portal\/?p=5002","title":{"rendered":"Todos contra la verdad hist\u00f3rica"},"content":{"rendered":"<p>El pasado d\u00eda 13 de julio TeleMadrid publicaba una entrada de uno de sus directivos, D. Miguel Plat\u00f3n, en su blog personal de la web de dicha cadena, en el que se hac\u00eda eco del \u00faltimo libro del profesor y doctor en historia de la Universidad San Pablo CEU, D. Alberto B\u00e1rcena P\u00e9rez, titulado \u00abLos presos del Valle de los Ca\u00eddos\u00bb.<\/p>\n<p>Dicho libro es el resumen de la tesis con la que se doctor\u00f3 <i>cum laude<\/i> recientemente en historia, ante un tribunal compuesto por algunas personas nada sospechosas de ser amigas del Monumento Nacional a los Ca\u00eddos. Tras ocho a\u00f1os de trabajos constantes, consultando innumerables cajas de documentaci\u00f3n oficial que se conservan en los archivos del antiguo Consejo de Obras del Monumento Nacional a los Ca\u00eddos, sito en el Palacio Re al de Madrid, los espa\u00f1oles de hoy disponemos del mejor documento escrito sobre la verdadera historia de la construcci\u00f3n del Valle de los Ca\u00eddos.<\/p>\n<p>La enorme cantidad de mitos y falsedades vertidos durante d\u00e9cadas\u00a0por la izquierda pol\u00edtica y cultural, el aparato de propaganda cuasi oficial en Espa\u00f1a, queda aplastada irremediablemente por los datos aportados en esta tesis y en su libro resumen. Hoy nadie interesado en el tema puede dejar de acudir a la lectura del mismo, cuyo contenido no podr\u00e1 ser refutado por nadie, puesto que nadie dispone de otros datos en sentido contrario porque no existen. Todo lo que la izquierda ha difundido en estas d\u00e9cadas es, sencilla, ramplona y absolutamente mentira.<\/p>\n<p>Desde esta Asociaci\u00f3n para la Defensa del Valle de los Ca\u00eddos no podemos dejar de agradecer a D. Miguel Plat\u00f3n su coherencia personal con la verdad y su valent\u00eda poco com\u00fan, que le est\u00e1n trayendo problemas personales creados desde organizaciones de izquierda, especialmente desde la UGT de TeleMadrid, que le acusan de ser franquista, dando as\u00ed a entender, ingenuamente, que la valent\u00eda en la exposici\u00f3n de la verdad es una virtud patrimonio de los no izquierdistas. Estar con la verdad no es ser franquista, es ser justo, as\u00ed que \u00bfellos con qui\u00e9n est\u00e1n?<\/p>\n<p>Tambi\u00e9n le acusan de negacionista, de desafiar la llamada ley de memoria hist\u00f3rica y de hacer apolog\u00eda del alzamiento del 18 de julio, en el t\u00edpico estilo chekista de quien pretende imponer la mentira por ley falsificando la historia.<\/p>\n<p>Se trata del intento desesperado de desprestigiar a quien se atreve a rebatir el discurso progre oficial hoy en Espa\u00f1a, ya que lo que no pueden hacer es acusarle de mentir, pues lo que ha escrito es casi exactamente lo que aparece en el libro del profesor B\u00e1rcena y que es, \u00e9sta s\u00ed, la \u00fanica verdad sobre la construcci\u00f3n del Valle de los Ca\u00eddos. Y decimos casi exactamente porque el Sr. Plat\u00f3n habla de la presencia de presos pol\u00edticos en la construcci\u00f3n del monumento, cuando la realidad, expuesta en el libro, es que los presos que all\u00ed trabajaron, todos ellos de forma voluntaria para redimir condenas, no lo eran por su condici\u00f3n ideol\u00f3gica, sino por haber sido condenados ante un tribunal por la comisi\u00f3n de delitos comunes, como el asesinato, el robo, el secuestro, el incendio de iglesias, etc&#8230; Esto debe quedar muy claro, pues la mentira constante vertida por la izquierda sobre este particular debe quedar aclarada para siempre. \u00bfO es que si un izquierdista asesina y roba no se le ha de juzgar por criminal y ladr\u00f3n?<\/p>\n<p>A continuaci\u00f3n pueden acceder al enlace del blog y al contenido de lo publicado por D. Miguel Plat\u00f3n.<\/p>\n<p><a href=\"http:\/\/www.telemadrid.es\/blogs\/post\/los-presos-del-valle-de-los-caidos\" target=\"_blank\"><span style=\"color: #1155cc;\">http:\/\/www.telemadrid.es\/<wbr \/><\/span>blogs\/post\/los-presos-del-<wbr \/>valle-de-los-caidos<\/a><\/p>\n<p><i>T\u00edtulo: Los presos del Valle de los Ca\u00eddos.<br \/>\nAutor: Alberto B\u00e1rcena P\u00e9rez.<br \/>\nEditorial: Ediciones San Rom\u00e1n. Madrid, 2015.<br \/>\nPuntuaci\u00f3n: 10.<\/i><\/p>\n<p>Desde hace tiempo, en algunos libros y en buena parte de los medios de comunicaci\u00f3n, predomina una leyenda \u201cprogre\u201d sobre el Valle de los Ca\u00eddos, seg\u00fan la cual este \u00faltimo fue construido, en condiciones extremadamente penosas, por presos pol\u00edticos condenados a trabajos forzados. Dichas condiciones habr\u00edan causado un n\u00famero intolerable de muertos durante los casi veinte a\u00f1os que dur\u00f3 la obra.<\/p>\n<p><i>Ninguna de tales acusaciones es cierta, como demuestra en este libro, con los fondos documentales del Archivo General de Palacio, el profesor Alberto B\u00e1rcena P\u00e9rez, de la Universidad CEU-San Pablo.<\/i><\/p>\n<p><i>La realidad es que nadie fue obligado a trabajar en las obras del Valle de los Ca\u00eddos, en las cuales hab\u00eda una parte de trabajadores libres y otra de presos \u2013muchos pol\u00edticos, pero tambi\u00e9n comunes-, los cuales se beneficiaban de una redenci\u00f3n extraordinaria de penas \u2013hasta seis d\u00edas por jornada de trabajo-, cobraban el mismo salario que el resto y, en buen n\u00famero de casos, solicitaban continuar en la obra despu\u00e9s de haber cumplido la condena. Incluso se dieron casos de obreros que llevaban a las familias durante los meses de verano.<\/i><\/p>\n<p><i>El trabajo en una obra tan excepcional era exigente, pero en modo alguno fue causa de una elevada siniestralidad laboral. Muy al contrario, esta \u00faltima fue sensiblemente menor que la habitual en la \u00e9poca. En 19 a\u00f1os s\u00f3lo murieron entre 14 y 18 trabajadores, alguno de ellos en accidente de tr\u00e1fico. Durante los ocho primeros a\u00f1os, cuando era mayor el n\u00famero de presos pol\u00edticos, no hubo una sola baja mortal.<\/i><\/p>\n<p><i>El profesor B\u00e1rcena P\u00e9rez ha rendido, con este libro, un excepcional homenaje a la verdadera memoria hist\u00f3rica de Espa\u00f1a, tan alejada del sectarismo practicado por una izquierda cuya principal se\u00f1a de identidad es la ignorancia.<\/i><\/p>\n<p><i>Miguel Plat\u00f3n<\/i> (Periodista y autor de una decena de libros sobre historia contempor\u00e1nea, es director de Multimedia en Radiotelevisi\u00f3n Madrid. En este blog lleva a cabo un seguimiento puntual de los ensayos m\u00e1s interesantes (no necesariamente los m\u00e1s vendidos) publicados en Espa\u00f1a.)<\/p>\n","protected":false},"excerpt":{"rendered":"<p>El pasado d\u00eda 13 de julio TeleMadrid publicaba una entrada de uno de sus directivos, D. Miguel Plat\u00f3n, en su blog personal de la web de dicha cadena, en el que se hac\u00eda eco del \u00faltimo libro del profesor y doctor en historia de la Universidad San Pablo CEU, D. [&hellip;]<\/p>\n","protected":false},"author":1,"featured_media":0,"comment_status":"open","ping_status":"open","sticky":false,"template":"","format":"standard","meta":[],"categories":[4],"tags":[],"yoast_head":"<!-- This site is optimized with the Yoast SEO plugin v18.6 - https:\/\/yoast.com\/wordpress\/plugins\/seo\/ -->\n<title>Todos contra la verdad hist\u00f3rica - ADVC<\/title>\n<meta name=\"robots\" content=\"index, follow, max-snippet:-1, max-image-preview:large, max-video-preview:-1\" \/>\n<link rel=\"canonical\" href=\"https:\/\/www.elvalledeloscaidos.es\/portal\/?p=5002\" \/>\n<meta property=\"og:locale\" content=\"es_ES\" \/>\n<meta property=\"og:type\" content=\"article\" \/>\n<meta property=\"og:title\" content=\"Todos contra la verdad hist\u00f3rica - ADVC\" \/>\n<meta property=\"og:description\" content=\"El pasado d\u00eda 13 de julio TeleMadrid publicaba una entrada de uno de sus directivos, D. Miguel Plat\u00f3n, en su blog personal de la web de dicha cadena, en el que se hac\u00eda eco del \u00faltimo libro del profesor y doctor en historia de la Universidad San Pablo CEU, D. [&hellip;]\" \/>\n<meta property=\"og:url\" content=\"https:\/\/www.elvalledeloscaidos.es\/portal\/?p=5002\" \/>\n<meta property=\"og:site_name\" content=\"ADVC\" \/>\n<meta property=\"article:published_time\" content=\"2015-07-21T10:25:46+00:00\" \/>\n<meta property=\"article:modified_time\" content=\"2015-07-21T10:26:55+00:00\" \/>\n<meta name=\"twitter:card\" content=\"summary_large_image\" \/>\n<meta name=\"twitter:label1\" content=\"Escrito por\" \/>\n\t<meta name=\"twitter:data1\" content=\"linares\" \/>\n\t<meta name=\"twitter:label2\" content=\"Tiempo de lectura\" \/>\n\t<meta name=\"twitter:data2\" content=\"5 minutos\" \/>\n<script type=\"application\/ld+json\" class=\"yoast-schema-graph\">{\"@context\":\"https:\/\/schema.org\",\"@graph\":[{\"@type\":\"WebSite\",\"@id\":\"https:\/\/www.elvalledeloscaidos.es\/portal\/#website\",\"url\":\"https:\/\/www.elvalledeloscaidos.es\/portal\/\",\"name\":\"ADVC\",\"description\":\"Asociaci\u00f3n Para la Defensa del Valle de los Ca\u00eddos\",\"potentialAction\":[{\"@type\":\"SearchAction\",\"target\":{\"@type\":\"EntryPoint\",\"urlTemplate\":\"https:\/\/www.elvalledeloscaidos.es\/portal\/?s={search_term_string}\"},\"query-input\":\"required name=search_term_string\"}],\"inLanguage\":\"es\"},{\"@type\":\"WebPage\",\"@id\":\"https:\/\/www.elvalledeloscaidos.es\/portal\/?p=5002#webpage\",\"url\":\"https:\/\/www.elvalledeloscaidos.es\/portal\/?p=5002\",\"name\":\"Todos contra la verdad hist\u00f3rica - ADVC\",\"isPartOf\":{\"@id\":\"https:\/\/www.elvalledeloscaidos.es\/portal\/#website\"},\"datePublished\":\"2015-07-21T10:25:46+00:00\",\"dateModified\":\"2015-07-21T10:26:55+00:00\",\"author\":{\"@id\":\"https:\/\/www.elvalledeloscaidos.es\/portal\/#\/schema\/person\/36b3894dc4f1eb332b7fc369aed7eb58\"},\"breadcrumb\":{\"@id\":\"https:\/\/www.elvalledeloscaidos.es\/portal\/?p=5002#breadcrumb\"},\"inLanguage\":\"es\",\"potentialAction\":[{\"@type\":\"ReadAction\",\"target\":[\"https:\/\/www.elvalledeloscaidos.es\/portal\/?p=5002\"]}]},{\"@type\":\"BreadcrumbList\",\"@id\":\"https:\/\/www.elvalledeloscaidos.es\/portal\/?p=5002#breadcrumb\",\"itemListElement\":[{\"@type\":\"ListItem\",\"position\":1,\"name\":\"Portada\",\"item\":\"https:\/\/www.elvalledeloscaidos.es\/portal\"},{\"@type\":\"ListItem\",\"position\":2,\"name\":\"Todos contra la verdad hist\u00f3rica\"}]},{\"@type\":\"Person\",\"@id\":\"https:\/\/www.elvalledeloscaidos.es\/portal\/#\/schema\/person\/36b3894dc4f1eb332b7fc369aed7eb58\",\"name\":\"linares\",\"image\":{\"@type\":\"ImageObject\",\"@id\":\"https:\/\/www.elvalledeloscaidos.es\/portal\/#personlogo\",\"inLanguage\":\"es\",\"url\":\"https:\/\/secure.gravatar.com\/avatar\/0b6f3a427655ac169c9155e538724b76?s=96&d=mm&r=g\",\"contentUrl\":\"https:\/\/secure.gravatar.com\/avatar\/0b6f3a427655ac169c9155e538724b76?s=96&d=mm&r=g\",\"caption\":\"linares\"},\"url\":\"https:\/\/www.elvalledeloscaidos.es\/portal\/?author=1\"}]}<\/script>\n<!-- \/ Yoast SEO plugin. -->","yoast_head_json":{"title":"Todos contra la verdad hist\u00f3rica - ADVC","robots":{"index":"index","follow":"follow","max-snippet":"max-snippet:-1","max-image-preview":"max-image-preview:large","max-video-preview":"max-video-preview:-1"},"canonical":"https:\/\/www.elvalledeloscaidos.es\/portal\/?p=5002","og_locale":"es_ES","og_type":"article","og_title":"Todos contra la verdad hist\u00f3rica - ADVC","og_description":"El pasado d\u00eda 13 de julio TeleMadrid publicaba una entrada de uno de sus directivos, D. Miguel Plat\u00f3n, en su blog personal de la web de dicha cadena, en el que se hac\u00eda eco del \u00faltimo libro del profesor y doctor en historia de la Universidad San Pablo CEU, D. [&hellip;]","og_url":"https:\/\/www.elvalledeloscaidos.es\/portal\/?p=5002","og_site_name":"ADVC","article_published_time":"2015-07-21T10:25:46+00:00","article_modified_time":"2015-07-21T10:26:55+00:00","twitter_card":"summary_large_image","twitter_misc":{"Escrito por":"linares","Tiempo de lectura":"5 minutos"},"schema":{"@context":"https:\/\/schema.org","@graph":[{"@type":"WebSite","@id":"https:\/\/www.elvalledeloscaidos.es\/portal\/#website","url":"https:\/\/www.elvalledeloscaidos.es\/portal\/","name":"ADVC","description":"Asociaci\u00f3n Para la Defensa del Valle de los Ca\u00eddos","potentialAction":[{"@type":"SearchAction","target":{"@type":"EntryPoint","urlTemplate":"https:\/\/www.elvalledeloscaidos.es\/portal\/?s={search_term_string}"},"query-input":"required name=search_term_string"}],"inLanguage":"es"},{"@type":"WebPage","@id":"https:\/\/www.elvalledeloscaidos.es\/portal\/?p=5002#webpage","url":"https:\/\/www.elvalledeloscaidos.es\/portal\/?p=5002","name":"Todos contra la verdad hist\u00f3rica - ADVC","isPartOf":{"@id":"https:\/\/www.elvalledeloscaidos.es\/portal\/#website"},"datePublished":"2015-07-21T10:25:46+00:00","dateModified":"2015-07-21T10:26:55+00:00","author":{"@id":"https:\/\/www.elvalledeloscaidos.es\/portal\/#\/schema\/person\/36b3894dc4f1eb332b7fc369aed7eb58"},"breadcrumb":{"@id":"https:\/\/www.elvalledeloscaidos.es\/portal\/?p=5002#breadcrumb"},"inLanguage":"es","potentialAction":[{"@type":"ReadAction","target":["https:\/\/www.elvalledeloscaidos.es\/portal\/?p=5002"]}]},{"@type":"BreadcrumbList","@id":"https:\/\/www.elvalledeloscaidos.es\/portal\/?p=5002#breadcrumb","itemListElement":[{"@type":"ListItem","position":1,"name":"Portada","item":"https:\/\/www.elvalledeloscaidos.es\/portal"},{"@type":"ListItem","position":2,"name":"Todos contra la verdad hist\u00f3rica"}]},{"@type":"Person","@id":"https:\/\/www.elvalledeloscaidos.es\/portal\/#\/schema\/person\/36b3894dc4f1eb332b7fc369aed7eb58","name":"linares","image":{"@type":"ImageObject","@id":"https:\/\/www.elvalledeloscaidos.es\/portal\/#personlogo","inLanguage":"es","url":"https:\/\/secure.gravatar.com\/avatar\/0b6f3a427655ac169c9155e538724b76?s=96&d=mm&r=g","contentUrl":"https:\/\/secure.gravatar.com\/avatar\/0b6f3a427655ac169c9155e538724b76?s=96&d=mm&r=g","caption":"linares"},"url":"https:\/\/www.elvalledeloscaidos.es\/portal\/?author=1"}]}},"_links":{"self":[{"href":"https:\/\/www.elvalledeloscaidos.es\/portal\/index.php?rest_route=\/wp\/v2\/posts\/5002"}],"collection":[{"href":"https:\/\/www.elvalledeloscaidos.es\/portal\/index.php?rest_route=\/wp\/v2\/posts"}],"about":[{"href":"https:\/\/www.elvalledeloscaidos.es\/portal\/index.php?rest_route=\/wp\/v2\/types\/post"}],"author":[{"embeddable":true,"href":"https:\/\/www.elvalledeloscaidos.es\/portal\/index.php?rest_route=\/wp\/v2\/users\/1"}],"replies":[{"embeddable":true,"href":"https:\/\/www.elvalledeloscaidos.es\/portal\/index.php?rest_route=%2Fwp%2Fv2%2Fcomments&post=5002"}],"version-history":[{"count":3,"href":"https:\/\/www.elvalledeloscaidos.es\/portal\/index.php?rest_route=\/wp\/v2\/posts\/5002\/revisions"}],"predecessor-version":[{"id":5005,"href":"https:\/\/www.elvalledeloscaidos.es\/portal\/index.php?rest_route=\/wp\/v2\/posts\/5002\/revisions\/5005"}],"wp:attachment":[{"href":"https:\/\/www.elvalledeloscaidos.es\/portal\/index.php?rest_route=%2Fwp%2Fv2%2Fmedia&parent=5002"}],"wp:term":[{"taxonomy":"category","embeddable":true,"href":"https:\/\/www.elvalledeloscaidos.es\/portal\/index.php?rest_route=%2Fwp%2Fv2%2Fcategories&post=5002"},{"taxonomy":"post_tag","embeddable":true,"href":"https:\/\/www.elvalledeloscaidos.es\/portal\/index.php?rest_route=%2Fwp%2Fv2%2Ftags&post=5002"}],"curies":[{"name":"wp","href":"https:\/\/api.w.org\/{rel}","templated":true}]}}