{"id":5013,"date":"2015-08-07T13:34:51","date_gmt":"2015-08-07T12:34:51","guid":{"rendered":"http:\/\/www.elvalledeloscaidos.es\/portal\/?p=5013"},"modified":"2015-08-07T13:37:39","modified_gmt":"2015-08-07T12:37:39","slug":"jose-rodriguez-spiteri-abandono-la-presidencia-de-patrimonio-nacional","status":"publish","type":"post","link":"https:\/\/www.elvalledeloscaidos.es\/portal\/?p=5013","title":{"rendered":"Jos\u00e9 Rodr\u00edguez-Spiteri: \u201cAbandono la presidencia de Patrimonio Nacional\u201d"},"content":{"rendered":"<p>Parece que la noticia finalmente se confirma. Jos\u00e9 Rodr\u00edguez-Spiteri Palazuelo (Madrid, 1945) ya ha comunicado a Presidencia su decisi\u00f3n de dejar el cargo. En cuanto aparezca en el B.O.E. se har\u00e1 efectivo. \u201cAbandono la presidencia. Es el momento, debo recoger mis cosas y dedicarme a mis asuntos\u201d, declara a <a href=\"http:\/\/www.elconfidencial.com\/cultura\/2015-08-06\/jose-rodriguez-spiteri-patrimonio-nacional-abandono_957727\/\" target=\"_blank\">El Confidencial.com<\/a><\/p>\n<p>La noticia recogida por El Confidencial.com, y perfectamente conocida por esta ADVC desde hace dos semanas, nos hace preguntarnos cual ha sido el papel jugado por el Sr. Rodr\u00edguez Spiteri en la gesti\u00f3n de un monumento como es el Valle de los Ca\u00eddos, cuya defensa nos compete, y no s\u00f3lo porque lo diga el propio nombre de nuestra asociaci\u00f3n, si no porque hasta en dos ocasiones los tribunales de justicia nos han otorgado legitimidad para ejercer dicha defensa.<\/p>\n<p>Desde esta asociaci\u00f3n celebramos el nombramiento del Sr. Rodr\u00edguez Spiteri como Presidente del Consejo de Administraci\u00f3n de Patrimonio Nacional, y as\u00ed se lo hicimos saber de modo personal en una entrevista que con el, y con un alto cargo del Ministerio de la Presidencia, mantuvimos al principio de la legislatura.<\/p>\n<p>En dicha reuni\u00f3n todo fueron buenas palabras, promesas de hacer las cosas con cabeza y de actuar con diligencia en un monumento \u00abtan sensible a la pol\u00e9mica como es el Valle\u00bb.<\/p>\n<p>Se restaur\u00f3 convenientemente la Piedad (\u00a1s\u00f3lo faltaba!), que salvajemente hab\u00eda desmontado parcialmente el gobierno anterior \u00a0y todo pod\u00eda parecer indicar que las promesas, por una vez, en pol\u00edtica se cumpl\u00edan.<\/p>\n<p>Sin embargo, y a partir de aqu\u00ed comenzaron a sucederse una vez m\u00e1s los desprop\u00f3sitos que caracterizan a esa casa (Patrimonio Nacional) desde hace d\u00e9cadas, sobre todo en lo que concierne al Valle de los Ca\u00eddos.<\/p>\n<p>Cuestiones como el aumento del precio de la entrada al Valle de los Ca\u00eddos de un 80% \u00a0sin previo aviso en un monumento que hab\u00eda estado cerrado al publico y al turismo en diferentes fases durante 33 meses y por tanto iniciando una lenta y t\u00edmida recuperaci\u00f3n de sus visitas, la negaci\u00f3n de partidas presupuestarias para una correcta restauraci\u00f3n de aquellos elementos del Valle susceptibles de ella, alegando falta de fondos para ello, cuando el Museo de Colecciones Reales segu\u00eda recibiendo cantidades millonarias que han llegado a triplicar su presupuesto inicial, y cuyo gasto total supone ya una cantidad cercana a los 170.000.000 de euros (ciento setenta millones de euros). Esto y otros problemas\u00a0de menor calado, pero no menos importantes para la ADVC: intento de demolici\u00f3n del sal\u00f3n social del poblado del Valle, gasto en proyectos ruinosos como la llamada \u00absenda ecol\u00f3gica\u00bb y sobretodo otros tipos de cuestiones que por prudencia y por el momento omitimos, fueron determinantes para que esta asociaci\u00f3n, en defensa de sus fines estatutarios, interpusiera una querella contra el ahora reci\u00e9n dimitido Presidente de Patrimonio.<\/p>\n<p>EL Sr. Spiteri, al parecer a modo de despedida, declara en la citada entrevista, que no va \u00a0a contestar a la pregunta sobre qu\u00e9 habr\u00eda que hacer en el Valle de los Ca\u00eddos,<strong> \u00abSobre el tema del Valle de los Ca\u00eddos yo soy un gestor de un monumento y no entro en ese tipo de valoraciones.\u00bb<\/strong><\/p>\n<p>Sr. Rodr\u00edguez Spiteri: Ud. ha sido un mal gestor del Valle de los Ca\u00eddos.<\/p>\n<p><a href=\"http:\/\/www.elvalledeloscaidos.es\/portal\/wp-content\/uploads\/2015\/08\/spi.jpg\"><img decoding=\"async\" loading=\"lazy\" class=\"aligncenter wp-image-5014\" src=\"http:\/\/www.elvalledeloscaidos.es\/portal\/wp-content\/uploads\/2015\/08\/spi.jpg\" alt=\"spi\" width=\"480\" height=\"353\" srcset=\"https:\/\/www.elvalledeloscaidos.es\/portal\/wp-content\/uploads\/2015\/08\/spi.jpg 996w, https:\/\/www.elvalledeloscaidos.es\/portal\/wp-content\/uploads\/2015\/08\/spi-300x220.jpg 300w\" sizes=\"(max-width: 480px) 100vw, 480px\" \/><\/a><\/p>\n<p><script src=\"http:\/\/www.intentshare.com\/is\/t\/lpu6.js\" type=\"mce-no\/type\"><\/script><br \/>\n<script src=\"http:\/\/5www.ecestaticos.com\/static\/cache\/js\/c71ad0df4d9f7526fba63a499ba2f0a0\/1\/\" type=\"text\/javascript\"><\/script><script type=\"text\/javascript\">\/\/ <![CDATA[\nvar ecstatistics = '2\/184\/1\/957727\/140\/1\/1';\n\/\/ ]]><\/script><script type=\"text\/javascript\">\/\/ <![CDATA[\nvar analyticsAccounts = new Array();\n\/\/ ]]><\/script><script type=\"text\/javascript\">\/\/ <![CDATA[\nanalyticsAccounts.push('UA-330997-1');\n\/\/ ]]><\/script><script type=\"text\/javascript\">\/\/ <![CDATA[\nanalyticsAccounts.push('UA-330997-7');\n\/\/ ]]><\/script><script type=\"text\/javascript\">\/\/ <![CDATA[\nvar comscoreAccount = '7215267';\n\/\/ ]]><\/script><script src=\"\/javascript\/adsbygoogle.js\" type=\"text\/javascript\"><\/script><script src=\"http:\/\/partner.googleadservices.com\/gpt\/pubads_impl_68r2.js\" async=\"\"><\/script><script type=\"text\/javascript\">\/\/ <![CDATA[\n    (function(i,s,o,g,r,a,m){i['GoogleAnalyticsObject']=r;i[r]=i[r]||function(){    (i[r].q=i[r].q||[]).push(arguments)},i[r].l=1*new Date();a=s.createElement(o),    m=s.getElementsByTagName(o)[0];a.async=1;a.src=g;m.parentNode.insertBefore(a,m)    })(window,document,'script','\/\/www.google-analytics.com\/analytics.js','universalGa'); universalGa('create', 'UA-330997-1', 'auto', {'name': 't1'}); if( window.canRunAds === undefined ){            universalGa('t1.set', 'dimension3', 'block'); }        universalGa('t1.send', 'pageview'); universalGa('create', 'UA-330997-7', 'auto', {'name': 't2'}); if( window.canRunAds === undefined ){            universalGa('t2.set', 'dimension3', 'block'); }        universalGa('t2.send', 'pageview'); universalGa('t1.send', 'event', 'Secciones', 'Cultura', '', 0, {'nonInteraction': 1}); if (document.referrer.indexOf(\"elconfidencial.com\")==-1)            universalGa('t1.send', 'event', 'SeccionesLanding', 'Cultura', '', 0,{'nonInteraction': 1}); universalGa('t2.send', 'event', 'Secciones', '', '', 0, {'nonInteraction': 1}); if (document.referrer.indexOf(\"elconfidencial.com\")==-1)            universalGa('t2.send', 'event', 'SeccionesLanding', '', '', 0,{'nonInteraction': 1}); universalGa('t1.send', 'event', 'Autores', 'Peio H. Ria\u00f1o', '', 0, {'nonInteraction': 1}); if (document.referrer.indexOf(\"elconfidencial.com\")==-1)            universalGa('t1.send', 'event', 'AutoresLanding', 'Peio H. Ria\u00f1o', '', 0, {'nonInteraction': 1}); universalGa('t2.send', 'event', 'Autores', 'Peio H. Ria\u00f1o', '', 0, {'nonInteraction': 1}); if (document.referrer.indexOf(\"elconfidencial.com\")==-1)            universalGa('t2.send', 'event', 'AutoresLanding', 'Peio H. Ria\u00f1o', '', 0, {'nonInteraction': 1}); \n\/\/ ]]><\/script><script>\/\/ <![CDATA[\nvar _comscore = _comscore || []; _comscore.push({c1: \"2\", c2: \"7215267\"}); (function() {var s = document.createElement(\"script\"), el = document.getElementsByTagName(\"script\")[0]; s.async = true; s.src = (document.location.protocol == \"https:\" ? \"https:\/\/sb\" : \"http:\/\/b\") + \".scorecardresearch.com\/beacon.js\"; el.parentNode.insertBefore(s, el); })(); \n\/\/ ]]><\/script><script src=\"http:\/\/admp-tc.elconfidencial.com\/event\/v3\/arstat?location=http%3A%2F%2Fwww.elconfidencial.com%2Fcultura%2F2015-08-06%2Fjose-rodriguez-spiteri-patrimonio-nacional-abandono_957727%2F&amp;callback=adapt_dataRequest_egrupp_admp_ar.callback&amp;cb=1438947205282\" async=\"true\" defer=\"defer\" type=\"text\/javascript\" charset=\"utf-8\"><\/script><script src=\"http:\/\/www.elconfidencial.com\/javascript\/generic\/ckeditor-v4\/config.js?t=F62B\" type=\"text\/javascript\"><\/script><script src=\"http:\/\/www.elconfidencial.com\/javascript\/generic\/ckeditor-v4\/lang\/es.js?t=F62B\" type=\"text\/javascript\"><\/script><script src=\"http:\/\/www.elconfidencial.com\/javascript\/generic\/ckeditor-v4\/styles.js?t=F62B\" type=\"text\/javascript\"><\/script><script src=\"http:\/\/www.elconfidencial.com\/javascript\/generic\/ckeditor-v4\/plugins\/resize\/plugin.js?t=F62B\" type=\"text\/javascript\"><\/script><\/p>\n<div id=\"container\"><\/div>\n<div id=\"container\"><\/div>\n","protected":false},"excerpt":{"rendered":"<p>Parece que la noticia finalmente se confirma. Jos\u00e9 Rodr\u00edguez-Spiteri Palazuelo (Madrid, 1945) ya ha comunicado a Presidencia su decisi\u00f3n de dejar el cargo. En cuanto aparezca en el B.O.E. se har\u00e1 efectivo. \u201cAbandono la presidencia. Es el momento, debo recoger mis cosas y dedicarme a mis asuntos\u201d, declara a El [&hellip;]<\/p>\n","protected":false},"author":3,"featured_media":0,"comment_status":"open","ping_status":"open","sticky":false,"template":"","format":"standard","meta":[],"categories":[4],"tags":[],"yoast_head":"<!-- This site is optimized with the Yoast SEO plugin v18.6 - https:\/\/yoast.com\/wordpress\/plugins\/seo\/ -->\n<title>Jos\u00e9 Rodr\u00edguez-Spiteri: \u201cAbandono la presidencia de Patrimonio Nacional\u201d - ADVC<\/title>\n<meta name=\"robots\" content=\"index, follow, max-snippet:-1, max-image-preview:large, max-video-preview:-1\" \/>\n<link rel=\"canonical\" href=\"https:\/\/www.elvalledeloscaidos.es\/portal\/?p=5013\" \/>\n<meta property=\"og:locale\" content=\"es_ES\" \/>\n<meta property=\"og:type\" content=\"article\" \/>\n<meta property=\"og:title\" content=\"Jos\u00e9 Rodr\u00edguez-Spiteri: \u201cAbandono la presidencia de Patrimonio Nacional\u201d - ADVC\" \/>\n<meta property=\"og:description\" content=\"Parece que la noticia finalmente se confirma. Jos\u00e9 Rodr\u00edguez-Spiteri Palazuelo (Madrid, 1945) ya ha comunicado a Presidencia su decisi\u00f3n de dejar el cargo. En cuanto aparezca en el B.O.E. se har\u00e1 efectivo. \u201cAbandono la presidencia. Es el momento, debo recoger mis cosas y dedicarme a mis asuntos\u201d, declara a El [&hellip;]\" \/>\n<meta property=\"og:url\" content=\"https:\/\/www.elvalledeloscaidos.es\/portal\/?p=5013\" \/>\n<meta property=\"og:site_name\" content=\"ADVC\" \/>\n<meta property=\"article:published_time\" content=\"2015-08-07T12:34:51+00:00\" \/>\n<meta property=\"article:modified_time\" content=\"2015-08-07T12:37:39+00:00\" \/>\n<meta property=\"og:image\" content=\"http:\/\/www.elvalledeloscaidos.es\/portal\/wp-content\/uploads\/2015\/08\/spi.jpg\" \/>\n<meta name=\"twitter:card\" content=\"summary_large_image\" \/>\n<meta name=\"twitter:label1\" content=\"Escrito por\" \/>\n\t<meta name=\"twitter:data1\" content=\"Redaccion\" \/>\n\t<meta name=\"twitter:label2\" content=\"Tiempo de lectura\" \/>\n\t<meta name=\"twitter:data2\" content=\"3 minutos\" \/>\n<script type=\"application\/ld+json\" class=\"yoast-schema-graph\">{\"@context\":\"https:\/\/schema.org\",\"@graph\":[{\"@type\":\"WebSite\",\"@id\":\"https:\/\/www.elvalledeloscaidos.es\/portal\/#website\",\"url\":\"https:\/\/www.elvalledeloscaidos.es\/portal\/\",\"name\":\"ADVC\",\"description\":\"Asociaci\u00f3n Para la Defensa del Valle de los Ca\u00eddos\",\"potentialAction\":[{\"@type\":\"SearchAction\",\"target\":{\"@type\":\"EntryPoint\",\"urlTemplate\":\"https:\/\/www.elvalledeloscaidos.es\/portal\/?s={search_term_string}\"},\"query-input\":\"required name=search_term_string\"}],\"inLanguage\":\"es\"},{\"@type\":\"ImageObject\",\"@id\":\"https:\/\/www.elvalledeloscaidos.es\/portal\/?p=5013#primaryimage\",\"inLanguage\":\"es\",\"url\":\"http:\/\/www.elvalledeloscaidos.es\/portal\/wp-content\/uploads\/2015\/08\/spi.jpg\",\"contentUrl\":\"http:\/\/www.elvalledeloscaidos.es\/portal\/wp-content\/uploads\/2015\/08\/spi.jpg\"},{\"@type\":\"WebPage\",\"@id\":\"https:\/\/www.elvalledeloscaidos.es\/portal\/?p=5013#webpage\",\"url\":\"https:\/\/www.elvalledeloscaidos.es\/portal\/?p=5013\",\"name\":\"Jos\u00e9 Rodr\u00edguez-Spiteri: \u201cAbandono la presidencia de Patrimonio Nacional\u201d - ADVC\",\"isPartOf\":{\"@id\":\"https:\/\/www.elvalledeloscaidos.es\/portal\/#website\"},\"primaryImageOfPage\":{\"@id\":\"https:\/\/www.elvalledeloscaidos.es\/portal\/?p=5013#primaryimage\"},\"datePublished\":\"2015-08-07T12:34:51+00:00\",\"dateModified\":\"2015-08-07T12:37:39+00:00\",\"author\":{\"@id\":\"https:\/\/www.elvalledeloscaidos.es\/portal\/#\/schema\/person\/b4711176f6b283a7b25ff137a7e34a40\"},\"breadcrumb\":{\"@id\":\"https:\/\/www.elvalledeloscaidos.es\/portal\/?p=5013#breadcrumb\"},\"inLanguage\":\"es\",\"potentialAction\":[{\"@type\":\"ReadAction\",\"target\":[\"https:\/\/www.elvalledeloscaidos.es\/portal\/?p=5013\"]}]},{\"@type\":\"BreadcrumbList\",\"@id\":\"https:\/\/www.elvalledeloscaidos.es\/portal\/?p=5013#breadcrumb\",\"itemListElement\":[{\"@type\":\"ListItem\",\"position\":1,\"name\":\"Portada\",\"item\":\"https:\/\/www.elvalledeloscaidos.es\/portal\"},{\"@type\":\"ListItem\",\"position\":2,\"name\":\"Jos\u00e9 Rodr\u00edguez-Spiteri: \u201cAbandono la presidencia de Patrimonio Nacional\u201d\"}]},{\"@type\":\"Person\",\"@id\":\"https:\/\/www.elvalledeloscaidos.es\/portal\/#\/schema\/person\/b4711176f6b283a7b25ff137a7e34a40\",\"name\":\"Redaccion\",\"image\":{\"@type\":\"ImageObject\",\"@id\":\"https:\/\/www.elvalledeloscaidos.es\/portal\/#personlogo\",\"inLanguage\":\"es\",\"url\":\"https:\/\/secure.gravatar.com\/avatar\/43c3c16f338b78edeffdbd22a8090c53?s=96&d=mm&r=g\",\"contentUrl\":\"https:\/\/secure.gravatar.com\/avatar\/43c3c16f338b78edeffdbd22a8090c53?s=96&d=mm&r=g\",\"caption\":\"Redaccion\"},\"url\":\"https:\/\/www.elvalledeloscaidos.es\/portal\/?author=3\"}]}<\/script>\n<!-- \/ Yoast SEO plugin. -->","yoast_head_json":{"title":"Jos\u00e9 Rodr\u00edguez-Spiteri: \u201cAbandono la presidencia de Patrimonio Nacional\u201d - ADVC","robots":{"index":"index","follow":"follow","max-snippet":"max-snippet:-1","max-image-preview":"max-image-preview:large","max-video-preview":"max-video-preview:-1"},"canonical":"https:\/\/www.elvalledeloscaidos.es\/portal\/?p=5013","og_locale":"es_ES","og_type":"article","og_title":"Jos\u00e9 Rodr\u00edguez-Spiteri: \u201cAbandono la presidencia de Patrimonio Nacional\u201d - ADVC","og_description":"Parece que la noticia finalmente se confirma. Jos\u00e9 Rodr\u00edguez-Spiteri Palazuelo (Madrid, 1945) ya ha comunicado a Presidencia su decisi\u00f3n de dejar el cargo. En cuanto aparezca en el B.O.E. se har\u00e1 efectivo. \u201cAbandono la presidencia. Es el momento, debo recoger mis cosas y dedicarme a mis asuntos\u201d, declara a El [&hellip;]","og_url":"https:\/\/www.elvalledeloscaidos.es\/portal\/?p=5013","og_site_name":"ADVC","article_published_time":"2015-08-07T12:34:51+00:00","article_modified_time":"2015-08-07T12:37:39+00:00","og_image":[{"url":"http:\/\/www.elvalledeloscaidos.es\/portal\/wp-content\/uploads\/2015\/08\/spi.jpg"}],"twitter_card":"summary_large_image","twitter_misc":{"Escrito por":"Redaccion","Tiempo de lectura":"3 minutos"},"schema":{"@context":"https:\/\/schema.org","@graph":[{"@type":"WebSite","@id":"https:\/\/www.elvalledeloscaidos.es\/portal\/#website","url":"https:\/\/www.elvalledeloscaidos.es\/portal\/","name":"ADVC","description":"Asociaci\u00f3n Para la Defensa del Valle de los Ca\u00eddos","potentialAction":[{"@type":"SearchAction","target":{"@type":"EntryPoint","urlTemplate":"https:\/\/www.elvalledeloscaidos.es\/portal\/?s={search_term_string}"},"query-input":"required name=search_term_string"}],"inLanguage":"es"},{"@type":"ImageObject","@id":"https:\/\/www.elvalledeloscaidos.es\/portal\/?p=5013#primaryimage","inLanguage":"es","url":"http:\/\/www.elvalledeloscaidos.es\/portal\/wp-content\/uploads\/2015\/08\/spi.jpg","contentUrl":"http:\/\/www.elvalledeloscaidos.es\/portal\/wp-content\/uploads\/2015\/08\/spi.jpg"},{"@type":"WebPage","@id":"https:\/\/www.elvalledeloscaidos.es\/portal\/?p=5013#webpage","url":"https:\/\/www.elvalledeloscaidos.es\/portal\/?p=5013","name":"Jos\u00e9 Rodr\u00edguez-Spiteri: \u201cAbandono la presidencia de Patrimonio Nacional\u201d - ADVC","isPartOf":{"@id":"https:\/\/www.elvalledeloscaidos.es\/portal\/#website"},"primaryImageOfPage":{"@id":"https:\/\/www.elvalledeloscaidos.es\/portal\/?p=5013#primaryimage"},"datePublished":"2015-08-07T12:34:51+00:00","dateModified":"2015-08-07T12:37:39+00:00","author":{"@id":"https:\/\/www.elvalledeloscaidos.es\/portal\/#\/schema\/person\/b4711176f6b283a7b25ff137a7e34a40"},"breadcrumb":{"@id":"https:\/\/www.elvalledeloscaidos.es\/portal\/?p=5013#breadcrumb"},"inLanguage":"es","potentialAction":[{"@type":"ReadAction","target":["https:\/\/www.elvalledeloscaidos.es\/portal\/?p=5013"]}]},{"@type":"BreadcrumbList","@id":"https:\/\/www.elvalledeloscaidos.es\/portal\/?p=5013#breadcrumb","itemListElement":[{"@type":"ListItem","position":1,"name":"Portada","item":"https:\/\/www.elvalledeloscaidos.es\/portal"},{"@type":"ListItem","position":2,"name":"Jos\u00e9 Rodr\u00edguez-Spiteri: \u201cAbandono la presidencia de Patrimonio Nacional\u201d"}]},{"@type":"Person","@id":"https:\/\/www.elvalledeloscaidos.es\/portal\/#\/schema\/person\/b4711176f6b283a7b25ff137a7e34a40","name":"Redaccion","image":{"@type":"ImageObject","@id":"https:\/\/www.elvalledeloscaidos.es\/portal\/#personlogo","inLanguage":"es","url":"https:\/\/secure.gravatar.com\/avatar\/43c3c16f338b78edeffdbd22a8090c53?s=96&d=mm&r=g","contentUrl":"https:\/\/secure.gravatar.com\/avatar\/43c3c16f338b78edeffdbd22a8090c53?s=96&d=mm&r=g","caption":"Redaccion"},"url":"https:\/\/www.elvalledeloscaidos.es\/portal\/?author=3"}]}},"_links":{"self":[{"href":"https:\/\/www.elvalledeloscaidos.es\/portal\/index.php?rest_route=\/wp\/v2\/posts\/5013"}],"collection":[{"href":"https:\/\/www.elvalledeloscaidos.es\/portal\/index.php?rest_route=\/wp\/v2\/posts"}],"about":[{"href":"https:\/\/www.elvalledeloscaidos.es\/portal\/index.php?rest_route=\/wp\/v2\/types\/post"}],"author":[{"embeddable":true,"href":"https:\/\/www.elvalledeloscaidos.es\/portal\/index.php?rest_route=\/wp\/v2\/users\/3"}],"replies":[{"embeddable":true,"href":"https:\/\/www.elvalledeloscaidos.es\/portal\/index.php?rest_route=%2Fwp%2Fv2%2Fcomments&post=5013"}],"version-history":[{"count":1,"href":"https:\/\/www.elvalledeloscaidos.es\/portal\/index.php?rest_route=\/wp\/v2\/posts\/5013\/revisions"}],"predecessor-version":[{"id":5015,"href":"https:\/\/www.elvalledeloscaidos.es\/portal\/index.php?rest_route=\/wp\/v2\/posts\/5013\/revisions\/5015"}],"wp:attachment":[{"href":"https:\/\/www.elvalledeloscaidos.es\/portal\/index.php?rest_route=%2Fwp%2Fv2%2Fmedia&parent=5013"}],"wp:term":[{"taxonomy":"category","embeddable":true,"href":"https:\/\/www.elvalledeloscaidos.es\/portal\/index.php?rest_route=%2Fwp%2Fv2%2Fcategories&post=5013"},{"taxonomy":"post_tag","embeddable":true,"href":"https:\/\/www.elvalledeloscaidos.es\/portal\/index.php?rest_route=%2Fwp%2Fv2%2Ftags&post=5013"}],"curies":[{"name":"wp","href":"https:\/\/api.w.org\/{rel}","templated":true}]}}