{"id":5041,"date":"2015-11-04T20:24:48","date_gmt":"2015-11-04T19:24:48","guid":{"rendered":"http:\/\/www.elvalledeloscaidos.es\/portal\/?p=5041"},"modified":"2015-11-04T20:24:48","modified_gmt":"2015-11-04T19:24:48","slug":"el-psoe-promete-subvencionar-la-exhumacion-de-fosas-y-cambiar-el-valle-de-los-caidos","status":"publish","type":"post","link":"https:\/\/www.elvalledeloscaidos.es\/portal\/?p=5041","title":{"rendered":"El PSOE promete subvencionar la exhumaci\u00f3n de fosas y cambiar el Valle de los Ca\u00eddos"},"content":{"rendered":"<p>MADRID, 4 Nov. (EUROPA PRESS) &#8211;<\/p>\n<p>El PSOE se ha comprometido ante los colectivos de Memoria Hist\u00f3rica y de v\u00edctimas del franquismo a dar un nuevo impulso a la Ley de Memoria del Gobierno de Jos\u00e9 Luis Rodr\u00edguez Zapatero para, entre medidas, volver a subvencionar la exhumaci\u00f3n de fosas y cambiar la naturaleza del valle de los Ca\u00eddos, donde ahora est\u00e1n enterrados el dictador Franco y Jos\u00e9 Antonio.<\/p>\n<p>As\u00ed lo ha garantizado el secretario de Pol\u00edtica Federal del PSOE, Antonio Pradas, quien se ha reunido este mi\u00e9rcoles con miembros de los colectivos de la Memoria Hist\u00f3rica y de V\u00edctimas del franquismo,<br \/>\nque est\u00e1n presentando a los diferentes partidos pol\u00edticos sus reivindicaciones ante las elecciones del 20 de diciembre.<\/p>\n<p>Seg\u00fan ha explicado, el PSOE tiene \u00abel firme compromiso de dar un nuevo impulso a la Ley de Memoria Hist\u00f3rica, siguiendo el camino marcado por las recomendaciones de Naciones Unidas\u00bb.<\/p>\n<p>As\u00ed, ha recordado que el PSOE llevar\u00e1 en su programa electoral \u00abla recuperaci\u00f3n de la dotaci\u00f3n de partidas presupuestarias relacionadas con las exhumaciones eliminadas por el Gobierno del PP; la reapertura y potenciaci\u00f3n de la Oficina de Ayuda a V\u00edctimas de la Guerra Civil y la Dictadura, suprimida tambi\u00e9n por el Ejecutivo de Rajoy; y la aplicaci\u00f3n urgente del cambio de significado dado al Valle de los Ca\u00eddos\u00bb.<\/p>\n<p><img decoding=\"async\" loading=\"lazy\" class=\"aligncenter wp-image-5042 size-full\" src=\"http:\/\/www.elvalledeloscaidos.es\/portal\/wp-content\/uploads\/2015\/11\/pradas.png\" alt=\"pradas\" width=\"420\" height=\"280\" srcset=\"https:\/\/www.elvalledeloscaidos.es\/portal\/wp-content\/uploads\/2015\/11\/pradas.png 420w, https:\/\/www.elvalledeloscaidos.es\/portal\/wp-content\/uploads\/2015\/11\/pradas-300x200.png 300w\" sizes=\"(max-width: 420px) 100vw, 420px\" \/><\/p>\n<p>LOS COLECTIVOS QUIEREN TAMBI\u00c9N JUZGAR A LOS RESPONSABLES<\/p>\n<p>En cualquier caso, Pradas ha apuntado durante el encuentro que el PSOE \u00abest\u00e1 abierto a recibir y analizar las reivindicaciones de las asociaciones de la Memoria Hist\u00f3rica para enriquecer su programa\u00bb.<\/p>\n<p>Adem\u00e1s de esas medidas, estos colectivos de Memoria Hist\u00f3rica han presentado otras propuestas como la derogaci\u00f3n de la Ley de Amnist\u00eda de 1977, la aprobaci\u00f3n de una Ley de V\u00edctimas del Franquismo que acabe con el \u00abagravio comparativo\u00bb que, a su juicio, padecen con respecto a las v\u00edctimas del terrorismo, la creaci\u00f3n de una Fiscal\u00eda especializada para perseguir los cr\u00edmenes franquistas, y el traslado de los restos de Franco situados bajo el altar de la bas\u00edlica del Valle de los Ca\u00eddos.<\/p>\n<p>&nbsp;<\/p>\n<p>Fuente: Europa Press<\/p>\n","protected":false},"excerpt":{"rendered":"<p>MADRID, 4 Nov. (EUROPA PRESS) &#8211; El PSOE se ha comprometido ante los colectivos de Memoria Hist\u00f3rica y de v\u00edctimas del franquismo a dar un nuevo impulso a la Ley de Memoria del Gobierno de Jos\u00e9 Luis Rodr\u00edguez Zapatero para, entre medidas, volver a subvencionar la exhumaci\u00f3n de fosas y [&hellip;]<\/p>\n","protected":false},"author":1,"featured_media":0,"comment_status":"open","ping_status":"open","sticky":false,"template":"","format":"standard","meta":[],"categories":[4],"tags":[],"yoast_head":"<!-- This site is optimized with the Yoast SEO plugin v18.6 - https:\/\/yoast.com\/wordpress\/plugins\/seo\/ -->\n<title>El PSOE promete subvencionar la exhumaci\u00f3n de fosas y cambiar el Valle de los Ca\u00eddos - ADVC<\/title>\n<meta name=\"robots\" content=\"index, follow, max-snippet:-1, max-image-preview:large, max-video-preview:-1\" \/>\n<link rel=\"canonical\" href=\"https:\/\/www.elvalledeloscaidos.es\/portal\/?p=5041\" \/>\n<meta property=\"og:locale\" content=\"es_ES\" \/>\n<meta property=\"og:type\" content=\"article\" \/>\n<meta property=\"og:title\" content=\"El PSOE promete subvencionar la exhumaci\u00f3n de fosas y cambiar el Valle de los Ca\u00eddos - ADVC\" \/>\n<meta property=\"og:description\" content=\"MADRID, 4 Nov. (EUROPA PRESS) &#8211; El PSOE se ha comprometido ante los colectivos de Memoria Hist\u00f3rica y de v\u00edctimas del franquismo a dar un nuevo impulso a la Ley de Memoria del Gobierno de Jos\u00e9 Luis Rodr\u00edguez Zapatero para, entre medidas, volver a subvencionar la exhumaci\u00f3n de fosas y [&hellip;]\" \/>\n<meta property=\"og:url\" content=\"https:\/\/www.elvalledeloscaidos.es\/portal\/?p=5041\" \/>\n<meta property=\"og:site_name\" content=\"ADVC\" \/>\n<meta property=\"article:published_time\" content=\"2015-11-04T19:24:48+00:00\" \/>\n<meta property=\"og:image\" content=\"http:\/\/www.elvalledeloscaidos.es\/portal\/wp-content\/uploads\/2015\/11\/pradas.png\" \/>\n<meta name=\"twitter:card\" content=\"summary_large_image\" \/>\n<meta name=\"twitter:label1\" content=\"Escrito por\" \/>\n\t<meta name=\"twitter:data1\" content=\"linares\" \/>\n\t<meta name=\"twitter:label2\" content=\"Tiempo de lectura\" \/>\n\t<meta name=\"twitter:data2\" content=\"2 minutos\" \/>\n<script type=\"application\/ld+json\" class=\"yoast-schema-graph\">{\"@context\":\"https:\/\/schema.org\",\"@graph\":[{\"@type\":\"WebSite\",\"@id\":\"https:\/\/www.elvalledeloscaidos.es\/portal\/#website\",\"url\":\"https:\/\/www.elvalledeloscaidos.es\/portal\/\",\"name\":\"ADVC\",\"description\":\"Asociaci\u00f3n Para la Defensa del Valle de los Ca\u00eddos\",\"potentialAction\":[{\"@type\":\"SearchAction\",\"target\":{\"@type\":\"EntryPoint\",\"urlTemplate\":\"https:\/\/www.elvalledeloscaidos.es\/portal\/?s={search_term_string}\"},\"query-input\":\"required name=search_term_string\"}],\"inLanguage\":\"es\"},{\"@type\":\"ImageObject\",\"@id\":\"https:\/\/www.elvalledeloscaidos.es\/portal\/?p=5041#primaryimage\",\"inLanguage\":\"es\",\"url\":\"http:\/\/www.elvalledeloscaidos.es\/portal\/wp-content\/uploads\/2015\/11\/pradas.png\",\"contentUrl\":\"http:\/\/www.elvalledeloscaidos.es\/portal\/wp-content\/uploads\/2015\/11\/pradas.png\"},{\"@type\":\"WebPage\",\"@id\":\"https:\/\/www.elvalledeloscaidos.es\/portal\/?p=5041#webpage\",\"url\":\"https:\/\/www.elvalledeloscaidos.es\/portal\/?p=5041\",\"name\":\"El PSOE promete subvencionar la exhumaci\u00f3n de fosas y cambiar el Valle de los Ca\u00eddos - ADVC\",\"isPartOf\":{\"@id\":\"https:\/\/www.elvalledeloscaidos.es\/portal\/#website\"},\"primaryImageOfPage\":{\"@id\":\"https:\/\/www.elvalledeloscaidos.es\/portal\/?p=5041#primaryimage\"},\"datePublished\":\"2015-11-04T19:24:48+00:00\",\"dateModified\":\"2015-11-04T19:24:48+00:00\",\"author\":{\"@id\":\"https:\/\/www.elvalledeloscaidos.es\/portal\/#\/schema\/person\/36b3894dc4f1eb332b7fc369aed7eb58\"},\"breadcrumb\":{\"@id\":\"https:\/\/www.elvalledeloscaidos.es\/portal\/?p=5041#breadcrumb\"},\"inLanguage\":\"es\",\"potentialAction\":[{\"@type\":\"ReadAction\",\"target\":[\"https:\/\/www.elvalledeloscaidos.es\/portal\/?p=5041\"]}]},{\"@type\":\"BreadcrumbList\",\"@id\":\"https:\/\/www.elvalledeloscaidos.es\/portal\/?p=5041#breadcrumb\",\"itemListElement\":[{\"@type\":\"ListItem\",\"position\":1,\"name\":\"Portada\",\"item\":\"https:\/\/www.elvalledeloscaidos.es\/portal\"},{\"@type\":\"ListItem\",\"position\":2,\"name\":\"El PSOE promete subvencionar la exhumaci\u00f3n de fosas y cambiar el Valle de los Ca\u00eddos\"}]},{\"@type\":\"Person\",\"@id\":\"https:\/\/www.elvalledeloscaidos.es\/portal\/#\/schema\/person\/36b3894dc4f1eb332b7fc369aed7eb58\",\"name\":\"linares\",\"image\":{\"@type\":\"ImageObject\",\"@id\":\"https:\/\/www.elvalledeloscaidos.es\/portal\/#personlogo\",\"inLanguage\":\"es\",\"url\":\"https:\/\/secure.gravatar.com\/avatar\/0b6f3a427655ac169c9155e538724b76?s=96&d=mm&r=g\",\"contentUrl\":\"https:\/\/secure.gravatar.com\/avatar\/0b6f3a427655ac169c9155e538724b76?s=96&d=mm&r=g\",\"caption\":\"linares\"},\"url\":\"https:\/\/www.elvalledeloscaidos.es\/portal\/?author=1\"}]}<\/script>\n<!-- \/ Yoast SEO plugin. -->","yoast_head_json":{"title":"El PSOE promete subvencionar la exhumaci\u00f3n de fosas y cambiar el Valle de los Ca\u00eddos - ADVC","robots":{"index":"index","follow":"follow","max-snippet":"max-snippet:-1","max-image-preview":"max-image-preview:large","max-video-preview":"max-video-preview:-1"},"canonical":"https:\/\/www.elvalledeloscaidos.es\/portal\/?p=5041","og_locale":"es_ES","og_type":"article","og_title":"El PSOE promete subvencionar la exhumaci\u00f3n de fosas y cambiar el Valle de los Ca\u00eddos - ADVC","og_description":"MADRID, 4 Nov. (EUROPA PRESS) &#8211; El PSOE se ha comprometido ante los colectivos de Memoria Hist\u00f3rica y de v\u00edctimas del franquismo a dar un nuevo impulso a la Ley de Memoria del Gobierno de Jos\u00e9 Luis Rodr\u00edguez Zapatero para, entre medidas, volver a subvencionar la exhumaci\u00f3n de fosas y [&hellip;]","og_url":"https:\/\/www.elvalledeloscaidos.es\/portal\/?p=5041","og_site_name":"ADVC","article_published_time":"2015-11-04T19:24:48+00:00","og_image":[{"url":"http:\/\/www.elvalledeloscaidos.es\/portal\/wp-content\/uploads\/2015\/11\/pradas.png"}],"twitter_card":"summary_large_image","twitter_misc":{"Escrito por":"linares","Tiempo de lectura":"2 minutos"},"schema":{"@context":"https:\/\/schema.org","@graph":[{"@type":"WebSite","@id":"https:\/\/www.elvalledeloscaidos.es\/portal\/#website","url":"https:\/\/www.elvalledeloscaidos.es\/portal\/","name":"ADVC","description":"Asociaci\u00f3n Para la Defensa del Valle de los Ca\u00eddos","potentialAction":[{"@type":"SearchAction","target":{"@type":"EntryPoint","urlTemplate":"https:\/\/www.elvalledeloscaidos.es\/portal\/?s={search_term_string}"},"query-input":"required name=search_term_string"}],"inLanguage":"es"},{"@type":"ImageObject","@id":"https:\/\/www.elvalledeloscaidos.es\/portal\/?p=5041#primaryimage","inLanguage":"es","url":"http:\/\/www.elvalledeloscaidos.es\/portal\/wp-content\/uploads\/2015\/11\/pradas.png","contentUrl":"http:\/\/www.elvalledeloscaidos.es\/portal\/wp-content\/uploads\/2015\/11\/pradas.png"},{"@type":"WebPage","@id":"https:\/\/www.elvalledeloscaidos.es\/portal\/?p=5041#webpage","url":"https:\/\/www.elvalledeloscaidos.es\/portal\/?p=5041","name":"El PSOE promete subvencionar la exhumaci\u00f3n de fosas y cambiar el Valle de los Ca\u00eddos - ADVC","isPartOf":{"@id":"https:\/\/www.elvalledeloscaidos.es\/portal\/#website"},"primaryImageOfPage":{"@id":"https:\/\/www.elvalledeloscaidos.es\/portal\/?p=5041#primaryimage"},"datePublished":"2015-11-04T19:24:48+00:00","dateModified":"2015-11-04T19:24:48+00:00","author":{"@id":"https:\/\/www.elvalledeloscaidos.es\/portal\/#\/schema\/person\/36b3894dc4f1eb332b7fc369aed7eb58"},"breadcrumb":{"@id":"https:\/\/www.elvalledeloscaidos.es\/portal\/?p=5041#breadcrumb"},"inLanguage":"es","potentialAction":[{"@type":"ReadAction","target":["https:\/\/www.elvalledeloscaidos.es\/portal\/?p=5041"]}]},{"@type":"BreadcrumbList","@id":"https:\/\/www.elvalledeloscaidos.es\/portal\/?p=5041#breadcrumb","itemListElement":[{"@type":"ListItem","position":1,"name":"Portada","item":"https:\/\/www.elvalledeloscaidos.es\/portal"},{"@type":"ListItem","position":2,"name":"El PSOE promete subvencionar la exhumaci\u00f3n de fosas y cambiar el Valle de los Ca\u00eddos"}]},{"@type":"Person","@id":"https:\/\/www.elvalledeloscaidos.es\/portal\/#\/schema\/person\/36b3894dc4f1eb332b7fc369aed7eb58","name":"linares","image":{"@type":"ImageObject","@id":"https:\/\/www.elvalledeloscaidos.es\/portal\/#personlogo","inLanguage":"es","url":"https:\/\/secure.gravatar.com\/avatar\/0b6f3a427655ac169c9155e538724b76?s=96&d=mm&r=g","contentUrl":"https:\/\/secure.gravatar.com\/avatar\/0b6f3a427655ac169c9155e538724b76?s=96&d=mm&r=g","caption":"linares"},"url":"https:\/\/www.elvalledeloscaidos.es\/portal\/?author=1"}]}},"_links":{"self":[{"href":"https:\/\/www.elvalledeloscaidos.es\/portal\/index.php?rest_route=\/wp\/v2\/posts\/5041"}],"collection":[{"href":"https:\/\/www.elvalledeloscaidos.es\/portal\/index.php?rest_route=\/wp\/v2\/posts"}],"about":[{"href":"https:\/\/www.elvalledeloscaidos.es\/portal\/index.php?rest_route=\/wp\/v2\/types\/post"}],"author":[{"embeddable":true,"href":"https:\/\/www.elvalledeloscaidos.es\/portal\/index.php?rest_route=\/wp\/v2\/users\/1"}],"replies":[{"embeddable":true,"href":"https:\/\/www.elvalledeloscaidos.es\/portal\/index.php?rest_route=%2Fwp%2Fv2%2Fcomments&post=5041"}],"version-history":[{"count":1,"href":"https:\/\/www.elvalledeloscaidos.es\/portal\/index.php?rest_route=\/wp\/v2\/posts\/5041\/revisions"}],"predecessor-version":[{"id":5043,"href":"https:\/\/www.elvalledeloscaidos.es\/portal\/index.php?rest_route=\/wp\/v2\/posts\/5041\/revisions\/5043"}],"wp:attachment":[{"href":"https:\/\/www.elvalledeloscaidos.es\/portal\/index.php?rest_route=%2Fwp%2Fv2%2Fmedia&parent=5041"}],"wp:term":[{"taxonomy":"category","embeddable":true,"href":"https:\/\/www.elvalledeloscaidos.es\/portal\/index.php?rest_route=%2Fwp%2Fv2%2Fcategories&post=5041"},{"taxonomy":"post_tag","embeddable":true,"href":"https:\/\/www.elvalledeloscaidos.es\/portal\/index.php?rest_route=%2Fwp%2Fv2%2Ftags&post=5041"}],"curies":[{"name":"wp","href":"https:\/\/api.w.org\/{rel}","templated":true}]}}