{"id":5064,"date":"2016-01-02T14:47:35","date_gmt":"2016-01-02T13:47:35","guid":{"rendered":"http:\/\/www.elvalledeloscaidos.es\/portal\/?p=5064"},"modified":"2016-01-02T14:49:26","modified_gmt":"2016-01-02T13:49:26","slug":"el-valle-de-los-caidos-cierra-el-ano-2015-con-casi-300-000-visitantes","status":"publish","type":"post","link":"https:\/\/www.elvalledeloscaidos.es\/portal\/?p=5064","title":{"rendered":"El Valle de los Ca\u00eddos cierra el a\u00f1o 2015 con casi 300.000 visitantes"},"content":{"rendered":"<div id=\"id_5687d3ca38e627267986805\" class=\"text_exposed_root text_exposed\">\n<p>El Valle de los Ca\u00eddos cierra el a\u00f1o 2015 con casi 300.000 visitantes, lo que supone un incremento del 5,8% respecto del a\u00f1o anterior.<\/p>\n<p>Es de destacar la fidelidad del turista para con \u00e9ste monumento, m\u00e1s a\u00fan si cabe cuando por desgracia sigue tratandose de un monumento tan s\u00f3lo visitable parcialmente.<\/p>\n<p>Habr\u00eda que preguntarse qu\u00e9 incremento de visitantes tendr\u00eda el Valle de los Ca\u00eddos , si el cobarde gobierno del Partido Popular con las m\u00e1s amplia mayor\u00eda parlamentaria de la d<span class=\"text_exposed_show\">emocracia, hubiese restaurado como era su obligaci\u00f3n el conjunto monumental del\u00a0Valle de los Ca\u00eddos, puesto que ahora se podr\u00eda visitar la base de la Cruz, con el funicular funcionando a pleno rendimiento lo que supondr\u00eda, (con la debida publicidad que tambi\u00e9n le ha negado la Consejer\u00eda de Turismo de la Comunidad de Madrid), un significativo aumento en el numero de visitantes.<\/span><\/p>\n<div class=\"text_exposed_show\">\n<p>Con el nuevo e imprevisible escenario parlamentario, mucho nos tememos que cualquier pacto entre partidos, pasar\u00e1 s\u00ed o s\u00ed, por una radicalizaci\u00f3n de la Ley de Memoria Hist\u00f3rica, con el Valle de los Ca\u00eddos como moneda de cambio, y todos sabemos de lo que son capaces \u00a0Rajoy y sus \u00abpoltronables\u00bb para no perder cuota de poder.<\/p>\n<p>El Valle de los Ca\u00eddos est\u00e1 en el mercado.<\/p>\n<p>Ah\u00ed estaremos.<img decoding=\"async\" loading=\"lazy\" class=\"aligncenter wp-image-5065\" src=\"http:\/\/www.elvalledeloscaidos.es\/portal\/wp-content\/uploads\/2016\/01\/001.jpg\" alt=\"001\" width=\"500\" height=\"333\" srcset=\"https:\/\/www.elvalledeloscaidos.es\/portal\/wp-content\/uploads\/2016\/01\/001.jpg 1024w, https:\/\/www.elvalledeloscaidos.es\/portal\/wp-content\/uploads\/2016\/01\/001-300x200.jpg 300w, https:\/\/www.elvalledeloscaidos.es\/portal\/wp-content\/uploads\/2016\/01\/001-768x512.jpg 768w\" sizes=\"(max-width: 500px) 100vw, 500px\" \/><\/p>\n<\/div>\n<\/div>\n","protected":false},"excerpt":{"rendered":"<p>El Valle de los Ca\u00eddos cierra el a\u00f1o 2015 con casi 300.000 visitantes, lo que supone un incremento del 5,8% respecto del a\u00f1o anterior. Es de destacar la fidelidad del turista para con \u00e9ste monumento, m\u00e1s a\u00fan si cabe cuando por desgracia sigue tratandose de un monumento tan s\u00f3lo visitable [&hellip;]<\/p>\n","protected":false},"author":1,"featured_media":0,"comment_status":"open","ping_status":"open","sticky":false,"template":"","format":"standard","meta":[],"categories":[4],"tags":[],"yoast_head":"<!-- This site is optimized with the Yoast SEO plugin v18.6 - https:\/\/yoast.com\/wordpress\/plugins\/seo\/ -->\n<title>El Valle de los Ca\u00eddos cierra el a\u00f1o 2015 con casi 300.000 visitantes - ADVC<\/title>\n<meta name=\"robots\" content=\"index, follow, max-snippet:-1, max-image-preview:large, max-video-preview:-1\" \/>\n<link rel=\"canonical\" href=\"https:\/\/www.elvalledeloscaidos.es\/portal\/?p=5064\" \/>\n<meta property=\"og:locale\" content=\"es_ES\" \/>\n<meta property=\"og:type\" content=\"article\" \/>\n<meta property=\"og:title\" content=\"El Valle de los Ca\u00eddos cierra el a\u00f1o 2015 con casi 300.000 visitantes - ADVC\" \/>\n<meta property=\"og:description\" content=\"El Valle de los Ca\u00eddos cierra el a\u00f1o 2015 con casi 300.000 visitantes, lo que supone un incremento del 5,8% respecto del a\u00f1o anterior. Es de destacar la fidelidad del turista para con \u00e9ste monumento, m\u00e1s a\u00fan si cabe cuando por desgracia sigue tratandose de un monumento tan s\u00f3lo visitable [&hellip;]\" \/>\n<meta property=\"og:url\" content=\"https:\/\/www.elvalledeloscaidos.es\/portal\/?p=5064\" \/>\n<meta property=\"og:site_name\" content=\"ADVC\" \/>\n<meta property=\"article:published_time\" content=\"2016-01-02T13:47:35+00:00\" \/>\n<meta property=\"article:modified_time\" content=\"2016-01-02T13:49:26+00:00\" \/>\n<meta property=\"og:image\" content=\"http:\/\/www.elvalledeloscaidos.es\/portal\/wp-content\/uploads\/2016\/01\/001.jpg\" \/>\n<meta name=\"twitter:card\" content=\"summary_large_image\" \/>\n<meta name=\"twitter:label1\" content=\"Escrito por\" \/>\n\t<meta name=\"twitter:data1\" content=\"linares\" \/>\n\t<meta name=\"twitter:label2\" content=\"Tiempo de lectura\" \/>\n\t<meta name=\"twitter:data2\" content=\"1 minuto\" \/>\n<script type=\"application\/ld+json\" class=\"yoast-schema-graph\">{\"@context\":\"https:\/\/schema.org\",\"@graph\":[{\"@type\":\"WebSite\",\"@id\":\"https:\/\/www.elvalledeloscaidos.es\/portal\/#website\",\"url\":\"https:\/\/www.elvalledeloscaidos.es\/portal\/\",\"name\":\"ADVC\",\"description\":\"Asociaci\u00f3n Para la Defensa del Valle de los Ca\u00eddos\",\"potentialAction\":[{\"@type\":\"SearchAction\",\"target\":{\"@type\":\"EntryPoint\",\"urlTemplate\":\"https:\/\/www.elvalledeloscaidos.es\/portal\/?s={search_term_string}\"},\"query-input\":\"required name=search_term_string\"}],\"inLanguage\":\"es\"},{\"@type\":\"ImageObject\",\"@id\":\"https:\/\/www.elvalledeloscaidos.es\/portal\/?p=5064#primaryimage\",\"inLanguage\":\"es\",\"url\":\"http:\/\/www.elvalledeloscaidos.es\/portal\/wp-content\/uploads\/2016\/01\/001.jpg\",\"contentUrl\":\"http:\/\/www.elvalledeloscaidos.es\/portal\/wp-content\/uploads\/2016\/01\/001.jpg\"},{\"@type\":\"WebPage\",\"@id\":\"https:\/\/www.elvalledeloscaidos.es\/portal\/?p=5064#webpage\",\"url\":\"https:\/\/www.elvalledeloscaidos.es\/portal\/?p=5064\",\"name\":\"El Valle de los Ca\u00eddos cierra el a\u00f1o 2015 con casi 300.000 visitantes - ADVC\",\"isPartOf\":{\"@id\":\"https:\/\/www.elvalledeloscaidos.es\/portal\/#website\"},\"primaryImageOfPage\":{\"@id\":\"https:\/\/www.elvalledeloscaidos.es\/portal\/?p=5064#primaryimage\"},\"datePublished\":\"2016-01-02T13:47:35+00:00\",\"dateModified\":\"2016-01-02T13:49:26+00:00\",\"author\":{\"@id\":\"https:\/\/www.elvalledeloscaidos.es\/portal\/#\/schema\/person\/36b3894dc4f1eb332b7fc369aed7eb58\"},\"breadcrumb\":{\"@id\":\"https:\/\/www.elvalledeloscaidos.es\/portal\/?p=5064#breadcrumb\"},\"inLanguage\":\"es\",\"potentialAction\":[{\"@type\":\"ReadAction\",\"target\":[\"https:\/\/www.elvalledeloscaidos.es\/portal\/?p=5064\"]}]},{\"@type\":\"BreadcrumbList\",\"@id\":\"https:\/\/www.elvalledeloscaidos.es\/portal\/?p=5064#breadcrumb\",\"itemListElement\":[{\"@type\":\"ListItem\",\"position\":1,\"name\":\"Portada\",\"item\":\"https:\/\/www.elvalledeloscaidos.es\/portal\"},{\"@type\":\"ListItem\",\"position\":2,\"name\":\"El Valle de los Ca\u00eddos cierra el a\u00f1o 2015 con casi 300.000 visitantes\"}]},{\"@type\":\"Person\",\"@id\":\"https:\/\/www.elvalledeloscaidos.es\/portal\/#\/schema\/person\/36b3894dc4f1eb332b7fc369aed7eb58\",\"name\":\"linares\",\"image\":{\"@type\":\"ImageObject\",\"@id\":\"https:\/\/www.elvalledeloscaidos.es\/portal\/#personlogo\",\"inLanguage\":\"es\",\"url\":\"https:\/\/secure.gravatar.com\/avatar\/0b6f3a427655ac169c9155e538724b76?s=96&d=mm&r=g\",\"contentUrl\":\"https:\/\/secure.gravatar.com\/avatar\/0b6f3a427655ac169c9155e538724b76?s=96&d=mm&r=g\",\"caption\":\"linares\"},\"url\":\"https:\/\/www.elvalledeloscaidos.es\/portal\/?author=1\"}]}<\/script>\n<!-- \/ Yoast SEO plugin. -->","yoast_head_json":{"title":"El Valle de los Ca\u00eddos cierra el a\u00f1o 2015 con casi 300.000 visitantes - ADVC","robots":{"index":"index","follow":"follow","max-snippet":"max-snippet:-1","max-image-preview":"max-image-preview:large","max-video-preview":"max-video-preview:-1"},"canonical":"https:\/\/www.elvalledeloscaidos.es\/portal\/?p=5064","og_locale":"es_ES","og_type":"article","og_title":"El Valle de los Ca\u00eddos cierra el a\u00f1o 2015 con casi 300.000 visitantes - ADVC","og_description":"El Valle de los Ca\u00eddos cierra el a\u00f1o 2015 con casi 300.000 visitantes, lo que supone un incremento del 5,8% respecto del a\u00f1o anterior. Es de destacar la fidelidad del turista para con \u00e9ste monumento, m\u00e1s a\u00fan si cabe cuando por desgracia sigue tratandose de un monumento tan s\u00f3lo visitable [&hellip;]","og_url":"https:\/\/www.elvalledeloscaidos.es\/portal\/?p=5064","og_site_name":"ADVC","article_published_time":"2016-01-02T13:47:35+00:00","article_modified_time":"2016-01-02T13:49:26+00:00","og_image":[{"url":"http:\/\/www.elvalledeloscaidos.es\/portal\/wp-content\/uploads\/2016\/01\/001.jpg"}],"twitter_card":"summary_large_image","twitter_misc":{"Escrito por":"linares","Tiempo de lectura":"1 minuto"},"schema":{"@context":"https:\/\/schema.org","@graph":[{"@type":"WebSite","@id":"https:\/\/www.elvalledeloscaidos.es\/portal\/#website","url":"https:\/\/www.elvalledeloscaidos.es\/portal\/","name":"ADVC","description":"Asociaci\u00f3n Para la Defensa del Valle de los Ca\u00eddos","potentialAction":[{"@type":"SearchAction","target":{"@type":"EntryPoint","urlTemplate":"https:\/\/www.elvalledeloscaidos.es\/portal\/?s={search_term_string}"},"query-input":"required name=search_term_string"}],"inLanguage":"es"},{"@type":"ImageObject","@id":"https:\/\/www.elvalledeloscaidos.es\/portal\/?p=5064#primaryimage","inLanguage":"es","url":"http:\/\/www.elvalledeloscaidos.es\/portal\/wp-content\/uploads\/2016\/01\/001.jpg","contentUrl":"http:\/\/www.elvalledeloscaidos.es\/portal\/wp-content\/uploads\/2016\/01\/001.jpg"},{"@type":"WebPage","@id":"https:\/\/www.elvalledeloscaidos.es\/portal\/?p=5064#webpage","url":"https:\/\/www.elvalledeloscaidos.es\/portal\/?p=5064","name":"El Valle de los Ca\u00eddos cierra el a\u00f1o 2015 con casi 300.000 visitantes - ADVC","isPartOf":{"@id":"https:\/\/www.elvalledeloscaidos.es\/portal\/#website"},"primaryImageOfPage":{"@id":"https:\/\/www.elvalledeloscaidos.es\/portal\/?p=5064#primaryimage"},"datePublished":"2016-01-02T13:47:35+00:00","dateModified":"2016-01-02T13:49:26+00:00","author":{"@id":"https:\/\/www.elvalledeloscaidos.es\/portal\/#\/schema\/person\/36b3894dc4f1eb332b7fc369aed7eb58"},"breadcrumb":{"@id":"https:\/\/www.elvalledeloscaidos.es\/portal\/?p=5064#breadcrumb"},"inLanguage":"es","potentialAction":[{"@type":"ReadAction","target":["https:\/\/www.elvalledeloscaidos.es\/portal\/?p=5064"]}]},{"@type":"BreadcrumbList","@id":"https:\/\/www.elvalledeloscaidos.es\/portal\/?p=5064#breadcrumb","itemListElement":[{"@type":"ListItem","position":1,"name":"Portada","item":"https:\/\/www.elvalledeloscaidos.es\/portal"},{"@type":"ListItem","position":2,"name":"El Valle de los Ca\u00eddos cierra el a\u00f1o 2015 con casi 300.000 visitantes"}]},{"@type":"Person","@id":"https:\/\/www.elvalledeloscaidos.es\/portal\/#\/schema\/person\/36b3894dc4f1eb332b7fc369aed7eb58","name":"linares","image":{"@type":"ImageObject","@id":"https:\/\/www.elvalledeloscaidos.es\/portal\/#personlogo","inLanguage":"es","url":"https:\/\/secure.gravatar.com\/avatar\/0b6f3a427655ac169c9155e538724b76?s=96&d=mm&r=g","contentUrl":"https:\/\/secure.gravatar.com\/avatar\/0b6f3a427655ac169c9155e538724b76?s=96&d=mm&r=g","caption":"linares"},"url":"https:\/\/www.elvalledeloscaidos.es\/portal\/?author=1"}]}},"_links":{"self":[{"href":"https:\/\/www.elvalledeloscaidos.es\/portal\/index.php?rest_route=\/wp\/v2\/posts\/5064"}],"collection":[{"href":"https:\/\/www.elvalledeloscaidos.es\/portal\/index.php?rest_route=\/wp\/v2\/posts"}],"about":[{"href":"https:\/\/www.elvalledeloscaidos.es\/portal\/index.php?rest_route=\/wp\/v2\/types\/post"}],"author":[{"embeddable":true,"href":"https:\/\/www.elvalledeloscaidos.es\/portal\/index.php?rest_route=\/wp\/v2\/users\/1"}],"replies":[{"embeddable":true,"href":"https:\/\/www.elvalledeloscaidos.es\/portal\/index.php?rest_route=%2Fwp%2Fv2%2Fcomments&post=5064"}],"version-history":[{"count":3,"href":"https:\/\/www.elvalledeloscaidos.es\/portal\/index.php?rest_route=\/wp\/v2\/posts\/5064\/revisions"}],"predecessor-version":[{"id":5068,"href":"https:\/\/www.elvalledeloscaidos.es\/portal\/index.php?rest_route=\/wp\/v2\/posts\/5064\/revisions\/5068"}],"wp:attachment":[{"href":"https:\/\/www.elvalledeloscaidos.es\/portal\/index.php?rest_route=%2Fwp%2Fv2%2Fmedia&parent=5064"}],"wp:term":[{"taxonomy":"category","embeddable":true,"href":"https:\/\/www.elvalledeloscaidos.es\/portal\/index.php?rest_route=%2Fwp%2Fv2%2Fcategories&post=5064"},{"taxonomy":"post_tag","embeddable":true,"href":"https:\/\/www.elvalledeloscaidos.es\/portal\/index.php?rest_route=%2Fwp%2Fv2%2Ftags&post=5064"}],"curies":[{"name":"wp","href":"https:\/\/api.w.org\/{rel}","templated":true}]}}