{"id":5146,"date":"2016-05-09T16:56:16","date_gmt":"2016-05-09T15:56:16","guid":{"rendered":"http:\/\/www.elvalledeloscaidos.es\/portal\/?p=5146"},"modified":"2016-05-09T17:40:24","modified_gmt":"2016-05-09T16:40:24","slug":"5146","status":"publish","type":"post","link":"https:\/\/www.elvalledeloscaidos.es\/portal\/?p=5146","title":{"rendered":"NOTA DE LA ASOCIACI\u00d3N PARA LA DEFENSA DEL VALLE DE LOS CA\u00cdDOS"},"content":{"rendered":"<p>La Asociaci\u00f3n Para la Defensa del Valle de los Ca\u00eddos ha hecho llegar a Patrimonio Nacional por registro, un requerimiento, cuyo texto facilitamos a continuaci\u00f3n.<\/p>\n<p>&nbsp;<\/p>\n<p>Madrid, 9 de mayo de 2016<\/p>\n<p>Habiendo tenido conocimiento esta Asociaci\u00f3n Para la Defensa del Valle de los Ca\u00eddos, a trav\u00e9s de los medios de comunicaci\u00f3n social de que alg\u00fan descendiente de Manuel y Ramiro Lape\u00f1a Altab\u00e1s (q.e.p.d), pretenden la exhumaci\u00f3n de los restos mortales de los antes aludidos, que presuntamente pueden reposar en los osarios de la Bas\u00edlica Pontifica del Valle de los Ca\u00eddos, para lo cual parecen haber obtenido alguna resoluci\u00f3n en los Juzgados de San Lorenzo de El Escorial, esta Asociaci\u00f3n quiere poner de manifiesto lo siguiente:<\/p>\n<p><strong>PRIMERO<\/strong>.- Es indemostrable que los restos mortales de D. Manuel Lape\u00f1a Altab\u00e1s y D. Ramiro Lape\u00f1a Altab\u00e1s reposen en la Bas\u00edlica Pontificia del Valle de los Ca\u00eddos, m\u00e1s bien todo lo contrario, puesto que ni en los listados oficiales de enterramientos del lugar, y ni tan siquiera en el mapa de fosas elaborado por el Ministerio de Justicia, aparece referencia alguna al enterramiento de estas dos personas en el Valle de los Ca\u00eddos.<\/p>\n<p><strong>SEGUNDO<\/strong>.- Si resultare lo contrario, es improcedente la localizaci\u00f3n de los restos mortales de las referidas personas, dado que se invadir\u00edan irremediablemente los derechos del resto de los inhumados en los mismos osarios, as\u00ed lo demuestra el informe forense del Ministerio de Justicia de fecha 15 de febrero de 2011, y firmado por el prestigioso forense, D. Andr\u00e9s Bedate Guti\u00e9rrez, informe en el que se expresa literalmente lo siguiente, en relaci\u00f3n al osario, donde siempre presuntamente se presume la existencia de los restos aludidos:<\/p>\n<p><span style=\"color: #800000;\"><em>\u201cIdentificaci\u00f3n individual: Complejidad extrema, dado el elevado n\u00famero de individuos, la ausencia de controles identificativos en los columbarios. Elevado riesgo t\u00e9cnico para la extracci\u00f3n de los columbarios. Estudio antropol\u00f3gico muy complejo por elevado n\u00famero de individuos y mezcla de restos \u00f3seos.\u201d<\/em><\/span><\/p>\n<p>Y sigue:<\/p>\n<p><span style=\"color: #800000;\"><em>\u201cLa identificaci\u00f3n individual de los restos \u00f3seos depositados en las criptas y\/o capillas queda casi imposibilitada dado el estado de los columbarios observados y el esparcimiento de los restos por las criptas y\/o capillas.\u201d<\/em><\/span><\/p>\n<p>&nbsp;<\/p>\n<p><strong>TERCERO<\/strong>.- Esta asociaci\u00f3n requiere formalmente a \u201cPatrimonio Nacional\u201d para que se abstenga de tocar y manipular los restos mortales de cualquier persona inhumada en los osarios de la Bas\u00edlica, en la b\u00fasqueda de los referidos Manuel Lape\u00f1a Altab\u00e1s y \u00a0Ramiro Lape\u00f1a Altab\u00e1s, que desde nuestro punto de vista, y apoy\u00e1ndonos en los listados oficiales de enterramientos en el Valle, ni siquiera reposan en dicho lugar.<\/p>\n<p><strong>CUARTO<\/strong>.- Para el caso de que se procediera a una hipot\u00e9tica manipulaci\u00f3n de restos mortales de victimas diferentes a las antes aludidas, requerimos igualmente a \u201cPatrimonio Nacional\u201d, para que notifique con anterioridad dicha circunstancia a todas las familias del resto de los enterrados en el lugar, ya que de otra manera se producir\u00eda una absoluta indefensi\u00f3n de los mismos, circunstancia que podr\u00eda derivar en un delito de profanaci\u00f3n tipificado en el art\u00edculo 526 del vigente c\u00f3digo penal, pudiendo adem\u00e1s generar un importante conflicto social entre el resto de las familias, que manteniendo los a sus difuntos en el Valle, se niegan a cualquier manipulaci\u00f3n con los mismos.<\/p>\n<p><strong>QUINTO<\/strong>.- Por acuerdo del Consejo de Ministros de fecha 27 de mayo de 2011, se cre\u00f3 la \u201cComisi\u00f3n de Expertos del Valle de los Ca\u00eddos\u201d, con el encargo de preparar un informe sobre posibles actuaciones en el lugar. Este informe, en su p\u00e1gina numero 12, y en relaci\u00f3n a lo que nos ocupa, dice literalmente:<\/p>\n<p><em><span style=\"color: #800000;\">\u201cEn todo caso, es evidente para la Comisi\u00f3n, que la satisfacci\u00f3n de dichas demandas, si t\u00e9cnicamente fuera posible, exige evaluar previamente los problemas legales que se plantear\u00e1n- derechos de las familias que puedan tener intereses contrapuestos- as\u00ed como el volumen de recursos personales y materiales precisos.\u201d<\/span><\/em><\/p>\n<p><strong>SEXTO<\/strong>.- El manifiesto estado de deterioro de los osarios de la Bas\u00edlica Pontificia del Valle de los Ca\u00eddos est\u00e1 motivado por la grave y continuada falta de mantenimiento en el conjunto monumental del Valle de los Ca\u00eddos por parte de Patrimonio Nacional a lo largo de las XII legislaturas de la Democracia Espa\u00f1ola e incluso de los \u00faltimos a\u00f1os de la dictadura del General Franco. De hecho y como se expone en el informe forense del Ministerio de Justicia aludido en el punto segundo de este requerimiento, en su p\u00e1gina 2, en todos estos a\u00f1os, tan s\u00f3lo ha existido una actuaci\u00f3n en los osarios, en el a\u00f1o 1990:<\/p>\n<p><em><span style=\"color: #800000;\">\u201cPatrimonio Nacional en el a\u00f1o 2004, emite un informe, del que se\u00a0 desprende que desde la finalizaci\u00f3n del monumento en el a\u00f1o 1959, \u201c\u2026no ha habido incidencias rese\u00f1ables, m\u00e1s all\u00e1 de un movimiento de restos que tiene lugar en 1990 desde el piso primero de la cripta del Sant\u00edsimo a los pisos de la cripta del Pilar, debido a unas humedades aparecidas en la techumbre de la sacrist\u00eda.\u201d<\/span><\/em><\/p>\n<p>Al parecer este movimiento de restos entre los diferentes osarios no se realiz\u00f3 siguiendo el m\u00e1s elemental protocolo a la hora de consignar en los libros de registro de enterramientos los traslados de los mismos.<\/p>\n<p>&nbsp;<\/p>\n<p><strong>S\u00c9PTIMO<\/strong>.- Esta asociaci\u00f3n ya desde este mismo momento, anuncia el ejercicio de cuantas medidas legales sean oportunas, incluidas las penales contra los responsables de cualquier vulneraci\u00f3n de los derechos de las familias de los ca\u00eddos de ambos bandos que all\u00ed reposan, y que se niegan rotundamente a la manipulaci\u00f3n de los restos mortales de sus familiares.<\/p>\n<p>Asimismo solicito la pr\u00e1ctica de las notificaciones interesadas en el cuerpo de este escrito.<br \/>\nEn virtud de todo ello,<\/p>\n<p>&nbsp;<\/p>\n<p><strong>SOLICITO<\/strong>, tengan por presentado este escrito, y por hechas las manifestaciones contenidas en el mismo, a los efectos legales oportunos, y estim\u00e1ndolo, deniegue cualquier actuaci\u00f3n que suponga la manipulaci\u00f3n de los restos de cualquier persona inhumada en todos los osarios del Valle de los Ca\u00eddos, que no sean los anteriormente referidos Manuel Lape\u00f1a Altab\u00e1s y \u00a0Ramiro Lape\u00f1a Altab\u00e1s.<\/p>\n<p>&nbsp;<\/p>\n<p>Asociaci\u00f3n Para la Defensa del Valle de los Ca\u00eddos<br \/>\nTfno: 91 128 77 88 \/ 672 152 307<br \/>\nwww.elvalledeloscaidos.es<\/p>\n<p>&nbsp;<\/p>\n<p><img decoding=\"async\" loading=\"lazy\" class=\"aligncenter size-full wp-image-5147\" src=\"http:\/\/www.elvalledeloscaidos.es\/portal\/wp-content\/uploads\/2016\/05\/OSARIOS1.jpg\" alt=\"OSARIOS1\" width=\"500\" height=\"286\" srcset=\"https:\/\/www.elvalledeloscaidos.es\/portal\/wp-content\/uploads\/2016\/05\/OSARIOS1.jpg 500w, https:\/\/www.elvalledeloscaidos.es\/portal\/wp-content\/uploads\/2016\/05\/OSARIOS1-300x172.jpg 300w\" sizes=\"(max-width: 500px) 100vw, 500px\" \/><\/p>\n<p><img decoding=\"async\" loading=\"lazy\" class=\"aligncenter size-large wp-image-5148\" src=\"http:\/\/www.elvalledeloscaidos.es\/portal\/wp-content\/uploads\/2016\/05\/OSARIOS2.jpg\" alt=\"OSARIOS2\" width=\"500\" height=\"287\" srcset=\"https:\/\/www.elvalledeloscaidos.es\/portal\/wp-content\/uploads\/2016\/05\/OSARIOS2.jpg 500w, https:\/\/www.elvalledeloscaidos.es\/portal\/wp-content\/uploads\/2016\/05\/OSARIOS2-300x172.jpg 300w\" sizes=\"(max-width: 500px) 100vw, 500px\" \/><\/p>\n<p>Im\u00e1genes: <a href=\"http:\/\/www.gaceta.es\" target=\"_blank\">gaceta.es<\/a><\/p>\n<p>&nbsp;<\/p>\n","protected":false},"excerpt":{"rendered":"<p>La Asociaci\u00f3n Para la Defensa del Valle de los Ca\u00eddos ha hecho llegar a Patrimonio Nacional por registro, un requerimiento, cuyo texto facilitamos a continuaci\u00f3n. &nbsp; Madrid, 9 de mayo de 2016 Habiendo tenido conocimiento esta Asociaci\u00f3n Para la Defensa del Valle de los Ca\u00eddos, a trav\u00e9s de los medios [&hellip;]<\/p>\n","protected":false},"author":1,"featured_media":0,"comment_status":"open","ping_status":"open","sticky":false,"template":"","format":"standard","meta":[],"categories":[4],"tags":[],"yoast_head":"<!-- This site is optimized with the Yoast SEO plugin v18.6 - https:\/\/yoast.com\/wordpress\/plugins\/seo\/ -->\n<title>NOTA DE LA ASOCIACI\u00d3N PARA LA DEFENSA DEL VALLE DE LOS CA\u00cdDOS - ADVC<\/title>\n<meta name=\"robots\" content=\"index, follow, max-snippet:-1, max-image-preview:large, max-video-preview:-1\" \/>\n<link rel=\"canonical\" href=\"https:\/\/www.elvalledeloscaidos.es\/portal\/?p=5146\" \/>\n<meta property=\"og:locale\" content=\"es_ES\" \/>\n<meta property=\"og:type\" content=\"article\" \/>\n<meta property=\"og:title\" content=\"NOTA DE LA ASOCIACI\u00d3N PARA LA DEFENSA DEL VALLE DE LOS CA\u00cdDOS - ADVC\" \/>\n<meta property=\"og:description\" content=\"La Asociaci\u00f3n Para la Defensa del Valle de los Ca\u00eddos ha hecho llegar a Patrimonio Nacional por registro, un requerimiento, cuyo texto facilitamos a continuaci\u00f3n. &nbsp; Madrid, 9 de mayo de 2016 Habiendo tenido conocimiento esta Asociaci\u00f3n Para la Defensa del Valle de los Ca\u00eddos, a trav\u00e9s de los medios [&hellip;]\" \/>\n<meta property=\"og:url\" content=\"https:\/\/www.elvalledeloscaidos.es\/portal\/?p=5146\" \/>\n<meta property=\"og:site_name\" content=\"ADVC\" \/>\n<meta property=\"article:published_time\" content=\"2016-05-09T15:56:16+00:00\" \/>\n<meta property=\"article:modified_time\" content=\"2016-05-09T16:40:24+00:00\" \/>\n<meta property=\"og:image\" content=\"http:\/\/www.elvalledeloscaidos.es\/portal\/wp-content\/uploads\/2016\/05\/OSARIOS1.jpg\" \/>\n<meta name=\"twitter:card\" content=\"summary_large_image\" \/>\n<meta name=\"twitter:label1\" content=\"Escrito por\" \/>\n\t<meta name=\"twitter:data1\" content=\"linares\" \/>\n\t<meta name=\"twitter:label2\" content=\"Tiempo de lectura\" \/>\n\t<meta name=\"twitter:data2\" content=\"5 minutos\" \/>\n<script type=\"application\/ld+json\" class=\"yoast-schema-graph\">{\"@context\":\"https:\/\/schema.org\",\"@graph\":[{\"@type\":\"WebSite\",\"@id\":\"https:\/\/www.elvalledeloscaidos.es\/portal\/#website\",\"url\":\"https:\/\/www.elvalledeloscaidos.es\/portal\/\",\"name\":\"ADVC\",\"description\":\"Asociaci\u00f3n Para la Defensa del Valle de los Ca\u00eddos\",\"potentialAction\":[{\"@type\":\"SearchAction\",\"target\":{\"@type\":\"EntryPoint\",\"urlTemplate\":\"https:\/\/www.elvalledeloscaidos.es\/portal\/?s={search_term_string}\"},\"query-input\":\"required name=search_term_string\"}],\"inLanguage\":\"es\"},{\"@type\":\"ImageObject\",\"@id\":\"https:\/\/www.elvalledeloscaidos.es\/portal\/?p=5146#primaryimage\",\"inLanguage\":\"es\",\"url\":\"http:\/\/www.elvalledeloscaidos.es\/portal\/wp-content\/uploads\/2016\/05\/OSARIOS1.jpg\",\"contentUrl\":\"http:\/\/www.elvalledeloscaidos.es\/portal\/wp-content\/uploads\/2016\/05\/OSARIOS1.jpg\"},{\"@type\":\"WebPage\",\"@id\":\"https:\/\/www.elvalledeloscaidos.es\/portal\/?p=5146#webpage\",\"url\":\"https:\/\/www.elvalledeloscaidos.es\/portal\/?p=5146\",\"name\":\"NOTA DE LA ASOCIACI\u00d3N PARA LA DEFENSA DEL VALLE DE LOS CA\u00cdDOS - ADVC\",\"isPartOf\":{\"@id\":\"https:\/\/www.elvalledeloscaidos.es\/portal\/#website\"},\"primaryImageOfPage\":{\"@id\":\"https:\/\/www.elvalledeloscaidos.es\/portal\/?p=5146#primaryimage\"},\"datePublished\":\"2016-05-09T15:56:16+00:00\",\"dateModified\":\"2016-05-09T16:40:24+00:00\",\"author\":{\"@id\":\"https:\/\/www.elvalledeloscaidos.es\/portal\/#\/schema\/person\/36b3894dc4f1eb332b7fc369aed7eb58\"},\"breadcrumb\":{\"@id\":\"https:\/\/www.elvalledeloscaidos.es\/portal\/?p=5146#breadcrumb\"},\"inLanguage\":\"es\",\"potentialAction\":[{\"@type\":\"ReadAction\",\"target\":[\"https:\/\/www.elvalledeloscaidos.es\/portal\/?p=5146\"]}]},{\"@type\":\"BreadcrumbList\",\"@id\":\"https:\/\/www.elvalledeloscaidos.es\/portal\/?p=5146#breadcrumb\",\"itemListElement\":[{\"@type\":\"ListItem\",\"position\":1,\"name\":\"Portada\",\"item\":\"https:\/\/www.elvalledeloscaidos.es\/portal\"},{\"@type\":\"ListItem\",\"position\":2,\"name\":\"NOTA DE LA ASOCIACI\u00d3N PARA LA DEFENSA DEL VALLE DE LOS CA\u00cdDOS\"}]},{\"@type\":\"Person\",\"@id\":\"https:\/\/www.elvalledeloscaidos.es\/portal\/#\/schema\/person\/36b3894dc4f1eb332b7fc369aed7eb58\",\"name\":\"linares\",\"image\":{\"@type\":\"ImageObject\",\"@id\":\"https:\/\/www.elvalledeloscaidos.es\/portal\/#personlogo\",\"inLanguage\":\"es\",\"url\":\"https:\/\/secure.gravatar.com\/avatar\/0b6f3a427655ac169c9155e538724b76?s=96&d=mm&r=g\",\"contentUrl\":\"https:\/\/secure.gravatar.com\/avatar\/0b6f3a427655ac169c9155e538724b76?s=96&d=mm&r=g\",\"caption\":\"linares\"},\"url\":\"https:\/\/www.elvalledeloscaidos.es\/portal\/?author=1\"}]}<\/script>\n<!-- \/ Yoast SEO plugin. -->","yoast_head_json":{"title":"NOTA DE LA ASOCIACI\u00d3N PARA LA DEFENSA DEL VALLE DE LOS CA\u00cdDOS - ADVC","robots":{"index":"index","follow":"follow","max-snippet":"max-snippet:-1","max-image-preview":"max-image-preview:large","max-video-preview":"max-video-preview:-1"},"canonical":"https:\/\/www.elvalledeloscaidos.es\/portal\/?p=5146","og_locale":"es_ES","og_type":"article","og_title":"NOTA DE LA ASOCIACI\u00d3N PARA LA DEFENSA DEL VALLE DE LOS CA\u00cdDOS - ADVC","og_description":"La Asociaci\u00f3n Para la Defensa del Valle de los Ca\u00eddos ha hecho llegar a Patrimonio Nacional por registro, un requerimiento, cuyo texto facilitamos a continuaci\u00f3n. &nbsp; Madrid, 9 de mayo de 2016 Habiendo tenido conocimiento esta Asociaci\u00f3n Para la Defensa del Valle de los Ca\u00eddos, a trav\u00e9s de los medios [&hellip;]","og_url":"https:\/\/www.elvalledeloscaidos.es\/portal\/?p=5146","og_site_name":"ADVC","article_published_time":"2016-05-09T15:56:16+00:00","article_modified_time":"2016-05-09T16:40:24+00:00","og_image":[{"url":"http:\/\/www.elvalledeloscaidos.es\/portal\/wp-content\/uploads\/2016\/05\/OSARIOS1.jpg"}],"twitter_card":"summary_large_image","twitter_misc":{"Escrito por":"linares","Tiempo de lectura":"5 minutos"},"schema":{"@context":"https:\/\/schema.org","@graph":[{"@type":"WebSite","@id":"https:\/\/www.elvalledeloscaidos.es\/portal\/#website","url":"https:\/\/www.elvalledeloscaidos.es\/portal\/","name":"ADVC","description":"Asociaci\u00f3n Para la Defensa del Valle de los Ca\u00eddos","potentialAction":[{"@type":"SearchAction","target":{"@type":"EntryPoint","urlTemplate":"https:\/\/www.elvalledeloscaidos.es\/portal\/?s={search_term_string}"},"query-input":"required name=search_term_string"}],"inLanguage":"es"},{"@type":"ImageObject","@id":"https:\/\/www.elvalledeloscaidos.es\/portal\/?p=5146#primaryimage","inLanguage":"es","url":"http:\/\/www.elvalledeloscaidos.es\/portal\/wp-content\/uploads\/2016\/05\/OSARIOS1.jpg","contentUrl":"http:\/\/www.elvalledeloscaidos.es\/portal\/wp-content\/uploads\/2016\/05\/OSARIOS1.jpg"},{"@type":"WebPage","@id":"https:\/\/www.elvalledeloscaidos.es\/portal\/?p=5146#webpage","url":"https:\/\/www.elvalledeloscaidos.es\/portal\/?p=5146","name":"NOTA DE LA ASOCIACI\u00d3N PARA LA DEFENSA DEL VALLE DE LOS CA\u00cdDOS - ADVC","isPartOf":{"@id":"https:\/\/www.elvalledeloscaidos.es\/portal\/#website"},"primaryImageOfPage":{"@id":"https:\/\/www.elvalledeloscaidos.es\/portal\/?p=5146#primaryimage"},"datePublished":"2016-05-09T15:56:16+00:00","dateModified":"2016-05-09T16:40:24+00:00","author":{"@id":"https:\/\/www.elvalledeloscaidos.es\/portal\/#\/schema\/person\/36b3894dc4f1eb332b7fc369aed7eb58"},"breadcrumb":{"@id":"https:\/\/www.elvalledeloscaidos.es\/portal\/?p=5146#breadcrumb"},"inLanguage":"es","potentialAction":[{"@type":"ReadAction","target":["https:\/\/www.elvalledeloscaidos.es\/portal\/?p=5146"]}]},{"@type":"BreadcrumbList","@id":"https:\/\/www.elvalledeloscaidos.es\/portal\/?p=5146#breadcrumb","itemListElement":[{"@type":"ListItem","position":1,"name":"Portada","item":"https:\/\/www.elvalledeloscaidos.es\/portal"},{"@type":"ListItem","position":2,"name":"NOTA DE LA ASOCIACI\u00d3N PARA LA DEFENSA DEL VALLE DE LOS CA\u00cdDOS"}]},{"@type":"Person","@id":"https:\/\/www.elvalledeloscaidos.es\/portal\/#\/schema\/person\/36b3894dc4f1eb332b7fc369aed7eb58","name":"linares","image":{"@type":"ImageObject","@id":"https:\/\/www.elvalledeloscaidos.es\/portal\/#personlogo","inLanguage":"es","url":"https:\/\/secure.gravatar.com\/avatar\/0b6f3a427655ac169c9155e538724b76?s=96&d=mm&r=g","contentUrl":"https:\/\/secure.gravatar.com\/avatar\/0b6f3a427655ac169c9155e538724b76?s=96&d=mm&r=g","caption":"linares"},"url":"https:\/\/www.elvalledeloscaidos.es\/portal\/?author=1"}]}},"_links":{"self":[{"href":"https:\/\/www.elvalledeloscaidos.es\/portal\/index.php?rest_route=\/wp\/v2\/posts\/5146"}],"collection":[{"href":"https:\/\/www.elvalledeloscaidos.es\/portal\/index.php?rest_route=\/wp\/v2\/posts"}],"about":[{"href":"https:\/\/www.elvalledeloscaidos.es\/portal\/index.php?rest_route=\/wp\/v2\/types\/post"}],"author":[{"embeddable":true,"href":"https:\/\/www.elvalledeloscaidos.es\/portal\/index.php?rest_route=\/wp\/v2\/users\/1"}],"replies":[{"embeddable":true,"href":"https:\/\/www.elvalledeloscaidos.es\/portal\/index.php?rest_route=%2Fwp%2Fv2%2Fcomments&post=5146"}],"version-history":[{"count":3,"href":"https:\/\/www.elvalledeloscaidos.es\/portal\/index.php?rest_route=\/wp\/v2\/posts\/5146\/revisions"}],"predecessor-version":[{"id":5151,"href":"https:\/\/www.elvalledeloscaidos.es\/portal\/index.php?rest_route=\/wp\/v2\/posts\/5146\/revisions\/5151"}],"wp:attachment":[{"href":"https:\/\/www.elvalledeloscaidos.es\/portal\/index.php?rest_route=%2Fwp%2Fv2%2Fmedia&parent=5146"}],"wp:term":[{"taxonomy":"category","embeddable":true,"href":"https:\/\/www.elvalledeloscaidos.es\/portal\/index.php?rest_route=%2Fwp%2Fv2%2Fcategories&post=5146"},{"taxonomy":"post_tag","embeddable":true,"href":"https:\/\/www.elvalledeloscaidos.es\/portal\/index.php?rest_route=%2Fwp%2Fv2%2Ftags&post=5146"}],"curies":[{"name":"wp","href":"https:\/\/api.w.org\/{rel}","templated":true}]}}