{"id":523,"date":"2011-04-04T23:46:53","date_gmt":"2011-04-04T22:46:53","guid":{"rendered":"http:\/\/www.elvalledeloscaidos.es\/portal\/?p=523"},"modified":"2011-04-04T23:46:53","modified_gmt":"2011-04-04T22:46:53","slug":"el-gobierno-negocia-el-futuro-del-valle-de-los-caidos","status":"publish","type":"post","link":"https:\/\/www.elvalledeloscaidos.es\/portal\/?p=523","title":{"rendered":"El Gobierno negocia el futuro del Valle de los Ca\u00eddos"},"content":{"rendered":"<p>Reproducimos aqu\u00ed el art\u00edculo que el periodista Luis Izquierdo publica hoy 5 de abril en las p\u00e1ginas de la Vanguardia.<\/p>\n<p>Algo que ya nos present\u00edamos y contra lo que lucharemos sin duda.<\/p>\n<p><strong>Zapatero <\/strong>no quiere marcharse de la <strong>Moncloa <\/strong>sin cerrar algunos de los cap\u00edtulos m\u00e1s tormentosos que han marcado sus dos mandatos, cual es, dentro del proceso de memoria hist\u00f3rica, el futuro del <strong>Valle de los Ca\u00eddos<\/strong>.<\/p>\n<p><!--more--><\/p>\n<p>Por eso el ministro de Presidencia, Ram\u00f3n <strong>J\u00e1uregui<\/strong>, trata de acelerar la creaci\u00f3n de una comisi\u00f3n de expertos que cuente con el benepl\u00e1cito de la oposici\u00f3n para realizar una serie de propuestas sobre c\u00f3mo convertir el Valle de los Ca\u00eddos en un \u201ccentro de memoria y reconciliaci\u00f3n\u201d, tal como recoge la <strong>ley de Memoria Hist\u00f3rica<\/strong>.<\/p>\n<p>Fuentes de Presidencia indican que los contactos est\u00e1n muy avanzados \u2013J\u00e1uregui est\u00e1 a punto de cerrar la ronda con todos los grupos pol\u00edticos\u2013 y que las intenciones del Gobierno se centran en completar el desarrollo de la ley antes de que concluya la <strong>legislatura<\/strong>.<\/p>\n<p>El impulso final a una de las leyes con un mayor car\u00e1cter progresista tambi\u00e9n ayudar\u00eda a plasmar de forma clara una de las pocas vertientes de izquierda que le quedan por exhibir al Gobierno de cara a las pr\u00f3ximas elecciones legislativas.<\/p>\n<p>La papeleta est\u00e1 ahora sobre la mesa del <strong>PP<\/strong>. Fuentes del principal partido de la <strong>oposici\u00f3n <\/strong>tienen claro que cualquier propuesta de los expertos pasa necesariamente por respetar el art\u00edculo 16 de la ley, donde se recoge que el Valle de los Ca\u00eddos seguir\u00e1 recibiendo la consideraci\u00f3n de lugar de <strong>culto cat\u00f3lico<\/strong>.<\/p>\n<p>Lo que sopesa el PP es la conveniencia o no de respaldar la iniciativa del Gobierno con la designaci\u00f3n de alg\u00fan historiador m\u00e1s pr\u00f3ximo a sus posiciones. Hacerlo legitimar\u00eda de alguna forma la decisi\u00f3n que la comisi\u00f3n adopte sobre c\u00f3mo convertir el Valle de los Ca\u00eddos en lugar de reencuentro sin perder su car\u00e1cter religioso.<\/p>\n<p>Fuentes de CiU trabajan ya en la elecci\u00f3n de su propuesta, mientras que el <strong>PNV <\/strong>no obstaculizar\u00e1 el proceso pero se ha negado a aportar un nombre sobre un asunto que les pilla muy de lejos. Tambi\u00e9n <strong>ERC <\/strong>ha hecho llegar a la Moncloa el nombre de un acad\u00e9mico que consideran de \u201cindiscutible prestigio\u201d. Los grupos m\u00e1s peque\u00f1os no han recibido todav\u00eda la llamada de J\u00e1uregui, pero esperan que les llegue en los pr\u00f3ximos d\u00edas.<\/p>\n<p>En un segundo plano queda la cuesti\u00f3n de qu\u00e9 se har\u00e1 con la tumba del dictador. Fuentes pr\u00f3ximas al Valle han confirmado que se ha sondeado a la familia Franco sobre un eventual traslado del cuerpo del general al cementerio de <strong>El Pardo<\/strong>, donde descansan los restos de <strong>Carmen Polo<\/strong>. No obstante, ni tan siquiera est\u00e1 claro que los expertos deban pronunciarse sobre este extremo, que puede despertar importantes controversias.<\/p>\n","protected":false},"excerpt":{"rendered":"<p>Reproducimos aqu\u00ed el art\u00edculo que el periodista Luis Izquierdo publica hoy 5 de abril en las p\u00e1ginas de la Vanguardia. Algo que ya nos present\u00edamos y contra lo que lucharemos sin duda. Zapatero no quiere marcharse de la Moncloa sin cerrar algunos de los cap\u00edtulos m\u00e1s tormentosos que han marcado [&hellip;]<\/p>\n","protected":false},"author":1,"featured_media":0,"comment_status":"open","ping_status":"open","sticky":false,"template":"","format":"standard","meta":[],"categories":[1],"tags":[],"yoast_head":"<!-- This site is optimized with the Yoast SEO plugin v18.6 - https:\/\/yoast.com\/wordpress\/plugins\/seo\/ -->\n<title>El Gobierno negocia el futuro del Valle de los Ca\u00eddos - ADVC<\/title>\n<meta name=\"robots\" content=\"index, follow, max-snippet:-1, max-image-preview:large, max-video-preview:-1\" \/>\n<link rel=\"canonical\" href=\"https:\/\/www.elvalledeloscaidos.es\/portal\/?p=523\" \/>\n<meta property=\"og:locale\" content=\"es_ES\" \/>\n<meta property=\"og:type\" content=\"article\" \/>\n<meta property=\"og:title\" content=\"El Gobierno negocia el futuro del Valle de los Ca\u00eddos - ADVC\" \/>\n<meta property=\"og:description\" content=\"Reproducimos aqu\u00ed el art\u00edculo que el periodista Luis Izquierdo publica hoy 5 de abril en las p\u00e1ginas de la Vanguardia. Algo que ya nos present\u00edamos y contra lo que lucharemos sin duda. Zapatero no quiere marcharse de la Moncloa sin cerrar algunos de los cap\u00edtulos m\u00e1s tormentosos que han marcado [&hellip;]\" \/>\n<meta property=\"og:url\" content=\"https:\/\/www.elvalledeloscaidos.es\/portal\/?p=523\" \/>\n<meta property=\"og:site_name\" content=\"ADVC\" \/>\n<meta property=\"article:published_time\" content=\"2011-04-04T22:46:53+00:00\" \/>\n<meta name=\"twitter:card\" content=\"summary_large_image\" \/>\n<meta name=\"twitter:label1\" content=\"Escrito por\" \/>\n\t<meta name=\"twitter:data1\" content=\"linares\" \/>\n\t<meta name=\"twitter:label2\" content=\"Tiempo de lectura\" \/>\n\t<meta name=\"twitter:data2\" content=\"3 minutos\" \/>\n<script type=\"application\/ld+json\" class=\"yoast-schema-graph\">{\"@context\":\"https:\/\/schema.org\",\"@graph\":[{\"@type\":\"WebSite\",\"@id\":\"https:\/\/www.elvalledeloscaidos.es\/portal\/#website\",\"url\":\"https:\/\/www.elvalledeloscaidos.es\/portal\/\",\"name\":\"ADVC\",\"description\":\"Asociaci\u00f3n Para la Defensa del Valle de los Ca\u00eddos\",\"potentialAction\":[{\"@type\":\"SearchAction\",\"target\":{\"@type\":\"EntryPoint\",\"urlTemplate\":\"https:\/\/www.elvalledeloscaidos.es\/portal\/?s={search_term_string}\"},\"query-input\":\"required name=search_term_string\"}],\"inLanguage\":\"es\"},{\"@type\":\"WebPage\",\"@id\":\"https:\/\/www.elvalledeloscaidos.es\/portal\/?p=523#webpage\",\"url\":\"https:\/\/www.elvalledeloscaidos.es\/portal\/?p=523\",\"name\":\"El Gobierno negocia el futuro del Valle de los Ca\u00eddos - ADVC\",\"isPartOf\":{\"@id\":\"https:\/\/www.elvalledeloscaidos.es\/portal\/#website\"},\"datePublished\":\"2011-04-04T22:46:53+00:00\",\"dateModified\":\"2011-04-04T22:46:53+00:00\",\"author\":{\"@id\":\"https:\/\/www.elvalledeloscaidos.es\/portal\/#\/schema\/person\/36b3894dc4f1eb332b7fc369aed7eb58\"},\"breadcrumb\":{\"@id\":\"https:\/\/www.elvalledeloscaidos.es\/portal\/?p=523#breadcrumb\"},\"inLanguage\":\"es\",\"potentialAction\":[{\"@type\":\"ReadAction\",\"target\":[\"https:\/\/www.elvalledeloscaidos.es\/portal\/?p=523\"]}]},{\"@type\":\"BreadcrumbList\",\"@id\":\"https:\/\/www.elvalledeloscaidos.es\/portal\/?p=523#breadcrumb\",\"itemListElement\":[{\"@type\":\"ListItem\",\"position\":1,\"name\":\"Portada\",\"item\":\"https:\/\/www.elvalledeloscaidos.es\/portal\"},{\"@type\":\"ListItem\",\"position\":2,\"name\":\"El Gobierno negocia el futuro del Valle de los Ca\u00eddos\"}]},{\"@type\":\"Person\",\"@id\":\"https:\/\/www.elvalledeloscaidos.es\/portal\/#\/schema\/person\/36b3894dc4f1eb332b7fc369aed7eb58\",\"name\":\"linares\",\"image\":{\"@type\":\"ImageObject\",\"@id\":\"https:\/\/www.elvalledeloscaidos.es\/portal\/#personlogo\",\"inLanguage\":\"es\",\"url\":\"https:\/\/secure.gravatar.com\/avatar\/0b6f3a427655ac169c9155e538724b76?s=96&d=mm&r=g\",\"contentUrl\":\"https:\/\/secure.gravatar.com\/avatar\/0b6f3a427655ac169c9155e538724b76?s=96&d=mm&r=g\",\"caption\":\"linares\"},\"url\":\"https:\/\/www.elvalledeloscaidos.es\/portal\/?author=1\"}]}<\/script>\n<!-- \/ Yoast SEO plugin. -->","yoast_head_json":{"title":"El Gobierno negocia el futuro del Valle de los Ca\u00eddos - ADVC","robots":{"index":"index","follow":"follow","max-snippet":"max-snippet:-1","max-image-preview":"max-image-preview:large","max-video-preview":"max-video-preview:-1"},"canonical":"https:\/\/www.elvalledeloscaidos.es\/portal\/?p=523","og_locale":"es_ES","og_type":"article","og_title":"El Gobierno negocia el futuro del Valle de los Ca\u00eddos - ADVC","og_description":"Reproducimos aqu\u00ed el art\u00edculo que el periodista Luis Izquierdo publica hoy 5 de abril en las p\u00e1ginas de la Vanguardia. Algo que ya nos present\u00edamos y contra lo que lucharemos sin duda. Zapatero no quiere marcharse de la Moncloa sin cerrar algunos de los cap\u00edtulos m\u00e1s tormentosos que han marcado [&hellip;]","og_url":"https:\/\/www.elvalledeloscaidos.es\/portal\/?p=523","og_site_name":"ADVC","article_published_time":"2011-04-04T22:46:53+00:00","twitter_card":"summary_large_image","twitter_misc":{"Escrito por":"linares","Tiempo de lectura":"3 minutos"},"schema":{"@context":"https:\/\/schema.org","@graph":[{"@type":"WebSite","@id":"https:\/\/www.elvalledeloscaidos.es\/portal\/#website","url":"https:\/\/www.elvalledeloscaidos.es\/portal\/","name":"ADVC","description":"Asociaci\u00f3n Para la Defensa del Valle de los Ca\u00eddos","potentialAction":[{"@type":"SearchAction","target":{"@type":"EntryPoint","urlTemplate":"https:\/\/www.elvalledeloscaidos.es\/portal\/?s={search_term_string}"},"query-input":"required name=search_term_string"}],"inLanguage":"es"},{"@type":"WebPage","@id":"https:\/\/www.elvalledeloscaidos.es\/portal\/?p=523#webpage","url":"https:\/\/www.elvalledeloscaidos.es\/portal\/?p=523","name":"El Gobierno negocia el futuro del Valle de los Ca\u00eddos - ADVC","isPartOf":{"@id":"https:\/\/www.elvalledeloscaidos.es\/portal\/#website"},"datePublished":"2011-04-04T22:46:53+00:00","dateModified":"2011-04-04T22:46:53+00:00","author":{"@id":"https:\/\/www.elvalledeloscaidos.es\/portal\/#\/schema\/person\/36b3894dc4f1eb332b7fc369aed7eb58"},"breadcrumb":{"@id":"https:\/\/www.elvalledeloscaidos.es\/portal\/?p=523#breadcrumb"},"inLanguage":"es","potentialAction":[{"@type":"ReadAction","target":["https:\/\/www.elvalledeloscaidos.es\/portal\/?p=523"]}]},{"@type":"BreadcrumbList","@id":"https:\/\/www.elvalledeloscaidos.es\/portal\/?p=523#breadcrumb","itemListElement":[{"@type":"ListItem","position":1,"name":"Portada","item":"https:\/\/www.elvalledeloscaidos.es\/portal"},{"@type":"ListItem","position":2,"name":"El Gobierno negocia el futuro del Valle de los Ca\u00eddos"}]},{"@type":"Person","@id":"https:\/\/www.elvalledeloscaidos.es\/portal\/#\/schema\/person\/36b3894dc4f1eb332b7fc369aed7eb58","name":"linares","image":{"@type":"ImageObject","@id":"https:\/\/www.elvalledeloscaidos.es\/portal\/#personlogo","inLanguage":"es","url":"https:\/\/secure.gravatar.com\/avatar\/0b6f3a427655ac169c9155e538724b76?s=96&d=mm&r=g","contentUrl":"https:\/\/secure.gravatar.com\/avatar\/0b6f3a427655ac169c9155e538724b76?s=96&d=mm&r=g","caption":"linares"},"url":"https:\/\/www.elvalledeloscaidos.es\/portal\/?author=1"}]}},"_links":{"self":[{"href":"https:\/\/www.elvalledeloscaidos.es\/portal\/index.php?rest_route=\/wp\/v2\/posts\/523"}],"collection":[{"href":"https:\/\/www.elvalledeloscaidos.es\/portal\/index.php?rest_route=\/wp\/v2\/posts"}],"about":[{"href":"https:\/\/www.elvalledeloscaidos.es\/portal\/index.php?rest_route=\/wp\/v2\/types\/post"}],"author":[{"embeddable":true,"href":"https:\/\/www.elvalledeloscaidos.es\/portal\/index.php?rest_route=\/wp\/v2\/users\/1"}],"replies":[{"embeddable":true,"href":"https:\/\/www.elvalledeloscaidos.es\/portal\/index.php?rest_route=%2Fwp%2Fv2%2Fcomments&post=523"}],"version-history":[{"count":1,"href":"https:\/\/www.elvalledeloscaidos.es\/portal\/index.php?rest_route=\/wp\/v2\/posts\/523\/revisions"}],"predecessor-version":[{"id":524,"href":"https:\/\/www.elvalledeloscaidos.es\/portal\/index.php?rest_route=\/wp\/v2\/posts\/523\/revisions\/524"}],"wp:attachment":[{"href":"https:\/\/www.elvalledeloscaidos.es\/portal\/index.php?rest_route=%2Fwp%2Fv2%2Fmedia&parent=523"}],"wp:term":[{"taxonomy":"category","embeddable":true,"href":"https:\/\/www.elvalledeloscaidos.es\/portal\/index.php?rest_route=%2Fwp%2Fv2%2Fcategories&post=523"},{"taxonomy":"post_tag","embeddable":true,"href":"https:\/\/www.elvalledeloscaidos.es\/portal\/index.php?rest_route=%2Fwp%2Fv2%2Ftags&post=523"}],"curies":[{"name":"wp","href":"https:\/\/api.w.org\/{rel}","templated":true}]}}