{"id":526,"date":"2011-04-06T11:22:06","date_gmt":"2011-04-06T10:22:06","guid":{"rendered":"http:\/\/www.elvalledeloscaidos.es\/portal\/?p=526"},"modified":"2011-04-06T11:24:03","modified_gmt":"2011-04-06T10:24:03","slug":"ha-fallecido-d-alberto-orte-lledo","status":"publish","type":"post","link":"https:\/\/www.elvalledeloscaidos.es\/portal\/?p=526","title":{"rendered":"Ha fallecido D.Alberto Ort\u00e9 Lled\u00f3"},"content":{"rendered":"<p><img decoding=\"async\" loading=\"lazy\" class=\"alignleft size-full wp-image-527\" title=\"orte\" src=\"http:\/\/www.elvalledeloscaidos.es\/portal\/wp-content\/uploads\/2011\/04\/orte.jpg\" alt=\"\" width=\"250\" height=\"166\" \/><\/p>\n<p>Con profundo sentimiento debemos anunciar el fallecimiento de D. Alberto Ort\u00e9 Lledo, socio de la ADVC.<\/p>\n<p>Alberto Orte Lled\u00f3, ex director del Real Observatorio de Marina, acad\u00e9mico de la de San Romualdo de San Fernando y acad\u00e9mico de honor de la Hispanoamericana de C\u00e1diz, falleci\u00f3 en la tarde del domingo dia 3 de abril  a los 91 a\u00f1os de edad.<br \/>\nSus restos mortales fueron velados en el Tanatorio de San Fernando y la misa de corpore insepulto tuvo lugar en la parroquia castrense de San Francisco este martes a las 12.30 horas. Posteriormente recibi\u00f3 sepultura en el Cementerio Mancomunado de Chiclana.<\/p>\n<p>D. Alberto tiene a su hermano Mariano enterrado en el Valle de los Ca\u00eddos y era motivo importante de preocupaci\u00f3n y desasosiego las maniobras gubernamentales de exhumaciones en la Basilica, actividades a las que se opuso desde su pertenencia a la ADVC.<\/p>\n<p>La Junta Directiva de la ADVC y su colectivo de socios y simpatizantes\u00a0desean hacer llegar a su familia su sincero sentimiento de pesar.<\/p>\n<p>Descanse en Paz<\/p>\n","protected":false},"excerpt":{"rendered":"<p>Con profundo sentimiento debemos anunciar el fallecimiento de D. Alberto Ort\u00e9 Lledo, socio de la ADVC. Alberto Orte Lled\u00f3, ex director del Real Observatorio de Marina, acad\u00e9mico de la de San Romualdo de San Fernando y acad\u00e9mico de honor de la Hispanoamericana de C\u00e1diz, falleci\u00f3 en la tarde del domingo [&hellip;]<\/p>\n","protected":false},"author":1,"featured_media":0,"comment_status":"open","ping_status":"open","sticky":false,"template":"","format":"standard","meta":[],"categories":[1],"tags":[],"yoast_head":"<!-- This site is optimized with the Yoast SEO plugin v18.6 - https:\/\/yoast.com\/wordpress\/plugins\/seo\/ -->\n<title>Ha fallecido D.Alberto Ort\u00e9 Lled\u00f3 - ADVC<\/title>\n<meta name=\"robots\" content=\"index, follow, max-snippet:-1, max-image-preview:large, max-video-preview:-1\" \/>\n<link rel=\"canonical\" href=\"https:\/\/www.elvalledeloscaidos.es\/portal\/?p=526\" \/>\n<meta property=\"og:locale\" content=\"es_ES\" \/>\n<meta property=\"og:type\" content=\"article\" \/>\n<meta property=\"og:title\" content=\"Ha fallecido D.Alberto Ort\u00e9 Lled\u00f3 - ADVC\" \/>\n<meta property=\"og:description\" content=\"Con profundo sentimiento debemos anunciar el fallecimiento de D. Alberto Ort\u00e9 Lledo, socio de la ADVC. Alberto Orte Lled\u00f3, ex director del Real Observatorio de Marina, acad\u00e9mico de la de San Romualdo de San Fernando y acad\u00e9mico de honor de la Hispanoamericana de C\u00e1diz, falleci\u00f3 en la tarde del domingo [&hellip;]\" \/>\n<meta property=\"og:url\" content=\"https:\/\/www.elvalledeloscaidos.es\/portal\/?p=526\" \/>\n<meta property=\"og:site_name\" content=\"ADVC\" \/>\n<meta property=\"article:published_time\" content=\"2011-04-06T10:22:06+00:00\" \/>\n<meta property=\"article:modified_time\" content=\"2011-04-06T10:24:03+00:00\" \/>\n<meta property=\"og:image\" content=\"http:\/\/www.elvalledeloscaidos.es\/portal\/wp-content\/uploads\/2011\/04\/orte.jpg\" \/>\n<meta name=\"twitter:card\" content=\"summary_large_image\" \/>\n<meta name=\"twitter:label1\" content=\"Escrito por\" \/>\n\t<meta name=\"twitter:data1\" content=\"linares\" \/>\n\t<meta name=\"twitter:label2\" content=\"Tiempo de lectura\" \/>\n\t<meta name=\"twitter:data2\" content=\"1 minuto\" \/>\n<script type=\"application\/ld+json\" class=\"yoast-schema-graph\">{\"@context\":\"https:\/\/schema.org\",\"@graph\":[{\"@type\":\"WebSite\",\"@id\":\"https:\/\/www.elvalledeloscaidos.es\/portal\/#website\",\"url\":\"https:\/\/www.elvalledeloscaidos.es\/portal\/\",\"name\":\"ADVC\",\"description\":\"Asociaci\u00f3n Para la Defensa del Valle de los Ca\u00eddos\",\"potentialAction\":[{\"@type\":\"SearchAction\",\"target\":{\"@type\":\"EntryPoint\",\"urlTemplate\":\"https:\/\/www.elvalledeloscaidos.es\/portal\/?s={search_term_string}\"},\"query-input\":\"required name=search_term_string\"}],\"inLanguage\":\"es\"},{\"@type\":\"ImageObject\",\"@id\":\"https:\/\/www.elvalledeloscaidos.es\/portal\/?p=526#primaryimage\",\"inLanguage\":\"es\",\"url\":\"http:\/\/www.elvalledeloscaidos.es\/portal\/wp-content\/uploads\/2011\/04\/orte.jpg\",\"contentUrl\":\"http:\/\/www.elvalledeloscaidos.es\/portal\/wp-content\/uploads\/2011\/04\/orte.jpg\"},{\"@type\":\"WebPage\",\"@id\":\"https:\/\/www.elvalledeloscaidos.es\/portal\/?p=526#webpage\",\"url\":\"https:\/\/www.elvalledeloscaidos.es\/portal\/?p=526\",\"name\":\"Ha fallecido D.Alberto Ort\u00e9 Lled\u00f3 - ADVC\",\"isPartOf\":{\"@id\":\"https:\/\/www.elvalledeloscaidos.es\/portal\/#website\"},\"primaryImageOfPage\":{\"@id\":\"https:\/\/www.elvalledeloscaidos.es\/portal\/?p=526#primaryimage\"},\"datePublished\":\"2011-04-06T10:22:06+00:00\",\"dateModified\":\"2011-04-06T10:24:03+00:00\",\"author\":{\"@id\":\"https:\/\/www.elvalledeloscaidos.es\/portal\/#\/schema\/person\/36b3894dc4f1eb332b7fc369aed7eb58\"},\"breadcrumb\":{\"@id\":\"https:\/\/www.elvalledeloscaidos.es\/portal\/?p=526#breadcrumb\"},\"inLanguage\":\"es\",\"potentialAction\":[{\"@type\":\"ReadAction\",\"target\":[\"https:\/\/www.elvalledeloscaidos.es\/portal\/?p=526\"]}]},{\"@type\":\"BreadcrumbList\",\"@id\":\"https:\/\/www.elvalledeloscaidos.es\/portal\/?p=526#breadcrumb\",\"itemListElement\":[{\"@type\":\"ListItem\",\"position\":1,\"name\":\"Portada\",\"item\":\"https:\/\/www.elvalledeloscaidos.es\/portal\"},{\"@type\":\"ListItem\",\"position\":2,\"name\":\"Ha fallecido D.Alberto Ort\u00e9 Lled\u00f3\"}]},{\"@type\":\"Person\",\"@id\":\"https:\/\/www.elvalledeloscaidos.es\/portal\/#\/schema\/person\/36b3894dc4f1eb332b7fc369aed7eb58\",\"name\":\"linares\",\"image\":{\"@type\":\"ImageObject\",\"@id\":\"https:\/\/www.elvalledeloscaidos.es\/portal\/#personlogo\",\"inLanguage\":\"es\",\"url\":\"https:\/\/secure.gravatar.com\/avatar\/0b6f3a427655ac169c9155e538724b76?s=96&d=mm&r=g\",\"contentUrl\":\"https:\/\/secure.gravatar.com\/avatar\/0b6f3a427655ac169c9155e538724b76?s=96&d=mm&r=g\",\"caption\":\"linares\"},\"url\":\"https:\/\/www.elvalledeloscaidos.es\/portal\/?author=1\"}]}<\/script>\n<!-- \/ Yoast SEO plugin. -->","yoast_head_json":{"title":"Ha fallecido D.Alberto Ort\u00e9 Lled\u00f3 - ADVC","robots":{"index":"index","follow":"follow","max-snippet":"max-snippet:-1","max-image-preview":"max-image-preview:large","max-video-preview":"max-video-preview:-1"},"canonical":"https:\/\/www.elvalledeloscaidos.es\/portal\/?p=526","og_locale":"es_ES","og_type":"article","og_title":"Ha fallecido D.Alberto Ort\u00e9 Lled\u00f3 - ADVC","og_description":"Con profundo sentimiento debemos anunciar el fallecimiento de D. Alberto Ort\u00e9 Lledo, socio de la ADVC. Alberto Orte Lled\u00f3, ex director del Real Observatorio de Marina, acad\u00e9mico de la de San Romualdo de San Fernando y acad\u00e9mico de honor de la Hispanoamericana de C\u00e1diz, falleci\u00f3 en la tarde del domingo [&hellip;]","og_url":"https:\/\/www.elvalledeloscaidos.es\/portal\/?p=526","og_site_name":"ADVC","article_published_time":"2011-04-06T10:22:06+00:00","article_modified_time":"2011-04-06T10:24:03+00:00","og_image":[{"url":"http:\/\/www.elvalledeloscaidos.es\/portal\/wp-content\/uploads\/2011\/04\/orte.jpg"}],"twitter_card":"summary_large_image","twitter_misc":{"Escrito por":"linares","Tiempo de lectura":"1 minuto"},"schema":{"@context":"https:\/\/schema.org","@graph":[{"@type":"WebSite","@id":"https:\/\/www.elvalledeloscaidos.es\/portal\/#website","url":"https:\/\/www.elvalledeloscaidos.es\/portal\/","name":"ADVC","description":"Asociaci\u00f3n Para la Defensa del Valle de los Ca\u00eddos","potentialAction":[{"@type":"SearchAction","target":{"@type":"EntryPoint","urlTemplate":"https:\/\/www.elvalledeloscaidos.es\/portal\/?s={search_term_string}"},"query-input":"required name=search_term_string"}],"inLanguage":"es"},{"@type":"ImageObject","@id":"https:\/\/www.elvalledeloscaidos.es\/portal\/?p=526#primaryimage","inLanguage":"es","url":"http:\/\/www.elvalledeloscaidos.es\/portal\/wp-content\/uploads\/2011\/04\/orte.jpg","contentUrl":"http:\/\/www.elvalledeloscaidos.es\/portal\/wp-content\/uploads\/2011\/04\/orte.jpg"},{"@type":"WebPage","@id":"https:\/\/www.elvalledeloscaidos.es\/portal\/?p=526#webpage","url":"https:\/\/www.elvalledeloscaidos.es\/portal\/?p=526","name":"Ha fallecido D.Alberto Ort\u00e9 Lled\u00f3 - ADVC","isPartOf":{"@id":"https:\/\/www.elvalledeloscaidos.es\/portal\/#website"},"primaryImageOfPage":{"@id":"https:\/\/www.elvalledeloscaidos.es\/portal\/?p=526#primaryimage"},"datePublished":"2011-04-06T10:22:06+00:00","dateModified":"2011-04-06T10:24:03+00:00","author":{"@id":"https:\/\/www.elvalledeloscaidos.es\/portal\/#\/schema\/person\/36b3894dc4f1eb332b7fc369aed7eb58"},"breadcrumb":{"@id":"https:\/\/www.elvalledeloscaidos.es\/portal\/?p=526#breadcrumb"},"inLanguage":"es","potentialAction":[{"@type":"ReadAction","target":["https:\/\/www.elvalledeloscaidos.es\/portal\/?p=526"]}]},{"@type":"BreadcrumbList","@id":"https:\/\/www.elvalledeloscaidos.es\/portal\/?p=526#breadcrumb","itemListElement":[{"@type":"ListItem","position":1,"name":"Portada","item":"https:\/\/www.elvalledeloscaidos.es\/portal"},{"@type":"ListItem","position":2,"name":"Ha fallecido D.Alberto Ort\u00e9 Lled\u00f3"}]},{"@type":"Person","@id":"https:\/\/www.elvalledeloscaidos.es\/portal\/#\/schema\/person\/36b3894dc4f1eb332b7fc369aed7eb58","name":"linares","image":{"@type":"ImageObject","@id":"https:\/\/www.elvalledeloscaidos.es\/portal\/#personlogo","inLanguage":"es","url":"https:\/\/secure.gravatar.com\/avatar\/0b6f3a427655ac169c9155e538724b76?s=96&d=mm&r=g","contentUrl":"https:\/\/secure.gravatar.com\/avatar\/0b6f3a427655ac169c9155e538724b76?s=96&d=mm&r=g","caption":"linares"},"url":"https:\/\/www.elvalledeloscaidos.es\/portal\/?author=1"}]}},"_links":{"self":[{"href":"https:\/\/www.elvalledeloscaidos.es\/portal\/index.php?rest_route=\/wp\/v2\/posts\/526"}],"collection":[{"href":"https:\/\/www.elvalledeloscaidos.es\/portal\/index.php?rest_route=\/wp\/v2\/posts"}],"about":[{"href":"https:\/\/www.elvalledeloscaidos.es\/portal\/index.php?rest_route=\/wp\/v2\/types\/post"}],"author":[{"embeddable":true,"href":"https:\/\/www.elvalledeloscaidos.es\/portal\/index.php?rest_route=\/wp\/v2\/users\/1"}],"replies":[{"embeddable":true,"href":"https:\/\/www.elvalledeloscaidos.es\/portal\/index.php?rest_route=%2Fwp%2Fv2%2Fcomments&post=526"}],"version-history":[{"count":4,"href":"https:\/\/www.elvalledeloscaidos.es\/portal\/index.php?rest_route=\/wp\/v2\/posts\/526\/revisions"}],"predecessor-version":[{"id":531,"href":"https:\/\/www.elvalledeloscaidos.es\/portal\/index.php?rest_route=\/wp\/v2\/posts\/526\/revisions\/531"}],"wp:attachment":[{"href":"https:\/\/www.elvalledeloscaidos.es\/portal\/index.php?rest_route=%2Fwp%2Fv2%2Fmedia&parent=526"}],"wp:term":[{"taxonomy":"category","embeddable":true,"href":"https:\/\/www.elvalledeloscaidos.es\/portal\/index.php?rest_route=%2Fwp%2Fv2%2Fcategories&post=526"},{"taxonomy":"post_tag","embeddable":true,"href":"https:\/\/www.elvalledeloscaidos.es\/portal\/index.php?rest_route=%2Fwp%2Fv2%2Ftags&post=526"}],"curies":[{"name":"wp","href":"https:\/\/api.w.org\/{rel}","templated":true}]}}