{"id":5292,"date":"2017-02-28T18:50:47","date_gmt":"2017-02-28T17:50:47","guid":{"rendered":"https:\/\/www.elvalledeloscaidos.es\/portal\/?p=5292"},"modified":"2017-02-28T19:49:23","modified_gmt":"2017-02-28T18:49:23","slug":"nota-de-prensa-de-la-asociacion-para-la-defensa-del-valle-de-los-caidos-2","status":"publish","type":"post","link":"https:\/\/www.elvalledeloscaidos.es\/portal\/?p=5292","title":{"rendered":"NOTA DE PRENSA DE LA ASOCIACI\u00d3N PARA LA DEFENSA DEL VALLE DE LOS CA\u00cdDOS"},"content":{"rendered":"<h2>Nota de prensa de la Asociaci\u00f3n para la Defensa del Valle de los Ca\u00eddos<\/h2>\n<div><\/div>\n<div>En relaci\u00f3n a la decisi\u00f3n de la Sala Tercera del Tribunal Supremo, de hoy d\u00eda 28 de febrero de 2017, en la cual desestima el recurso contencioso administrativo interpuesto por el ex-juez Baltasar Garz\u00f3n y los tambi\u00e9n abogados Ranz y Oll\u00e9, la Asociaci\u00f3n Para la Defensa del Valle de los Ca\u00eddos quiere poner de manifiesto lo siguiente:<\/p>\n<\/div>\n<div>1.- El Tribunal Supremo no ha hecho m\u00e1s que plasmar el sentir generalizado de la sociedad a la que sirve, al desestimar unas peticiones absolutamente estramb\u00f3ticas e impropias de una sociedad moderna y reconciliada.<\/div>\n<div><\/div>\n<div>2.-Todos los espa\u00f1oles que vivieron la guerra, coinciden un\u00e1nimemente en su deseo de que jam\u00e1s se vuelva a repetir una situaci\u00f3n ni siquiera parecida.<\/div>\n<div><\/div>\n<div>3.- El Valle de los Ca\u00eddos es un lugar absolutamente mod\u00e9lico en el esp\u00edritu de hermandad y reconciliaci\u00f3n para el que fue concebido. En el Valle se encuentran restos mortales de los dos bandos de la contienda por los que se reza a diario en absoluta situaci\u00f3n de igualdad, dignidad y respeto<\/div>\n<div><\/div>\n<div>4.- Garz\u00f3n, Ranz y Oll\u00e9, tras su eslogan de \u00abVerdad, justicia y reparaci\u00f3n\u00bb, y su atrevida acusaci\u00f3n al Tribunal Supremo de que \u00e9ste \u00abse alinea en contra de las victimas\u00bb, no ocultan su olvido de que en la guerra fratricida victimas fueron todos, es decir, los dos bandos.<\/div>\n<div><\/div>\n<div>5.- El Valle de los Ca\u00eddos es, le pese a quien le pese un lugar de verdadera reconciliaci\u00f3n y concordia, excepto para quien no la pretende y sin embargo si parece ansiar notoriedad p\u00fablica y presencia en los medios de comunicaci\u00f3n.<\/div>\n<div><\/div>\n<div>Hay a quien parece que se le par\u00f3 el reloj hace m\u00e1s de 80 a\u00f1os. Los demandantes, metidos en su peque\u00f1o mundo particular, est\u00e1n ignorando que los espa\u00f1oles del siglo XXI miramos hacia adelante sin olvidar nuestro pasado, pero record\u00e1ndolo sin odio y en esp\u00edritu de tolerancia y convivencia, en el que la memoria de la guerra sea, en todo caso, un est\u00edmulo a la Paz y el entendimiento entre todos los espa\u00f1oles.<\/div>\n<div><\/div>\n<div>Madrid, 28 de febrero de 2017.<br \/>\nADVC<br \/>\nwww.elvalledeloscaidos.es<\/div>\n","protected":false},"excerpt":{"rendered":"<p>Nota de prensa de la Asociaci\u00f3n para la Defensa del Valle de los Ca\u00eddos En relaci\u00f3n a la decisi\u00f3n de la Sala Tercera del Tribunal Supremo, de hoy d\u00eda 28 de febrero de 2017, en la cual desestima el recurso contencioso administrativo interpuesto por el ex-juez Baltasar Garz\u00f3n y los [&hellip;]<\/p>\n","protected":false},"author":1,"featured_media":0,"comment_status":"open","ping_status":"open","sticky":false,"template":"","format":"standard","meta":[],"categories":[4],"tags":[],"yoast_head":"<!-- This site is optimized with the Yoast SEO plugin v18.6 - https:\/\/yoast.com\/wordpress\/plugins\/seo\/ -->\n<title>NOTA DE PRENSA DE LA ASOCIACI\u00d3N PARA LA DEFENSA DEL VALLE DE LOS CA\u00cdDOS - ADVC<\/title>\n<meta name=\"robots\" content=\"index, follow, max-snippet:-1, max-image-preview:large, max-video-preview:-1\" \/>\n<link rel=\"canonical\" href=\"https:\/\/www.elvalledeloscaidos.es\/portal\/?p=5292\" \/>\n<meta property=\"og:locale\" content=\"es_ES\" \/>\n<meta property=\"og:type\" content=\"article\" \/>\n<meta property=\"og:title\" content=\"NOTA DE PRENSA DE LA ASOCIACI\u00d3N PARA LA DEFENSA DEL VALLE DE LOS CA\u00cdDOS - ADVC\" \/>\n<meta property=\"og:description\" content=\"Nota de prensa de la Asociaci\u00f3n para la Defensa del Valle de los Ca\u00eddos En relaci\u00f3n a la decisi\u00f3n de la Sala Tercera del Tribunal Supremo, de hoy d\u00eda 28 de febrero de 2017, en la cual desestima el recurso contencioso administrativo interpuesto por el ex-juez Baltasar Garz\u00f3n y los [&hellip;]\" \/>\n<meta property=\"og:url\" content=\"https:\/\/www.elvalledeloscaidos.es\/portal\/?p=5292\" \/>\n<meta property=\"og:site_name\" content=\"ADVC\" \/>\n<meta property=\"article:published_time\" content=\"2017-02-28T17:50:47+00:00\" \/>\n<meta property=\"article:modified_time\" content=\"2017-02-28T18:49:23+00:00\" \/>\n<meta name=\"twitter:card\" content=\"summary_large_image\" \/>\n<meta name=\"twitter:label1\" content=\"Escrito por\" \/>\n\t<meta name=\"twitter:data1\" content=\"linares\" \/>\n\t<meta name=\"twitter:label2\" content=\"Tiempo de lectura\" \/>\n\t<meta name=\"twitter:data2\" content=\"2 minutos\" \/>\n<script type=\"application\/ld+json\" class=\"yoast-schema-graph\">{\"@context\":\"https:\/\/schema.org\",\"@graph\":[{\"@type\":\"WebSite\",\"@id\":\"https:\/\/www.elvalledeloscaidos.es\/portal\/#website\",\"url\":\"https:\/\/www.elvalledeloscaidos.es\/portal\/\",\"name\":\"ADVC\",\"description\":\"Asociaci\u00f3n Para la Defensa del Valle de los Ca\u00eddos\",\"potentialAction\":[{\"@type\":\"SearchAction\",\"target\":{\"@type\":\"EntryPoint\",\"urlTemplate\":\"https:\/\/www.elvalledeloscaidos.es\/portal\/?s={search_term_string}\"},\"query-input\":\"required name=search_term_string\"}],\"inLanguage\":\"es\"},{\"@type\":\"WebPage\",\"@id\":\"https:\/\/www.elvalledeloscaidos.es\/portal\/?p=5292#webpage\",\"url\":\"https:\/\/www.elvalledeloscaidos.es\/portal\/?p=5292\",\"name\":\"NOTA DE PRENSA DE LA ASOCIACI\u00d3N PARA LA DEFENSA DEL VALLE DE LOS CA\u00cdDOS - ADVC\",\"isPartOf\":{\"@id\":\"https:\/\/www.elvalledeloscaidos.es\/portal\/#website\"},\"datePublished\":\"2017-02-28T17:50:47+00:00\",\"dateModified\":\"2017-02-28T18:49:23+00:00\",\"author\":{\"@id\":\"https:\/\/www.elvalledeloscaidos.es\/portal\/#\/schema\/person\/36b3894dc4f1eb332b7fc369aed7eb58\"},\"breadcrumb\":{\"@id\":\"https:\/\/www.elvalledeloscaidos.es\/portal\/?p=5292#breadcrumb\"},\"inLanguage\":\"es\",\"potentialAction\":[{\"@type\":\"ReadAction\",\"target\":[\"https:\/\/www.elvalledeloscaidos.es\/portal\/?p=5292\"]}]},{\"@type\":\"BreadcrumbList\",\"@id\":\"https:\/\/www.elvalledeloscaidos.es\/portal\/?p=5292#breadcrumb\",\"itemListElement\":[{\"@type\":\"ListItem\",\"position\":1,\"name\":\"Portada\",\"item\":\"https:\/\/www.elvalledeloscaidos.es\/portal\"},{\"@type\":\"ListItem\",\"position\":2,\"name\":\"NOTA DE PRENSA DE LA ASOCIACI\u00d3N PARA LA DEFENSA DEL VALLE DE LOS CA\u00cdDOS\"}]},{\"@type\":\"Person\",\"@id\":\"https:\/\/www.elvalledeloscaidos.es\/portal\/#\/schema\/person\/36b3894dc4f1eb332b7fc369aed7eb58\",\"name\":\"linares\",\"image\":{\"@type\":\"ImageObject\",\"@id\":\"https:\/\/www.elvalledeloscaidos.es\/portal\/#personlogo\",\"inLanguage\":\"es\",\"url\":\"https:\/\/secure.gravatar.com\/avatar\/0b6f3a427655ac169c9155e538724b76?s=96&d=mm&r=g\",\"contentUrl\":\"https:\/\/secure.gravatar.com\/avatar\/0b6f3a427655ac169c9155e538724b76?s=96&d=mm&r=g\",\"caption\":\"linares\"},\"url\":\"https:\/\/www.elvalledeloscaidos.es\/portal\/?author=1\"}]}<\/script>\n<!-- \/ Yoast SEO plugin. -->","yoast_head_json":{"title":"NOTA DE PRENSA DE LA ASOCIACI\u00d3N PARA LA DEFENSA DEL VALLE DE LOS CA\u00cdDOS - ADVC","robots":{"index":"index","follow":"follow","max-snippet":"max-snippet:-1","max-image-preview":"max-image-preview:large","max-video-preview":"max-video-preview:-1"},"canonical":"https:\/\/www.elvalledeloscaidos.es\/portal\/?p=5292","og_locale":"es_ES","og_type":"article","og_title":"NOTA DE PRENSA DE LA ASOCIACI\u00d3N PARA LA DEFENSA DEL VALLE DE LOS CA\u00cdDOS - ADVC","og_description":"Nota de prensa de la Asociaci\u00f3n para la Defensa del Valle de los Ca\u00eddos En relaci\u00f3n a la decisi\u00f3n de la Sala Tercera del Tribunal Supremo, de hoy d\u00eda 28 de febrero de 2017, en la cual desestima el recurso contencioso administrativo interpuesto por el ex-juez Baltasar Garz\u00f3n y los [&hellip;]","og_url":"https:\/\/www.elvalledeloscaidos.es\/portal\/?p=5292","og_site_name":"ADVC","article_published_time":"2017-02-28T17:50:47+00:00","article_modified_time":"2017-02-28T18:49:23+00:00","twitter_card":"summary_large_image","twitter_misc":{"Escrito por":"linares","Tiempo de lectura":"2 minutos"},"schema":{"@context":"https:\/\/schema.org","@graph":[{"@type":"WebSite","@id":"https:\/\/www.elvalledeloscaidos.es\/portal\/#website","url":"https:\/\/www.elvalledeloscaidos.es\/portal\/","name":"ADVC","description":"Asociaci\u00f3n Para la Defensa del Valle de los Ca\u00eddos","potentialAction":[{"@type":"SearchAction","target":{"@type":"EntryPoint","urlTemplate":"https:\/\/www.elvalledeloscaidos.es\/portal\/?s={search_term_string}"},"query-input":"required name=search_term_string"}],"inLanguage":"es"},{"@type":"WebPage","@id":"https:\/\/www.elvalledeloscaidos.es\/portal\/?p=5292#webpage","url":"https:\/\/www.elvalledeloscaidos.es\/portal\/?p=5292","name":"NOTA DE PRENSA DE LA ASOCIACI\u00d3N PARA LA DEFENSA DEL VALLE DE LOS CA\u00cdDOS - ADVC","isPartOf":{"@id":"https:\/\/www.elvalledeloscaidos.es\/portal\/#website"},"datePublished":"2017-02-28T17:50:47+00:00","dateModified":"2017-02-28T18:49:23+00:00","author":{"@id":"https:\/\/www.elvalledeloscaidos.es\/portal\/#\/schema\/person\/36b3894dc4f1eb332b7fc369aed7eb58"},"breadcrumb":{"@id":"https:\/\/www.elvalledeloscaidos.es\/portal\/?p=5292#breadcrumb"},"inLanguage":"es","potentialAction":[{"@type":"ReadAction","target":["https:\/\/www.elvalledeloscaidos.es\/portal\/?p=5292"]}]},{"@type":"BreadcrumbList","@id":"https:\/\/www.elvalledeloscaidos.es\/portal\/?p=5292#breadcrumb","itemListElement":[{"@type":"ListItem","position":1,"name":"Portada","item":"https:\/\/www.elvalledeloscaidos.es\/portal"},{"@type":"ListItem","position":2,"name":"NOTA DE PRENSA DE LA ASOCIACI\u00d3N PARA LA DEFENSA DEL VALLE DE LOS CA\u00cdDOS"}]},{"@type":"Person","@id":"https:\/\/www.elvalledeloscaidos.es\/portal\/#\/schema\/person\/36b3894dc4f1eb332b7fc369aed7eb58","name":"linares","image":{"@type":"ImageObject","@id":"https:\/\/www.elvalledeloscaidos.es\/portal\/#personlogo","inLanguage":"es","url":"https:\/\/secure.gravatar.com\/avatar\/0b6f3a427655ac169c9155e538724b76?s=96&d=mm&r=g","contentUrl":"https:\/\/secure.gravatar.com\/avatar\/0b6f3a427655ac169c9155e538724b76?s=96&d=mm&r=g","caption":"linares"},"url":"https:\/\/www.elvalledeloscaidos.es\/portal\/?author=1"}]}},"_links":{"self":[{"href":"https:\/\/www.elvalledeloscaidos.es\/portal\/index.php?rest_route=\/wp\/v2\/posts\/5292"}],"collection":[{"href":"https:\/\/www.elvalledeloscaidos.es\/portal\/index.php?rest_route=\/wp\/v2\/posts"}],"about":[{"href":"https:\/\/www.elvalledeloscaidos.es\/portal\/index.php?rest_route=\/wp\/v2\/types\/post"}],"author":[{"embeddable":true,"href":"https:\/\/www.elvalledeloscaidos.es\/portal\/index.php?rest_route=\/wp\/v2\/users\/1"}],"replies":[{"embeddable":true,"href":"https:\/\/www.elvalledeloscaidos.es\/portal\/index.php?rest_route=%2Fwp%2Fv2%2Fcomments&post=5292"}],"version-history":[{"count":6,"href":"https:\/\/www.elvalledeloscaidos.es\/portal\/index.php?rest_route=\/wp\/v2\/posts\/5292\/revisions"}],"predecessor-version":[{"id":5298,"href":"https:\/\/www.elvalledeloscaidos.es\/portal\/index.php?rest_route=\/wp\/v2\/posts\/5292\/revisions\/5298"}],"wp:attachment":[{"href":"https:\/\/www.elvalledeloscaidos.es\/portal\/index.php?rest_route=%2Fwp%2Fv2%2Fmedia&parent=5292"}],"wp:term":[{"taxonomy":"category","embeddable":true,"href":"https:\/\/www.elvalledeloscaidos.es\/portal\/index.php?rest_route=%2Fwp%2Fv2%2Fcategories&post=5292"},{"taxonomy":"post_tag","embeddable":true,"href":"https:\/\/www.elvalledeloscaidos.es\/portal\/index.php?rest_route=%2Fwp%2Fv2%2Ftags&post=5292"}],"curies":[{"name":"wp","href":"https:\/\/api.w.org\/{rel}","templated":true}]}}