{"id":5302,"date":"2017-04-27T17:17:28","date_gmt":"2017-04-27T16:17:28","guid":{"rendered":"https:\/\/www.elvalledeloscaidos.es\/portal\/?p=5302"},"modified":"2017-04-27T17:30:55","modified_gmt":"2017-04-27T16:30:55","slug":"san-lorenzo-de-el-escorial-una-alcaldia-de-verguenza","status":"publish","type":"post","link":"https:\/\/www.elvalledeloscaidos.es\/portal\/?p=5302","title":{"rendered":"SAN LORENZO DE EL ESCORIAL. UNA ALCALD\u00cdA DE VERG\u00dcENZA"},"content":{"rendered":"<p>El Ayuntamiento de San Lorenzo de El Escorial, se desentiende vergonzosamente del Valle de los Ca\u00eddos.<\/p>\n<p>A continuaci\u00f3n, extractamos un fragmento del pleno del Ayuntamiento de San Lorenzo de El Escorial de fecha 26 de abril de este a\u00f1o 2017.<\/p>\n<p>Es muy raro, y no deber\u00eda serlo, que traigamos hasta aqu\u00ed noticias referentes al Valle de los Ca\u00eddos, surgidas del pleno del ayuntamiento de San Lorenzo de El Escorial, d\u00f3nde tan s\u00f3lo D: Carlos Zarco, como concejal de Alternativa Municipal Espa\u00f1ola, se alza como garant\u00eda y presencia activa del Valle de los Ca\u00eddos en la vida municipal del municipio donde est\u00e1 enclavado geogr\u00e1fica y administrativamente hablando.<\/p>\n<p>En este fragmento del pleno, se debat\u00eda una proposici\u00f3n de D. V\u00edctor Rufo Benito, concejal que fue por Ciudadanos, y que a fecha de hoy no se encuentra adscrito a partido pol\u00edtico alguno, habiendo convertido el Sr. Rufo en uno de los 270 concejales que, en toda Espa\u00f1a, renegaron del partido naranja, una vez obtenida a trav\u00e9s de \u00e9sta, la ansiada acta de concejal.<\/p>\n<p>La iniciativa del Sr. Rufo, propon\u00eda la creaci\u00f3n de un \u201cgrupo de trabajo que aporte ideas y alternativas para la dinamizaci\u00f3n y explotaci\u00f3n en todos los sentidos del Valle de los Ca\u00eddos\u201d.<br \/>\nYa es hora que alg\u00fan grupo municipal, exceptuando al citado A.M.E, se preocupe por el Valle de los Ca\u00eddos, que recordemos forma parte del t\u00e9rmino municipal de San Lorenzo de El Escorial, y por tanto sus vecinos, vecinos de San Lorenzo tanto como otros cualquiera.<\/p>\n<p>Clama al cielo, y esto ya se ha convertido en una sonrojante costumbre, el papel jugado por la alcaldesa de San Lorenzo, D\u00aa Blanca Ju\u00e1rez, as\u00ed como de su grupo municipal, \u201cVecinos por San Lorenzo\u201d, en contra de una iniciativa, muy bien intencionada sobre el Valle de los Ca\u00eddos.<br \/>\nCausa asimismo verg\u00fcenza ajena la intervenci\u00f3n de D\u00aa Carlota L\u00f3pez Esteban del Grupo Popular, en la que demuestra una vez m\u00e1s su ignorancia respecto al tema debatido al asegurar que \u201chabr\u00eda que lograr la reapertura de la cafeter\u00eda del funicular del Valle\u201d, cafeter\u00eda que lleva reabierta desde agosto del a\u00f1o 2012. El PP se abstuvo en la votaci\u00f3n.<\/p>\n<p><iframe loading=\"lazy\" width=\"750\" height=\"422\" src=\"https:\/\/www.youtube.com\/embed\/QBKNk8QJ9Uc?feature=oembed\" frameborder=\"0\" allow=\"autoplay; encrypted-media\" allowfullscreen><\/iframe><\/p>\n","protected":false},"excerpt":{"rendered":"<p>El Ayuntamiento de San Lorenzo de El Escorial, se desentiende vergonzosamente del Valle de los Ca\u00eddos. A continuaci\u00f3n, extractamos un fragmento del pleno del Ayuntamiento de San Lorenzo de El Escorial de fecha 26 de abril de este a\u00f1o 2017. Es muy raro, y no deber\u00eda serlo, que traigamos hasta [&hellip;]<\/p>\n","protected":false},"author":3,"featured_media":0,"comment_status":"open","ping_status":"open","sticky":false,"template":"","format":"standard","meta":[],"categories":[4],"tags":[],"yoast_head":"<!-- This site is optimized with the Yoast SEO plugin v18.6 - https:\/\/yoast.com\/wordpress\/plugins\/seo\/ -->\n<title>SAN LORENZO DE EL ESCORIAL. UNA ALCALD\u00cdA DE VERG\u00dcENZA - ADVC<\/title>\n<meta name=\"robots\" content=\"index, follow, max-snippet:-1, max-image-preview:large, max-video-preview:-1\" \/>\n<link rel=\"canonical\" href=\"https:\/\/www.elvalledeloscaidos.es\/portal\/?p=5302\" \/>\n<meta property=\"og:locale\" content=\"es_ES\" \/>\n<meta property=\"og:type\" content=\"article\" \/>\n<meta property=\"og:title\" content=\"SAN LORENZO DE EL ESCORIAL. UNA ALCALD\u00cdA DE VERG\u00dcENZA - ADVC\" \/>\n<meta property=\"og:description\" content=\"El Ayuntamiento de San Lorenzo de El Escorial, se desentiende vergonzosamente del Valle de los Ca\u00eddos. A continuaci\u00f3n, extractamos un fragmento del pleno del Ayuntamiento de San Lorenzo de El Escorial de fecha 26 de abril de este a\u00f1o 2017. Es muy raro, y no deber\u00eda serlo, que traigamos hasta [&hellip;]\" \/>\n<meta property=\"og:url\" content=\"https:\/\/www.elvalledeloscaidos.es\/portal\/?p=5302\" \/>\n<meta property=\"og:site_name\" content=\"ADVC\" \/>\n<meta property=\"article:published_time\" content=\"2017-04-27T16:17:28+00:00\" \/>\n<meta property=\"article:modified_time\" content=\"2017-04-27T16:30:55+00:00\" \/>\n<meta name=\"twitter:card\" content=\"summary_large_image\" \/>\n<meta name=\"twitter:label1\" content=\"Escrito por\" \/>\n\t<meta name=\"twitter:data1\" content=\"Redaccion\" \/>\n\t<meta name=\"twitter:label2\" content=\"Tiempo de lectura\" \/>\n\t<meta name=\"twitter:data2\" content=\"2 minutos\" \/>\n<script type=\"application\/ld+json\" class=\"yoast-schema-graph\">{\"@context\":\"https:\/\/schema.org\",\"@graph\":[{\"@type\":\"WebSite\",\"@id\":\"https:\/\/www.elvalledeloscaidos.es\/portal\/#website\",\"url\":\"https:\/\/www.elvalledeloscaidos.es\/portal\/\",\"name\":\"ADVC\",\"description\":\"Asociaci\u00f3n Para la Defensa del Valle de los Ca\u00eddos\",\"potentialAction\":[{\"@type\":\"SearchAction\",\"target\":{\"@type\":\"EntryPoint\",\"urlTemplate\":\"https:\/\/www.elvalledeloscaidos.es\/portal\/?s={search_term_string}\"},\"query-input\":\"required name=search_term_string\"}],\"inLanguage\":\"es\"},{\"@type\":\"WebPage\",\"@id\":\"https:\/\/www.elvalledeloscaidos.es\/portal\/?p=5302#webpage\",\"url\":\"https:\/\/www.elvalledeloscaidos.es\/portal\/?p=5302\",\"name\":\"SAN LORENZO DE EL ESCORIAL. UNA ALCALD\u00cdA DE VERG\u00dcENZA - ADVC\",\"isPartOf\":{\"@id\":\"https:\/\/www.elvalledeloscaidos.es\/portal\/#website\"},\"datePublished\":\"2017-04-27T16:17:28+00:00\",\"dateModified\":\"2017-04-27T16:30:55+00:00\",\"author\":{\"@id\":\"https:\/\/www.elvalledeloscaidos.es\/portal\/#\/schema\/person\/b4711176f6b283a7b25ff137a7e34a40\"},\"breadcrumb\":{\"@id\":\"https:\/\/www.elvalledeloscaidos.es\/portal\/?p=5302#breadcrumb\"},\"inLanguage\":\"es\",\"potentialAction\":[{\"@type\":\"ReadAction\",\"target\":[\"https:\/\/www.elvalledeloscaidos.es\/portal\/?p=5302\"]}]},{\"@type\":\"BreadcrumbList\",\"@id\":\"https:\/\/www.elvalledeloscaidos.es\/portal\/?p=5302#breadcrumb\",\"itemListElement\":[{\"@type\":\"ListItem\",\"position\":1,\"name\":\"Portada\",\"item\":\"https:\/\/www.elvalledeloscaidos.es\/portal\"},{\"@type\":\"ListItem\",\"position\":2,\"name\":\"SAN LORENZO DE EL ESCORIAL. UNA ALCALD\u00cdA DE VERG\u00dcENZA\"}]},{\"@type\":\"Person\",\"@id\":\"https:\/\/www.elvalledeloscaidos.es\/portal\/#\/schema\/person\/b4711176f6b283a7b25ff137a7e34a40\",\"name\":\"Redaccion\",\"image\":{\"@type\":\"ImageObject\",\"@id\":\"https:\/\/www.elvalledeloscaidos.es\/portal\/#personlogo\",\"inLanguage\":\"es\",\"url\":\"https:\/\/secure.gravatar.com\/avatar\/43c3c16f338b78edeffdbd22a8090c53?s=96&d=mm&r=g\",\"contentUrl\":\"https:\/\/secure.gravatar.com\/avatar\/43c3c16f338b78edeffdbd22a8090c53?s=96&d=mm&r=g\",\"caption\":\"Redaccion\"},\"url\":\"https:\/\/www.elvalledeloscaidos.es\/portal\/?author=3\"}]}<\/script>\n<!-- \/ Yoast SEO plugin. -->","yoast_head_json":{"title":"SAN LORENZO DE EL ESCORIAL. UNA ALCALD\u00cdA DE VERG\u00dcENZA - ADVC","robots":{"index":"index","follow":"follow","max-snippet":"max-snippet:-1","max-image-preview":"max-image-preview:large","max-video-preview":"max-video-preview:-1"},"canonical":"https:\/\/www.elvalledeloscaidos.es\/portal\/?p=5302","og_locale":"es_ES","og_type":"article","og_title":"SAN LORENZO DE EL ESCORIAL. UNA ALCALD\u00cdA DE VERG\u00dcENZA - ADVC","og_description":"El Ayuntamiento de San Lorenzo de El Escorial, se desentiende vergonzosamente del Valle de los Ca\u00eddos. A continuaci\u00f3n, extractamos un fragmento del pleno del Ayuntamiento de San Lorenzo de El Escorial de fecha 26 de abril de este a\u00f1o 2017. Es muy raro, y no deber\u00eda serlo, que traigamos hasta [&hellip;]","og_url":"https:\/\/www.elvalledeloscaidos.es\/portal\/?p=5302","og_site_name":"ADVC","article_published_time":"2017-04-27T16:17:28+00:00","article_modified_time":"2017-04-27T16:30:55+00:00","twitter_card":"summary_large_image","twitter_misc":{"Escrito por":"Redaccion","Tiempo de lectura":"2 minutos"},"schema":{"@context":"https:\/\/schema.org","@graph":[{"@type":"WebSite","@id":"https:\/\/www.elvalledeloscaidos.es\/portal\/#website","url":"https:\/\/www.elvalledeloscaidos.es\/portal\/","name":"ADVC","description":"Asociaci\u00f3n Para la Defensa del Valle de los Ca\u00eddos","potentialAction":[{"@type":"SearchAction","target":{"@type":"EntryPoint","urlTemplate":"https:\/\/www.elvalledeloscaidos.es\/portal\/?s={search_term_string}"},"query-input":"required name=search_term_string"}],"inLanguage":"es"},{"@type":"WebPage","@id":"https:\/\/www.elvalledeloscaidos.es\/portal\/?p=5302#webpage","url":"https:\/\/www.elvalledeloscaidos.es\/portal\/?p=5302","name":"SAN LORENZO DE EL ESCORIAL. UNA ALCALD\u00cdA DE VERG\u00dcENZA - ADVC","isPartOf":{"@id":"https:\/\/www.elvalledeloscaidos.es\/portal\/#website"},"datePublished":"2017-04-27T16:17:28+00:00","dateModified":"2017-04-27T16:30:55+00:00","author":{"@id":"https:\/\/www.elvalledeloscaidos.es\/portal\/#\/schema\/person\/b4711176f6b283a7b25ff137a7e34a40"},"breadcrumb":{"@id":"https:\/\/www.elvalledeloscaidos.es\/portal\/?p=5302#breadcrumb"},"inLanguage":"es","potentialAction":[{"@type":"ReadAction","target":["https:\/\/www.elvalledeloscaidos.es\/portal\/?p=5302"]}]},{"@type":"BreadcrumbList","@id":"https:\/\/www.elvalledeloscaidos.es\/portal\/?p=5302#breadcrumb","itemListElement":[{"@type":"ListItem","position":1,"name":"Portada","item":"https:\/\/www.elvalledeloscaidos.es\/portal"},{"@type":"ListItem","position":2,"name":"SAN LORENZO DE EL ESCORIAL. UNA ALCALD\u00cdA DE VERG\u00dcENZA"}]},{"@type":"Person","@id":"https:\/\/www.elvalledeloscaidos.es\/portal\/#\/schema\/person\/b4711176f6b283a7b25ff137a7e34a40","name":"Redaccion","image":{"@type":"ImageObject","@id":"https:\/\/www.elvalledeloscaidos.es\/portal\/#personlogo","inLanguage":"es","url":"https:\/\/secure.gravatar.com\/avatar\/43c3c16f338b78edeffdbd22a8090c53?s=96&d=mm&r=g","contentUrl":"https:\/\/secure.gravatar.com\/avatar\/43c3c16f338b78edeffdbd22a8090c53?s=96&d=mm&r=g","caption":"Redaccion"},"url":"https:\/\/www.elvalledeloscaidos.es\/portal\/?author=3"}]}},"_links":{"self":[{"href":"https:\/\/www.elvalledeloscaidos.es\/portal\/index.php?rest_route=\/wp\/v2\/posts\/5302"}],"collection":[{"href":"https:\/\/www.elvalledeloscaidos.es\/portal\/index.php?rest_route=\/wp\/v2\/posts"}],"about":[{"href":"https:\/\/www.elvalledeloscaidos.es\/portal\/index.php?rest_route=\/wp\/v2\/types\/post"}],"author":[{"embeddable":true,"href":"https:\/\/www.elvalledeloscaidos.es\/portal\/index.php?rest_route=\/wp\/v2\/users\/3"}],"replies":[{"embeddable":true,"href":"https:\/\/www.elvalledeloscaidos.es\/portal\/index.php?rest_route=%2Fwp%2Fv2%2Fcomments&post=5302"}],"version-history":[{"count":3,"href":"https:\/\/www.elvalledeloscaidos.es\/portal\/index.php?rest_route=\/wp\/v2\/posts\/5302\/revisions"}],"predecessor-version":[{"id":5307,"href":"https:\/\/www.elvalledeloscaidos.es\/portal\/index.php?rest_route=\/wp\/v2\/posts\/5302\/revisions\/5307"}],"wp:attachment":[{"href":"https:\/\/www.elvalledeloscaidos.es\/portal\/index.php?rest_route=%2Fwp%2Fv2%2Fmedia&parent=5302"}],"wp:term":[{"taxonomy":"category","embeddable":true,"href":"https:\/\/www.elvalledeloscaidos.es\/portal\/index.php?rest_route=%2Fwp%2Fv2%2Fcategories&post=5302"},{"taxonomy":"post_tag","embeddable":true,"href":"https:\/\/www.elvalledeloscaidos.es\/portal\/index.php?rest_route=%2Fwp%2Fv2%2Ftags&post=5302"}],"curies":[{"name":"wp","href":"https:\/\/api.w.org\/{rel}","templated":true}]}}