{"id":5310,"date":"2017-05-24T17:54:46","date_gmt":"2017-05-24T16:54:46","guid":{"rendered":"https:\/\/www.elvalledeloscaidos.es\/portal\/?p=5310"},"modified":"2017-05-24T17:59:05","modified_gmt":"2017-05-24T16:59:05","slug":"desmontando-impostores","status":"publish","type":"post","link":"https:\/\/www.elvalledeloscaidos.es\/portal\/?p=5310","title":{"rendered":"Desmontando impostores."},"content":{"rendered":"<p>Desmontando a Nicol\u00e1s S\u00e1nchez Albornoz.<\/p>\n<p>Nicol\u00e1s S\u00e1nchez Albornoz se ha erigido casi en portavoz de los pocos \u00abobreros esclavos\u00bb de los que a\u00fan viven de la construcci\u00f3n del Valle de los Ca\u00eddos.<br \/>\nDel archivo de la ADVC, os hago llegar lo que en \u00e9ste se haya recogido referente a este sujeto, que era hijo del presidente de la Rep\u00fablica en el exilio..<br \/>\nSe demuestra que fueron condenados (el y dos compa\u00f1eros m\u00e1s), a 6 a\u00f1os de reclusi\u00f3n mayor por el hecho de intentar \u201cresucitar\u201d a la Federaci\u00f3n Universitaria Espa\u00f1ola, la famosa F.U.E.<\/p>\n<p>De Nicol\u00e1s S\u00e1nchez Albornoz, se deben hacer obligatoriamente una serie de precisiones:<\/p>\n<p>1. Tan s\u00f3lo estuvo preso en el Valle desde finales de marzo de 1948 hasta el 8 de agosto, fecha de la famosa fuga. Recordemos que ten\u00eda 6 a\u00f1os de condena. Existe la creencia, que estamos a punto de poder demostrar documentalmente, que su padre y amigos de su padre, movieron hilos y amistades para que el sujeto y sus compa\u00f1eros de fechor\u00edas, a saber, Manuel Lamana e Ignacio Faure, fueran llevados hasta Cuelgamuros, esto no se suele citar, pero el propio S\u00e1nchez Albornoz parece haber dado la historia como veraz.<\/p>\n<p>2. S\u00e1nchez Albornoz fue destinado nada m\u00e1s llegar al destacamento a la oficina como escribiente. D. Am\u00f3s Quijada, el jefe del destacamento penal donde estuvo S\u00e1nchez Albornoz, cont\u00f3 en su d\u00eda que \u201cle hab\u00edan anunciado el inmediato ingreso en el destacamento de 3 presos muy importantes\u201d. S\u00e1nchez Albornoz fue destinado a la oficina, Manuel Lamana primero trabaj\u00f3 como alba\u00f1il y posteriormente fue empleado como \u00a1\u00a1\u00a1Maestro!!! De los hijos de los presos y de los libres, entre ellos, los hijos de los funcionarios de prisiones.<\/p>\n<p>3. El propio S\u00e1nchez Albornoz declar\u00f3 en su d\u00eda, y est\u00e1 recogido en el libro de Carmen Molinero, \u201cUna inmensa prisi\u00f3n\u201d, Editorial cr\u00edtica, a\u00f1o 2003, la bondad del r\u00e9gimen penal de Cuelgamuros:<\/p>\n<p><span style=\"color: #993300;\"><em>\u00abMi experiencia, adem\u00e1s de corta y limitada, fue relativamente benigna.El trabajo que me toc\u00f3 hacer result\u00f3, adem\u00e1s, privilegiado. Al llegar al destacamento, Manuel Lamana y yo nos encontramos con que hab\u00eda dos vacantes en la oficina. Como \u00e9ramos estudiantes y sin filiaci\u00f3n pol\u00edtica, el jefe nos puso a manejar la pluma y los n\u00fameros, en vez de cargar ladrillos o andar por los andamios \u2013para lo que hab\u00edamos sido enviados desde la prisi\u00f3n de Carabanchel-.\u00bb<br \/>\n<\/em><\/span><br \/>\n4. De los tres protagonistas de la historia, Ignacio Faure, al que le hab\u00edan ca\u00eddos tres a\u00f1os de reclusi\u00f3n, no quiso fugarse, ya que, con el sistema de redenci\u00f3n de penas por el trabajo vigente en el Valle, tan s\u00f3lo deber\u00eda permanecer all\u00ed 6 meses para alcanzar la libertad, y entend\u00eda, y as\u00ed se lo hizo saber a sus compa\u00f1eros, que era de idiotas f?ugarse cuando estaba a punto de conseguir la libertad.<\/p>\n<p>5. El ministro de justicia de la \u00e9poca, Raimundo Fern\u00e1ndez Cuesta, acudi\u00f3 el 14 de agosto a Cuelgamuros y estuvo hablando con D. Am\u00f3s Quijada, jefe del destacamento penal del que se fugaron, y le dio a entender que la fuga \u201csi no autorizada por el r\u00e9gimen, s\u00ed que fue conocida desde sus comienzos y tolerada\u201d, es decir, se hizo la vista gorda ante la fuga. De hecho, el mismo d\u00eda de la fuga, D. Felipe Cereceda, funcionario de prisiones del mismo destacamento, entr\u00f3 en la cantina que hab\u00eda para presos y para libres, espetando, \u201c\u00bfQu\u00e9\u2026?, \u00bfya se han marchado\u2026?\u201d. Quedaban 3 horas para la fuga.<\/p>\n<p>6. El propio S\u00e1nchez Albornoz ha contado hasta 4 versiones diferentes de la fuga\u2026. Ninguna de ellas coincide con la que narra su compa\u00f1ero de fuga, Manuel Lamana Lamana en su libro, \u201cOtros hombres\u201d. Editorial Losada. Buenos Aires, a\u00f1o 1956.<\/p>\n<p><img decoding=\"async\" loading=\"lazy\" class=\"aligncenter wp-image-5312\" src=\"https:\/\/www.elvalledeloscaidos.es\/portal\/wp-content\/uploads\/2017\/05\/nsa.jpg\" alt=\"\" width=\"500\" height=\"250\" srcset=\"https:\/\/www.elvalledeloscaidos.es\/portal\/wp-content\/uploads\/2017\/05\/nsa.jpg 1008w, https:\/\/www.elvalledeloscaidos.es\/portal\/wp-content\/uploads\/2017\/05\/nsa-300x150.jpg 300w, https:\/\/www.elvalledeloscaidos.es\/portal\/wp-content\/uploads\/2017\/05\/nsa-768x384.jpg 768w\" sizes=\"(max-width: 500px) 100vw, 500px\" \/><\/p>\n<p><img decoding=\"async\" loading=\"lazy\" class=\"aligncenter wp-image-5313\" src=\"https:\/\/www.elvalledeloscaidos.es\/portal\/wp-content\/uploads\/2017\/05\/NSA2-915x1024.jpg\" alt=\"\" width=\"500\" height=\"559\" srcset=\"https:\/\/www.elvalledeloscaidos.es\/portal\/wp-content\/uploads\/2017\/05\/NSA2-915x1024.jpg 915w, https:\/\/www.elvalledeloscaidos.es\/portal\/wp-content\/uploads\/2017\/05\/NSA2-268x300.jpg 268w, https:\/\/www.elvalledeloscaidos.es\/portal\/wp-content\/uploads\/2017\/05\/NSA2-768x859.jpg 768w, https:\/\/www.elvalledeloscaidos.es\/portal\/wp-content\/uploads\/2017\/05\/NSA2.jpg 1484w\" sizes=\"(max-width: 500px) 100vw, 500px\" \/><\/p>\n<p>&nbsp;<\/p>\n","protected":false},"excerpt":{"rendered":"<p>Desmontando a Nicol\u00e1s S\u00e1nchez Albornoz. Nicol\u00e1s S\u00e1nchez Albornoz se ha erigido casi en portavoz de los pocos \u00abobreros esclavos\u00bb de los que a\u00fan viven de la construcci\u00f3n del Valle de los Ca\u00eddos. Del archivo de la ADVC, os hago llegar lo que en \u00e9ste se haya recogido referente a este [&hellip;]<\/p>\n","protected":false},"author":3,"featured_media":0,"comment_status":"open","ping_status":"open","sticky":false,"template":"","format":"standard","meta":[],"categories":[4],"tags":[],"yoast_head":"<!-- This site is optimized with the Yoast SEO plugin v18.6 - https:\/\/yoast.com\/wordpress\/plugins\/seo\/ -->\n<title>Desmontando impostores. - ADVC<\/title>\n<meta name=\"robots\" content=\"index, follow, max-snippet:-1, max-image-preview:large, max-video-preview:-1\" \/>\n<link rel=\"canonical\" href=\"https:\/\/www.elvalledeloscaidos.es\/portal\/?p=5310\" \/>\n<meta property=\"og:locale\" content=\"es_ES\" \/>\n<meta property=\"og:type\" content=\"article\" \/>\n<meta property=\"og:title\" content=\"Desmontando impostores. - ADVC\" \/>\n<meta property=\"og:description\" content=\"Desmontando a Nicol\u00e1s S\u00e1nchez Albornoz. Nicol\u00e1s S\u00e1nchez Albornoz se ha erigido casi en portavoz de los pocos \u00abobreros esclavos\u00bb de los que a\u00fan viven de la construcci\u00f3n del Valle de los Ca\u00eddos. Del archivo de la ADVC, os hago llegar lo que en \u00e9ste se haya recogido referente a este [&hellip;]\" \/>\n<meta property=\"og:url\" content=\"https:\/\/www.elvalledeloscaidos.es\/portal\/?p=5310\" \/>\n<meta property=\"og:site_name\" content=\"ADVC\" \/>\n<meta property=\"article:published_time\" content=\"2017-05-24T16:54:46+00:00\" \/>\n<meta property=\"article:modified_time\" content=\"2017-05-24T16:59:05+00:00\" \/>\n<meta property=\"og:image\" content=\"https:\/\/www.elvalledeloscaidos.es\/portal\/wp-content\/uploads\/2017\/05\/nsa.jpg\" \/>\n<meta name=\"twitter:card\" content=\"summary_large_image\" \/>\n<meta name=\"twitter:label1\" content=\"Escrito por\" \/>\n\t<meta name=\"twitter:data1\" content=\"Redaccion\" \/>\n\t<meta name=\"twitter:label2\" content=\"Tiempo de lectura\" \/>\n\t<meta name=\"twitter:data2\" content=\"3 minutos\" \/>\n<script type=\"application\/ld+json\" class=\"yoast-schema-graph\">{\"@context\":\"https:\/\/schema.org\",\"@graph\":[{\"@type\":\"WebSite\",\"@id\":\"https:\/\/www.elvalledeloscaidos.es\/portal\/#website\",\"url\":\"https:\/\/www.elvalledeloscaidos.es\/portal\/\",\"name\":\"ADVC\",\"description\":\"Asociaci\u00f3n Para la Defensa del Valle de los Ca\u00eddos\",\"potentialAction\":[{\"@type\":\"SearchAction\",\"target\":{\"@type\":\"EntryPoint\",\"urlTemplate\":\"https:\/\/www.elvalledeloscaidos.es\/portal\/?s={search_term_string}\"},\"query-input\":\"required name=search_term_string\"}],\"inLanguage\":\"es\"},{\"@type\":\"ImageObject\",\"@id\":\"https:\/\/www.elvalledeloscaidos.es\/portal\/?p=5310#primaryimage\",\"inLanguage\":\"es\",\"url\":\"https:\/\/www.elvalledeloscaidos.es\/portal\/wp-content\/uploads\/2017\/05\/nsa.jpg\",\"contentUrl\":\"https:\/\/www.elvalledeloscaidos.es\/portal\/wp-content\/uploads\/2017\/05\/nsa.jpg\",\"width\":1008,\"height\":504},{\"@type\":\"WebPage\",\"@id\":\"https:\/\/www.elvalledeloscaidos.es\/portal\/?p=5310#webpage\",\"url\":\"https:\/\/www.elvalledeloscaidos.es\/portal\/?p=5310\",\"name\":\"Desmontando impostores. - ADVC\",\"isPartOf\":{\"@id\":\"https:\/\/www.elvalledeloscaidos.es\/portal\/#website\"},\"primaryImageOfPage\":{\"@id\":\"https:\/\/www.elvalledeloscaidos.es\/portal\/?p=5310#primaryimage\"},\"datePublished\":\"2017-05-24T16:54:46+00:00\",\"dateModified\":\"2017-05-24T16:59:05+00:00\",\"author\":{\"@id\":\"https:\/\/www.elvalledeloscaidos.es\/portal\/#\/schema\/person\/b4711176f6b283a7b25ff137a7e34a40\"},\"breadcrumb\":{\"@id\":\"https:\/\/www.elvalledeloscaidos.es\/portal\/?p=5310#breadcrumb\"},\"inLanguage\":\"es\",\"potentialAction\":[{\"@type\":\"ReadAction\",\"target\":[\"https:\/\/www.elvalledeloscaidos.es\/portal\/?p=5310\"]}]},{\"@type\":\"BreadcrumbList\",\"@id\":\"https:\/\/www.elvalledeloscaidos.es\/portal\/?p=5310#breadcrumb\",\"itemListElement\":[{\"@type\":\"ListItem\",\"position\":1,\"name\":\"Portada\",\"item\":\"https:\/\/www.elvalledeloscaidos.es\/portal\"},{\"@type\":\"ListItem\",\"position\":2,\"name\":\"Desmontando impostores.\"}]},{\"@type\":\"Person\",\"@id\":\"https:\/\/www.elvalledeloscaidos.es\/portal\/#\/schema\/person\/b4711176f6b283a7b25ff137a7e34a40\",\"name\":\"Redaccion\",\"image\":{\"@type\":\"ImageObject\",\"@id\":\"https:\/\/www.elvalledeloscaidos.es\/portal\/#personlogo\",\"inLanguage\":\"es\",\"url\":\"https:\/\/secure.gravatar.com\/avatar\/43c3c16f338b78edeffdbd22a8090c53?s=96&d=mm&r=g\",\"contentUrl\":\"https:\/\/secure.gravatar.com\/avatar\/43c3c16f338b78edeffdbd22a8090c53?s=96&d=mm&r=g\",\"caption\":\"Redaccion\"},\"url\":\"https:\/\/www.elvalledeloscaidos.es\/portal\/?author=3\"}]}<\/script>\n<!-- \/ Yoast SEO plugin. -->","yoast_head_json":{"title":"Desmontando impostores. - ADVC","robots":{"index":"index","follow":"follow","max-snippet":"max-snippet:-1","max-image-preview":"max-image-preview:large","max-video-preview":"max-video-preview:-1"},"canonical":"https:\/\/www.elvalledeloscaidos.es\/portal\/?p=5310","og_locale":"es_ES","og_type":"article","og_title":"Desmontando impostores. - ADVC","og_description":"Desmontando a Nicol\u00e1s S\u00e1nchez Albornoz. Nicol\u00e1s S\u00e1nchez Albornoz se ha erigido casi en portavoz de los pocos \u00abobreros esclavos\u00bb de los que a\u00fan viven de la construcci\u00f3n del Valle de los Ca\u00eddos. Del archivo de la ADVC, os hago llegar lo que en \u00e9ste se haya recogido referente a este [&hellip;]","og_url":"https:\/\/www.elvalledeloscaidos.es\/portal\/?p=5310","og_site_name":"ADVC","article_published_time":"2017-05-24T16:54:46+00:00","article_modified_time":"2017-05-24T16:59:05+00:00","og_image":[{"url":"https:\/\/www.elvalledeloscaidos.es\/portal\/wp-content\/uploads\/2017\/05\/nsa.jpg"}],"twitter_card":"summary_large_image","twitter_misc":{"Escrito por":"Redaccion","Tiempo de lectura":"3 minutos"},"schema":{"@context":"https:\/\/schema.org","@graph":[{"@type":"WebSite","@id":"https:\/\/www.elvalledeloscaidos.es\/portal\/#website","url":"https:\/\/www.elvalledeloscaidos.es\/portal\/","name":"ADVC","description":"Asociaci\u00f3n Para la Defensa del Valle de los Ca\u00eddos","potentialAction":[{"@type":"SearchAction","target":{"@type":"EntryPoint","urlTemplate":"https:\/\/www.elvalledeloscaidos.es\/portal\/?s={search_term_string}"},"query-input":"required name=search_term_string"}],"inLanguage":"es"},{"@type":"ImageObject","@id":"https:\/\/www.elvalledeloscaidos.es\/portal\/?p=5310#primaryimage","inLanguage":"es","url":"https:\/\/www.elvalledeloscaidos.es\/portal\/wp-content\/uploads\/2017\/05\/nsa.jpg","contentUrl":"https:\/\/www.elvalledeloscaidos.es\/portal\/wp-content\/uploads\/2017\/05\/nsa.jpg","width":1008,"height":504},{"@type":"WebPage","@id":"https:\/\/www.elvalledeloscaidos.es\/portal\/?p=5310#webpage","url":"https:\/\/www.elvalledeloscaidos.es\/portal\/?p=5310","name":"Desmontando impostores. - ADVC","isPartOf":{"@id":"https:\/\/www.elvalledeloscaidos.es\/portal\/#website"},"primaryImageOfPage":{"@id":"https:\/\/www.elvalledeloscaidos.es\/portal\/?p=5310#primaryimage"},"datePublished":"2017-05-24T16:54:46+00:00","dateModified":"2017-05-24T16:59:05+00:00","author":{"@id":"https:\/\/www.elvalledeloscaidos.es\/portal\/#\/schema\/person\/b4711176f6b283a7b25ff137a7e34a40"},"breadcrumb":{"@id":"https:\/\/www.elvalledeloscaidos.es\/portal\/?p=5310#breadcrumb"},"inLanguage":"es","potentialAction":[{"@type":"ReadAction","target":["https:\/\/www.elvalledeloscaidos.es\/portal\/?p=5310"]}]},{"@type":"BreadcrumbList","@id":"https:\/\/www.elvalledeloscaidos.es\/portal\/?p=5310#breadcrumb","itemListElement":[{"@type":"ListItem","position":1,"name":"Portada","item":"https:\/\/www.elvalledeloscaidos.es\/portal"},{"@type":"ListItem","position":2,"name":"Desmontando impostores."}]},{"@type":"Person","@id":"https:\/\/www.elvalledeloscaidos.es\/portal\/#\/schema\/person\/b4711176f6b283a7b25ff137a7e34a40","name":"Redaccion","image":{"@type":"ImageObject","@id":"https:\/\/www.elvalledeloscaidos.es\/portal\/#personlogo","inLanguage":"es","url":"https:\/\/secure.gravatar.com\/avatar\/43c3c16f338b78edeffdbd22a8090c53?s=96&d=mm&r=g","contentUrl":"https:\/\/secure.gravatar.com\/avatar\/43c3c16f338b78edeffdbd22a8090c53?s=96&d=mm&r=g","caption":"Redaccion"},"url":"https:\/\/www.elvalledeloscaidos.es\/portal\/?author=3"}]}},"_links":{"self":[{"href":"https:\/\/www.elvalledeloscaidos.es\/portal\/index.php?rest_route=\/wp\/v2\/posts\/5310"}],"collection":[{"href":"https:\/\/www.elvalledeloscaidos.es\/portal\/index.php?rest_route=\/wp\/v2\/posts"}],"about":[{"href":"https:\/\/www.elvalledeloscaidos.es\/portal\/index.php?rest_route=\/wp\/v2\/types\/post"}],"author":[{"embeddable":true,"href":"https:\/\/www.elvalledeloscaidos.es\/portal\/index.php?rest_route=\/wp\/v2\/users\/3"}],"replies":[{"embeddable":true,"href":"https:\/\/www.elvalledeloscaidos.es\/portal\/index.php?rest_route=%2Fwp%2Fv2%2Fcomments&post=5310"}],"version-history":[{"count":4,"href":"https:\/\/www.elvalledeloscaidos.es\/portal\/index.php?rest_route=\/wp\/v2\/posts\/5310\/revisions"}],"predecessor-version":[{"id":5316,"href":"https:\/\/www.elvalledeloscaidos.es\/portal\/index.php?rest_route=\/wp\/v2\/posts\/5310\/revisions\/5316"}],"wp:attachment":[{"href":"https:\/\/www.elvalledeloscaidos.es\/portal\/index.php?rest_route=%2Fwp%2Fv2%2Fmedia&parent=5310"}],"wp:term":[{"taxonomy":"category","embeddable":true,"href":"https:\/\/www.elvalledeloscaidos.es\/portal\/index.php?rest_route=%2Fwp%2Fv2%2Fcategories&post=5310"},{"taxonomy":"post_tag","embeddable":true,"href":"https:\/\/www.elvalledeloscaidos.es\/portal\/index.php?rest_route=%2Fwp%2Fv2%2Ftags&post=5310"}],"curies":[{"name":"wp","href":"https:\/\/api.w.org\/{rel}","templated":true}]}}