{"id":532,"date":"2011-04-07T10:19:40","date_gmt":"2011-04-07T09:19:40","guid":{"rendered":"http:\/\/www.elvalledeloscaidos.es\/portal\/?p=532"},"modified":"2011-04-07T10:36:13","modified_gmt":"2011-04-07T09:36:13","slug":"un-adefesio-de-30-mil-millones-de-pesetas","status":"publish","type":"post","link":"https:\/\/www.elvalledeloscaidos.es\/portal\/?p=532","title":{"rendered":"Un adefesio de 30 mil millones de pesetas"},"content":{"rendered":"<p>El Consejo de Administraci\u00f3n de Patrimonio Nacional y por boca de su Presidente, D. Nicol\u00e1s Mart\u00ednez-Fresno dice que el Valle de los Ca\u00eddos no es un lugar de visita y que en el pasado se cobraba la entrada y hab\u00eda gu\u00edas pero que depender\u00e1 de lo que decidan los grupos pol\u00edticos si volver\u00e1 a existir en un futuro <a href=\"http:\/\/www.elpais.com\/articulo\/madrid\/mecenazgo\/seria\/importante\/ayuda\/Museo\/Colecciones\/elpepiespmad\/20110328elpmad_9\/Tes\" target=\"_blank\">( EL PAIS 28 de Marzo de 2.011).<\/a><\/p>\n<p>La realidad es muy diferente, los gu\u00edas siguen existiendo, sin ejercer su profesi\u00f3n, al igual que sus taquilleros que desde hace m\u00e1s de un a\u00f1o han visto \u201cvolar\u201d 2 millones de \u20ac que deb\u00edan haber pasado por sus manos y directamente a las arcas p\u00fablicas, m\u00e1s necesitas de liquidez que nunca.<\/p>\n<p><!--more--><\/p>\n<p>Argumentan que las diferentes edificaciones del Valle de los Ca\u00eddos no re\u00fanen las condiciones de seguridad necesarias. Si el Valle de los Ca\u00eddos no est\u00e1 en condiciones adecuadas y hay riesgos se debe \u00fanica y exclusivamente a una flagrante dejaci\u00f3n de funciones de Patrimonio Nacional en cuestiones de mantenimiento desde hace muchos a\u00f1os.<\/p>\n<p>Adem\u00e1s, no entendemos que no se realicen de manera inmediata las reparaciones que el Valle necesita y que en modo alguno pueden justificar su cierre tanto al culto como al turismo. Las reparaciones no deber\u00edan demorarse por m\u00e1s tiempo si no queremos que el deterioro sea progresivo y constante.<\/p>\n<p><strong><span style=\"color: #800080;\">EL MUSEO DE COLECCIONES REALES<\/span><\/strong><\/p>\n<p>Dejando moment\u00e1neamente en un segundo plano la problem\u00e1tica del Valle de los Ca\u00eddos, pero continuando con nuestra labor de defensa de tan magnifico lugar, debemos hablar del ya tristemente famosos Museo de las Colecciones Reales.<\/p>\n<p>Menos sacar pecho por un museo que parece ser la joya de la Corona por encima de los emblem\u00e1ticos Palacios Reales llenos de goteras y con un acondicionamiento tercermundista de sus obras de arte y esto sin hablar de las condiciones en que trabaja o \u201csimplemente est\u00e1 \u201c su personal.<\/p>\n<p>Este engendro de Museo de Colecciones ha pasado de 60 millones de \u20ac en su presupuesto original a 171 (28.452 millones de las a\u00f1oradas pesetas), es un gasto que en estos momentos esta Espa\u00f1a no se puede permitir.<br \/>\nParece que en Patrimonio Nacional y por extensi\u00f3n en el Ministerio de la Presidencia a nadie le tiembla el pulso a la hora de firmar incrementos presupuestarios<\/p>\n<p>Sin embargo y volviendo al Valle de los Ca\u00eddos debemos recordar el estado de las esculturas de los Evangelistas de la base de la Cruz, obras del emeritense Juan de \u00c1valos, y que se encuentran en un estado que precisa una r\u00e1pida actuaci\u00f3n en materia de mantenimiento.<\/p>\n<p>El Jefe del Departamento de Restauraci\u00f3n de Patrimonio Nacional D. \u00c1ngel Balao firmaba con fecha 11 de noviembre de 2009 un informe t\u00e9cnico sobre el estado de estas y otras esculturas del Valle de los Ca\u00eddos, informe\u00a0al que ha tenido acceso la ADVC\u00a0en el contencioso administrativo que mantiene abierto contra PAtrimonio Nacional,\u00a0en las que conclu\u00eda de manera rotunda y cat\u00e9gorica:<\/p>\n<p><em><span style=\"color: #800080;\">\u201cLas estimaciones econ\u00f3micas para la reparaci\u00f3n del conjunto escultural del Valle de los Ca\u00eddos es de 1.200.780 \u20ac, cantidad que se debe incrementar en funci\u00f3n del I.P.C. anual\u201d<\/span><\/em><\/p>\n<p>La respuesta oficiosa de Patrimonio es la de siempre: \u201cno hay presupuesto\u201d.<br \/>\nEs decir, que con lo que se ha dejado de percibir en el Valle de los Ca\u00eddos en cuesti\u00f3n de taquillajes, se hubieran reparado de manera seria y solvente todas las esculturas del Valle de los Ca\u00eddos, y a\u00fan habr\u00eda sobrado dinero para otras cuestiones.<\/p>\n<p>Para el Valle de los Ca\u00eddos no, pero para el adefesio del Museo de Colecciones Reales s\u00ed. Desde esta Asociaci\u00f3n exigimos al Presidente de Patrimonio Nacional que pare de una vez ese derroche que espanta la vista de la Catedral y del Palacio Real de Madrid. En las im\u00e1genes que adjuntamos al final de este texto podemos observar el \u201cantes\u201d y el \u201cdespu\u00e9s\u201d de esta aberraci\u00f3n urban\u00edstica que los espa\u00f1oles en general y los madrile\u00f1os en su dia a dia tendremos que soportar.<\/p>\n<p>Restaure y mantenga lo que tiene el Patrimonio y Vd en sus manos: mil a\u00f1os de historia y deje el edificio del futuro a quien corresponda.<\/p>\n<p style=\"text-align: center;\"><img decoding=\"async\" loading=\"lazy\" class=\"aligncenter size-full wp-image-535\" title=\"almudena1\" src=\"http:\/\/www.elvalledeloscaidos.es\/portal\/wp-content\/uploads\/2011\/04\/almudena1.jpg\" alt=\"\" width=\"450\" height=\"301\" srcset=\"https:\/\/www.elvalledeloscaidos.es\/portal\/wp-content\/uploads\/2011\/04\/almudena1.jpg 450w, https:\/\/www.elvalledeloscaidos.es\/portal\/wp-content\/uploads\/2011\/04\/almudena1-300x200.jpg 300w\" sizes=\"(max-width: 450px) 100vw, 450px\" \/><\/p>\n<p style=\"text-align: center;\">La Catedral de La Almudena y el \u00abbalc\u00f3n\u00bb del Campo del Moro antes y despu\u00e9s del Museo de Colecciones Reales.<\/p>\n<p style=\"text-align: center;\"><img decoding=\"async\" loading=\"lazy\" class=\"aligncenter size-full wp-image-536\" title=\"almudena2\" src=\"http:\/\/www.elvalledeloscaidos.es\/portal\/wp-content\/uploads\/2011\/04\/almudena2.jpg\" alt=\"\" width=\"450\" height=\"301\" srcset=\"https:\/\/www.elvalledeloscaidos.es\/portal\/wp-content\/uploads\/2011\/04\/almudena2.jpg 450w, https:\/\/www.elvalledeloscaidos.es\/portal\/wp-content\/uploads\/2011\/04\/almudena2-300x200.jpg 300w\" sizes=\"(max-width: 450px) 100vw, 450px\" \/><\/p>\n<p><strong><span style=\"color: #800080;\">LOS HORARIOS DE LOS MUSEOS DE PATRIMONIO<\/span><\/strong><\/p>\n<p>Cuando el Presidente de Patrimonio Nacional habla de los horarios de los museos que han sido ampliados, miente, lo ha intentado pero le han parado los pies, como se puede comprobar en la p\u00e1gina Web del organismo. Este sitio web, m\u00e1ximo \u00f3rgano de expresi\u00f3n de Patrimonio Nacional no informa adecuadamente, miente cuando hablan de accesibilidad para discapacitados a los museos que de Patrimonio dependen<br \/>\nEl hecho mas flagrante lo tenemos en el Monasterio del Escorial. Hace unas semanas la Reina Do\u00f1a Sof\u00eda inauguraba con el fasto requerido las instalaciones y dispositivos de acceso para minusv\u00e1lidos a los Reales Museos. Sin embargo, desde el dia de la inauguraci\u00f3n, estos dispositivos (ascensores, rampas motorizadas etc) no han podido entrar en servicio al carecer Patrimonio del personal cualificado para ello.<\/p>\n<p><strong><span style=\"color: #800080;\">EL INCREMENTO DE LAS ENTRADAS A LOS MUSEOS DE PATRIMONIO NACIONAL<\/span><\/strong><br \/>\nCuando el Sr. Mart\u00ednez Fresno dice que la subida de precios en los museos de Patrimonio \u201cno ha sido sustancial\u201d, A nosotros nos parece que un incremento de precio de entre un 50 y un 70 % es algo m\u00e1s que eso.<\/p>\n","protected":false},"excerpt":{"rendered":"<p>El Consejo de Administraci\u00f3n de Patrimonio Nacional y por boca de su Presidente, D. Nicol\u00e1s Mart\u00ednez-Fresno dice que el Valle de los Ca\u00eddos no es un lugar de visita y que en el pasado se cobraba la entrada y hab\u00eda gu\u00edas pero que depender\u00e1 de lo que decidan los grupos [&hellip;]<\/p>\n","protected":false},"author":1,"featured_media":0,"comment_status":"open","ping_status":"open","sticky":false,"template":"","format":"standard","meta":[],"categories":[1],"tags":[],"yoast_head":"<!-- This site is optimized with the Yoast SEO plugin v18.6 - https:\/\/yoast.com\/wordpress\/plugins\/seo\/ -->\n<title>Un adefesio de 30 mil millones de pesetas - ADVC<\/title>\n<meta name=\"robots\" content=\"index, follow, max-snippet:-1, max-image-preview:large, max-video-preview:-1\" \/>\n<link rel=\"canonical\" href=\"https:\/\/www.elvalledeloscaidos.es\/portal\/?p=532\" \/>\n<meta property=\"og:locale\" content=\"es_ES\" \/>\n<meta property=\"og:type\" content=\"article\" \/>\n<meta property=\"og:title\" content=\"Un adefesio de 30 mil millones de pesetas - ADVC\" \/>\n<meta property=\"og:description\" content=\"El Consejo de Administraci\u00f3n de Patrimonio Nacional y por boca de su Presidente, D. Nicol\u00e1s Mart\u00ednez-Fresno dice que el Valle de los Ca\u00eddos no es un lugar de visita y que en el pasado se cobraba la entrada y hab\u00eda gu\u00edas pero que depender\u00e1 de lo que decidan los grupos [&hellip;]\" \/>\n<meta property=\"og:url\" content=\"https:\/\/www.elvalledeloscaidos.es\/portal\/?p=532\" \/>\n<meta property=\"og:site_name\" content=\"ADVC\" \/>\n<meta property=\"article:published_time\" content=\"2011-04-07T09:19:40+00:00\" \/>\n<meta property=\"article:modified_time\" content=\"2011-04-07T09:36:13+00:00\" \/>\n<meta property=\"og:image\" content=\"http:\/\/www.elvalledeloscaidos.es\/portal\/wp-content\/uploads\/2011\/04\/almudena1.jpg\" \/>\n<meta name=\"twitter:card\" content=\"summary_large_image\" \/>\n<meta name=\"twitter:label1\" content=\"Escrito por\" \/>\n\t<meta name=\"twitter:data1\" content=\"linares\" \/>\n\t<meta name=\"twitter:label2\" content=\"Tiempo de lectura\" \/>\n\t<meta name=\"twitter:data2\" content=\"5 minutos\" \/>\n<script type=\"application\/ld+json\" class=\"yoast-schema-graph\">{\"@context\":\"https:\/\/schema.org\",\"@graph\":[{\"@type\":\"WebSite\",\"@id\":\"https:\/\/www.elvalledeloscaidos.es\/portal\/#website\",\"url\":\"https:\/\/www.elvalledeloscaidos.es\/portal\/\",\"name\":\"ADVC\",\"description\":\"Asociaci\u00f3n Para la Defensa del Valle de los Ca\u00eddos\",\"potentialAction\":[{\"@type\":\"SearchAction\",\"target\":{\"@type\":\"EntryPoint\",\"urlTemplate\":\"https:\/\/www.elvalledeloscaidos.es\/portal\/?s={search_term_string}\"},\"query-input\":\"required name=search_term_string\"}],\"inLanguage\":\"es\"},{\"@type\":\"ImageObject\",\"@id\":\"https:\/\/www.elvalledeloscaidos.es\/portal\/?p=532#primaryimage\",\"inLanguage\":\"es\",\"url\":\"http:\/\/www.elvalledeloscaidos.es\/portal\/wp-content\/uploads\/2011\/04\/almudena1.jpg\",\"contentUrl\":\"http:\/\/www.elvalledeloscaidos.es\/portal\/wp-content\/uploads\/2011\/04\/almudena1.jpg\"},{\"@type\":\"WebPage\",\"@id\":\"https:\/\/www.elvalledeloscaidos.es\/portal\/?p=532#webpage\",\"url\":\"https:\/\/www.elvalledeloscaidos.es\/portal\/?p=532\",\"name\":\"Un adefesio de 30 mil millones de pesetas - ADVC\",\"isPartOf\":{\"@id\":\"https:\/\/www.elvalledeloscaidos.es\/portal\/#website\"},\"primaryImageOfPage\":{\"@id\":\"https:\/\/www.elvalledeloscaidos.es\/portal\/?p=532#primaryimage\"},\"datePublished\":\"2011-04-07T09:19:40+00:00\",\"dateModified\":\"2011-04-07T09:36:13+00:00\",\"author\":{\"@id\":\"https:\/\/www.elvalledeloscaidos.es\/portal\/#\/schema\/person\/36b3894dc4f1eb332b7fc369aed7eb58\"},\"breadcrumb\":{\"@id\":\"https:\/\/www.elvalledeloscaidos.es\/portal\/?p=532#breadcrumb\"},\"inLanguage\":\"es\",\"potentialAction\":[{\"@type\":\"ReadAction\",\"target\":[\"https:\/\/www.elvalledeloscaidos.es\/portal\/?p=532\"]}]},{\"@type\":\"BreadcrumbList\",\"@id\":\"https:\/\/www.elvalledeloscaidos.es\/portal\/?p=532#breadcrumb\",\"itemListElement\":[{\"@type\":\"ListItem\",\"position\":1,\"name\":\"Portada\",\"item\":\"https:\/\/www.elvalledeloscaidos.es\/portal\"},{\"@type\":\"ListItem\",\"position\":2,\"name\":\"Un adefesio de 30 mil millones de pesetas\"}]},{\"@type\":\"Person\",\"@id\":\"https:\/\/www.elvalledeloscaidos.es\/portal\/#\/schema\/person\/36b3894dc4f1eb332b7fc369aed7eb58\",\"name\":\"linares\",\"image\":{\"@type\":\"ImageObject\",\"@id\":\"https:\/\/www.elvalledeloscaidos.es\/portal\/#personlogo\",\"inLanguage\":\"es\",\"url\":\"https:\/\/secure.gravatar.com\/avatar\/0b6f3a427655ac169c9155e538724b76?s=96&d=mm&r=g\",\"contentUrl\":\"https:\/\/secure.gravatar.com\/avatar\/0b6f3a427655ac169c9155e538724b76?s=96&d=mm&r=g\",\"caption\":\"linares\"},\"url\":\"https:\/\/www.elvalledeloscaidos.es\/portal\/?author=1\"}]}<\/script>\n<!-- \/ Yoast SEO plugin. -->","yoast_head_json":{"title":"Un adefesio de 30 mil millones de pesetas - ADVC","robots":{"index":"index","follow":"follow","max-snippet":"max-snippet:-1","max-image-preview":"max-image-preview:large","max-video-preview":"max-video-preview:-1"},"canonical":"https:\/\/www.elvalledeloscaidos.es\/portal\/?p=532","og_locale":"es_ES","og_type":"article","og_title":"Un adefesio de 30 mil millones de pesetas - ADVC","og_description":"El Consejo de Administraci\u00f3n de Patrimonio Nacional y por boca de su Presidente, D. Nicol\u00e1s Mart\u00ednez-Fresno dice que el Valle de los Ca\u00eddos no es un lugar de visita y que en el pasado se cobraba la entrada y hab\u00eda gu\u00edas pero que depender\u00e1 de lo que decidan los grupos [&hellip;]","og_url":"https:\/\/www.elvalledeloscaidos.es\/portal\/?p=532","og_site_name":"ADVC","article_published_time":"2011-04-07T09:19:40+00:00","article_modified_time":"2011-04-07T09:36:13+00:00","og_image":[{"url":"http:\/\/www.elvalledeloscaidos.es\/portal\/wp-content\/uploads\/2011\/04\/almudena1.jpg"}],"twitter_card":"summary_large_image","twitter_misc":{"Escrito por":"linares","Tiempo de lectura":"5 minutos"},"schema":{"@context":"https:\/\/schema.org","@graph":[{"@type":"WebSite","@id":"https:\/\/www.elvalledeloscaidos.es\/portal\/#website","url":"https:\/\/www.elvalledeloscaidos.es\/portal\/","name":"ADVC","description":"Asociaci\u00f3n Para la Defensa del Valle de los Ca\u00eddos","potentialAction":[{"@type":"SearchAction","target":{"@type":"EntryPoint","urlTemplate":"https:\/\/www.elvalledeloscaidos.es\/portal\/?s={search_term_string}"},"query-input":"required name=search_term_string"}],"inLanguage":"es"},{"@type":"ImageObject","@id":"https:\/\/www.elvalledeloscaidos.es\/portal\/?p=532#primaryimage","inLanguage":"es","url":"http:\/\/www.elvalledeloscaidos.es\/portal\/wp-content\/uploads\/2011\/04\/almudena1.jpg","contentUrl":"http:\/\/www.elvalledeloscaidos.es\/portal\/wp-content\/uploads\/2011\/04\/almudena1.jpg"},{"@type":"WebPage","@id":"https:\/\/www.elvalledeloscaidos.es\/portal\/?p=532#webpage","url":"https:\/\/www.elvalledeloscaidos.es\/portal\/?p=532","name":"Un adefesio de 30 mil millones de pesetas - ADVC","isPartOf":{"@id":"https:\/\/www.elvalledeloscaidos.es\/portal\/#website"},"primaryImageOfPage":{"@id":"https:\/\/www.elvalledeloscaidos.es\/portal\/?p=532#primaryimage"},"datePublished":"2011-04-07T09:19:40+00:00","dateModified":"2011-04-07T09:36:13+00:00","author":{"@id":"https:\/\/www.elvalledeloscaidos.es\/portal\/#\/schema\/person\/36b3894dc4f1eb332b7fc369aed7eb58"},"breadcrumb":{"@id":"https:\/\/www.elvalledeloscaidos.es\/portal\/?p=532#breadcrumb"},"inLanguage":"es","potentialAction":[{"@type":"ReadAction","target":["https:\/\/www.elvalledeloscaidos.es\/portal\/?p=532"]}]},{"@type":"BreadcrumbList","@id":"https:\/\/www.elvalledeloscaidos.es\/portal\/?p=532#breadcrumb","itemListElement":[{"@type":"ListItem","position":1,"name":"Portada","item":"https:\/\/www.elvalledeloscaidos.es\/portal"},{"@type":"ListItem","position":2,"name":"Un adefesio de 30 mil millones de pesetas"}]},{"@type":"Person","@id":"https:\/\/www.elvalledeloscaidos.es\/portal\/#\/schema\/person\/36b3894dc4f1eb332b7fc369aed7eb58","name":"linares","image":{"@type":"ImageObject","@id":"https:\/\/www.elvalledeloscaidos.es\/portal\/#personlogo","inLanguage":"es","url":"https:\/\/secure.gravatar.com\/avatar\/0b6f3a427655ac169c9155e538724b76?s=96&d=mm&r=g","contentUrl":"https:\/\/secure.gravatar.com\/avatar\/0b6f3a427655ac169c9155e538724b76?s=96&d=mm&r=g","caption":"linares"},"url":"https:\/\/www.elvalledeloscaidos.es\/portal\/?author=1"}]}},"_links":{"self":[{"href":"https:\/\/www.elvalledeloscaidos.es\/portal\/index.php?rest_route=\/wp\/v2\/posts\/532"}],"collection":[{"href":"https:\/\/www.elvalledeloscaidos.es\/portal\/index.php?rest_route=\/wp\/v2\/posts"}],"about":[{"href":"https:\/\/www.elvalledeloscaidos.es\/portal\/index.php?rest_route=\/wp\/v2\/types\/post"}],"author":[{"embeddable":true,"href":"https:\/\/www.elvalledeloscaidos.es\/portal\/index.php?rest_route=\/wp\/v2\/users\/1"}],"replies":[{"embeddable":true,"href":"https:\/\/www.elvalledeloscaidos.es\/portal\/index.php?rest_route=%2Fwp%2Fv2%2Fcomments&post=532"}],"version-history":[{"count":7,"href":"https:\/\/www.elvalledeloscaidos.es\/portal\/index.php?rest_route=\/wp\/v2\/posts\/532\/revisions"}],"predecessor-version":[{"id":534,"href":"https:\/\/www.elvalledeloscaidos.es\/portal\/index.php?rest_route=\/wp\/v2\/posts\/532\/revisions\/534"}],"wp:attachment":[{"href":"https:\/\/www.elvalledeloscaidos.es\/portal\/index.php?rest_route=%2Fwp%2Fv2%2Fmedia&parent=532"}],"wp:term":[{"taxonomy":"category","embeddable":true,"href":"https:\/\/www.elvalledeloscaidos.es\/portal\/index.php?rest_route=%2Fwp%2Fv2%2Fcategories&post=532"},{"taxonomy":"post_tag","embeddable":true,"href":"https:\/\/www.elvalledeloscaidos.es\/portal\/index.php?rest_route=%2Fwp%2Fv2%2Ftags&post=532"}],"curies":[{"name":"wp","href":"https:\/\/api.w.org\/{rel}","templated":true}]}}