{"id":5477,"date":"2018-04-24T06:46:32","date_gmt":"2018-04-24T05:46:32","guid":{"rendered":"https:\/\/www.elvalledeloscaidos.es\/portal\/?p=5477"},"modified":"2018-04-23T22:23:27","modified_gmt":"2018-04-23T21:23:27","slug":"nota-informativa-de-patrimonio-nacional","status":"publish","type":"post","link":"https:\/\/www.elvalledeloscaidos.es\/portal\/?p=5477","title":{"rendered":"NOTA INFORMATIVA DE PATRIMONIO NACIONAL"},"content":{"rendered":"<p>La Asociaci\u00f3n Para la Defensa del Valle de los Ca\u00eddos, se hace eco de la nota informativa que Patrimonio Nacional ha hecho p\u00fablica en la tarde del d\u00eda de hoy 23 de abril de 2018<\/p>\n<p>Los t\u00e9cnicos del Instituto de Ciencias de la Construcci\u00f3n Eduardo Torroja del CSIC han finalizado los trabajos de campo en el Valle de los Ca\u00eddos<br \/>\nEn la ma\u00f1ana de hoy lunes, 23 de abril de 2018, los t\u00e9cnicos del Instituto de Ciencias de la Construcci\u00f3n Eduardo Torroja del Consejo Superior de Investigaciones Cient\u00edficas han retomado las actuaciones t\u00e9cnicas preliminares para establecer la viabilidad de acceso al piso tercero de la Cripta del Sepulcro de la Bas\u00edlica de la Santa Cruz del Valle de los Ca\u00eddos, as\u00ed como para comprobar el estado de la misma. Tras finalizar hoy los trabajos de campo, est\u00e1 previsto que, a finales del pr\u00f3ximo mes de mayo, concluya la elaboraci\u00f3n de un informe a este respecto, as\u00ed como la descripci\u00f3n de las obras que deber\u00edan llevarse a cabo si no fuera posible el acceso a la cripta, adem\u00e1s de dar cuenta del estado de dicha cripta. Este informe ser\u00e1 entregado al Patrimonio Nacional.<\/p>\n<p>Los trabajos de campo llevados a cabo por t\u00e9cnicos del Instituto Torroja por encargo del Patrimonio Nacional han sido realizados en d\u00edas de cierre del Valle de los Ca\u00eddos para permitir que se desarrollen sin perturbaciones ni interferencias de ninguna clase.<\/p>\n<p>El informe del Instituto de Ciencias de la Construcci\u00f3n Eduardo Torroja fue paralizado por un recurso contencioso-administrativo interpuesto por la Abad\u00eda Benedictina del Valle de los Ca\u00eddos ante la Audiencia Nacional. Con fecha 19 de marzo de 2018, se recibi\u00f3 la comunicaci\u00f3n del desestimiento del recurso por parte de la Abad\u00eda.<\/p>\n<p>Si el informe del Instituto Torroja estableciera la posibilidad de acceso, y dado que nos encontrar\u00edamos ante restos cadav\u00e9ricos no identificados, se solicitar\u00eda dictamen al Consejo M\u00e9dico Forense para que se pronuncie sobre el procedimiento aplicable a la localizaci\u00f3n, identificaci\u00f3n y exhumaci\u00f3n de los restos cadav\u00e9ricos de los Sres. Lape\u00f1a, as\u00ed como la posibilidad de la pr\u00e1ctica de la prueba del ADN. No se producir\u00e1 ninguna actuaci\u00f3n para la exhumaci\u00f3n de restos mientras no se reciba dicho dictamen del Consejo M\u00e9dico Forense.<\/p>\n<p>En cualquier caso, el Patrimonio Nacional deber\u00e1 actuar cumpliendo lo se\u00f1alado en el informe de la Abogac\u00eda General del Estado sobre las medidas que debe adoptar para la ejecuci\u00f3n del Auto del Juzgado de Primera Instancia e Instrucci\u00f3n n\u00famero 2 de San Lorenzo de El Escorial de 30 de marzo de 2016.<\/p>\n<p>De acuerdo con ello, si finalmente se comprueba por el informe del Instituto Torroja del CSIC que los columbarios en los que pueden encontrarse los restos de los hermanos Lape\u00f1a Altab\u00e1s se han convertido actualmente en un osario, en el que se encuentran confundidos con los restos cadav\u00e9ricos de las dem\u00e1s personas inhumadas en el mismo piso de la cripta del cementerio del Valle de los Ca\u00eddos adyacente a la capilla del Santo Sepulcro, deber\u00e1 hacerse saber esta circunstancia a su familia, para que interponga una demanda en el correspondiente proceso declarativo ante la Jurisdicci\u00f3n ordinaria para que se pronuncie en definitiva sobre la exhumaci\u00f3n solicitada si hay derechos de terceros afectados.<\/p>\n<p>Conforme al informe de la Abogac\u00eda General del Estado, en el referido proceso declarativo, a trav\u00e9s de la demanda o por intervenci\u00f3n posterior, deber\u00edan figurar aquellas personas identificadas cuyos parientes se encuentren inhumados en el mismo piso de la mencionada cripta del cementerio del Valle de los Ca\u00eddos, as\u00ed como aquellas otras que respondan a la oportuna citaci\u00f3n por edictos, a realizar en los lugares de que procedan los restos cadav\u00e9ricos que se encuentran en ese lugar.<\/p>\n<p>La sentencia judicial que se dicte en ese proceso declarativo habr\u00e1 de valorar los intereses en conflicto y la aplicaci\u00f3n del principio de proporcionalidad en las actuaciones requeridas, resolviendo, en definitiva, lo que proceda en orden a la localizaci\u00f3n, identificaci\u00f3n y, en su caso, exhumaci\u00f3n y entrega a sus familiares de los restos cadav\u00e9ricos de los Sres. Lape\u00f1a Altab\u00e1s.<\/p>\n<p>Madrid, 23 de abril de 2018<\/p>\n","protected":false},"excerpt":{"rendered":"<p>La Asociaci\u00f3n Para la Defensa del Valle de los Ca\u00eddos, se hace eco de la nota informativa que Patrimonio Nacional ha hecho p\u00fablica en la tarde del d\u00eda de hoy 23 de abril de 2018 Los t\u00e9cnicos del Instituto de Ciencias de la Construcci\u00f3n Eduardo Torroja del CSIC han finalizado [&hellip;]<\/p>\n","protected":false},"author":1,"featured_media":0,"comment_status":"open","ping_status":"open","sticky":false,"template":"","format":"standard","meta":[],"categories":[4],"tags":[],"yoast_head":"<!-- This site is optimized with the Yoast SEO plugin v18.6 - https:\/\/yoast.com\/wordpress\/plugins\/seo\/ -->\n<title>NOTA INFORMATIVA DE PATRIMONIO NACIONAL - ADVC<\/title>\n<meta name=\"robots\" content=\"index, follow, max-snippet:-1, max-image-preview:large, max-video-preview:-1\" \/>\n<link rel=\"canonical\" href=\"https:\/\/www.elvalledeloscaidos.es\/portal\/?p=5477\" \/>\n<meta property=\"og:locale\" content=\"es_ES\" \/>\n<meta property=\"og:type\" content=\"article\" \/>\n<meta property=\"og:title\" content=\"NOTA INFORMATIVA DE PATRIMONIO NACIONAL - ADVC\" \/>\n<meta property=\"og:description\" content=\"La Asociaci\u00f3n Para la Defensa del Valle de los Ca\u00eddos, se hace eco de la nota informativa que Patrimonio Nacional ha hecho p\u00fablica en la tarde del d\u00eda de hoy 23 de abril de 2018 Los t\u00e9cnicos del Instituto de Ciencias de la Construcci\u00f3n Eduardo Torroja del CSIC han finalizado [&hellip;]\" \/>\n<meta property=\"og:url\" content=\"https:\/\/www.elvalledeloscaidos.es\/portal\/?p=5477\" \/>\n<meta property=\"og:site_name\" content=\"ADVC\" \/>\n<meta property=\"article:published_time\" content=\"2018-04-24T05:46:32+00:00\" \/>\n<meta property=\"article:modified_time\" content=\"2018-04-23T21:23:27+00:00\" \/>\n<meta name=\"twitter:card\" content=\"summary_large_image\" \/>\n<meta name=\"twitter:label1\" content=\"Escrito por\" \/>\n\t<meta name=\"twitter:data1\" content=\"linares\" \/>\n\t<meta name=\"twitter:label2\" content=\"Tiempo de lectura\" \/>\n\t<meta name=\"twitter:data2\" content=\"4 minutos\" \/>\n<script type=\"application\/ld+json\" class=\"yoast-schema-graph\">{\"@context\":\"https:\/\/schema.org\",\"@graph\":[{\"@type\":\"WebSite\",\"@id\":\"https:\/\/www.elvalledeloscaidos.es\/portal\/#website\",\"url\":\"https:\/\/www.elvalledeloscaidos.es\/portal\/\",\"name\":\"ADVC\",\"description\":\"Asociaci\u00f3n Para la Defensa del Valle de los Ca\u00eddos\",\"potentialAction\":[{\"@type\":\"SearchAction\",\"target\":{\"@type\":\"EntryPoint\",\"urlTemplate\":\"https:\/\/www.elvalledeloscaidos.es\/portal\/?s={search_term_string}\"},\"query-input\":\"required name=search_term_string\"}],\"inLanguage\":\"es\"},{\"@type\":\"WebPage\",\"@id\":\"https:\/\/www.elvalledeloscaidos.es\/portal\/?p=5477#webpage\",\"url\":\"https:\/\/www.elvalledeloscaidos.es\/portal\/?p=5477\",\"name\":\"NOTA INFORMATIVA DE PATRIMONIO NACIONAL - ADVC\",\"isPartOf\":{\"@id\":\"https:\/\/www.elvalledeloscaidos.es\/portal\/#website\"},\"datePublished\":\"2018-04-24T05:46:32+00:00\",\"dateModified\":\"2018-04-23T21:23:27+00:00\",\"author\":{\"@id\":\"https:\/\/www.elvalledeloscaidos.es\/portal\/#\/schema\/person\/36b3894dc4f1eb332b7fc369aed7eb58\"},\"breadcrumb\":{\"@id\":\"https:\/\/www.elvalledeloscaidos.es\/portal\/?p=5477#breadcrumb\"},\"inLanguage\":\"es\",\"potentialAction\":[{\"@type\":\"ReadAction\",\"target\":[\"https:\/\/www.elvalledeloscaidos.es\/portal\/?p=5477\"]}]},{\"@type\":\"BreadcrumbList\",\"@id\":\"https:\/\/www.elvalledeloscaidos.es\/portal\/?p=5477#breadcrumb\",\"itemListElement\":[{\"@type\":\"ListItem\",\"position\":1,\"name\":\"Portada\",\"item\":\"https:\/\/www.elvalledeloscaidos.es\/portal\"},{\"@type\":\"ListItem\",\"position\":2,\"name\":\"NOTA INFORMATIVA DE PATRIMONIO NACIONAL\"}]},{\"@type\":\"Person\",\"@id\":\"https:\/\/www.elvalledeloscaidos.es\/portal\/#\/schema\/person\/36b3894dc4f1eb332b7fc369aed7eb58\",\"name\":\"linares\",\"image\":{\"@type\":\"ImageObject\",\"@id\":\"https:\/\/www.elvalledeloscaidos.es\/portal\/#personlogo\",\"inLanguage\":\"es\",\"url\":\"https:\/\/secure.gravatar.com\/avatar\/0b6f3a427655ac169c9155e538724b76?s=96&d=mm&r=g\",\"contentUrl\":\"https:\/\/secure.gravatar.com\/avatar\/0b6f3a427655ac169c9155e538724b76?s=96&d=mm&r=g\",\"caption\":\"linares\"},\"url\":\"https:\/\/www.elvalledeloscaidos.es\/portal\/?author=1\"}]}<\/script>\n<!-- \/ Yoast SEO plugin. -->","yoast_head_json":{"title":"NOTA INFORMATIVA DE PATRIMONIO NACIONAL - ADVC","robots":{"index":"index","follow":"follow","max-snippet":"max-snippet:-1","max-image-preview":"max-image-preview:large","max-video-preview":"max-video-preview:-1"},"canonical":"https:\/\/www.elvalledeloscaidos.es\/portal\/?p=5477","og_locale":"es_ES","og_type":"article","og_title":"NOTA INFORMATIVA DE PATRIMONIO NACIONAL - ADVC","og_description":"La Asociaci\u00f3n Para la Defensa del Valle de los Ca\u00eddos, se hace eco de la nota informativa que Patrimonio Nacional ha hecho p\u00fablica en la tarde del d\u00eda de hoy 23 de abril de 2018 Los t\u00e9cnicos del Instituto de Ciencias de la Construcci\u00f3n Eduardo Torroja del CSIC han finalizado [&hellip;]","og_url":"https:\/\/www.elvalledeloscaidos.es\/portal\/?p=5477","og_site_name":"ADVC","article_published_time":"2018-04-24T05:46:32+00:00","article_modified_time":"2018-04-23T21:23:27+00:00","twitter_card":"summary_large_image","twitter_misc":{"Escrito por":"linares","Tiempo de lectura":"4 minutos"},"schema":{"@context":"https:\/\/schema.org","@graph":[{"@type":"WebSite","@id":"https:\/\/www.elvalledeloscaidos.es\/portal\/#website","url":"https:\/\/www.elvalledeloscaidos.es\/portal\/","name":"ADVC","description":"Asociaci\u00f3n Para la Defensa del Valle de los Ca\u00eddos","potentialAction":[{"@type":"SearchAction","target":{"@type":"EntryPoint","urlTemplate":"https:\/\/www.elvalledeloscaidos.es\/portal\/?s={search_term_string}"},"query-input":"required name=search_term_string"}],"inLanguage":"es"},{"@type":"WebPage","@id":"https:\/\/www.elvalledeloscaidos.es\/portal\/?p=5477#webpage","url":"https:\/\/www.elvalledeloscaidos.es\/portal\/?p=5477","name":"NOTA INFORMATIVA DE PATRIMONIO NACIONAL - ADVC","isPartOf":{"@id":"https:\/\/www.elvalledeloscaidos.es\/portal\/#website"},"datePublished":"2018-04-24T05:46:32+00:00","dateModified":"2018-04-23T21:23:27+00:00","author":{"@id":"https:\/\/www.elvalledeloscaidos.es\/portal\/#\/schema\/person\/36b3894dc4f1eb332b7fc369aed7eb58"},"breadcrumb":{"@id":"https:\/\/www.elvalledeloscaidos.es\/portal\/?p=5477#breadcrumb"},"inLanguage":"es","potentialAction":[{"@type":"ReadAction","target":["https:\/\/www.elvalledeloscaidos.es\/portal\/?p=5477"]}]},{"@type":"BreadcrumbList","@id":"https:\/\/www.elvalledeloscaidos.es\/portal\/?p=5477#breadcrumb","itemListElement":[{"@type":"ListItem","position":1,"name":"Portada","item":"https:\/\/www.elvalledeloscaidos.es\/portal"},{"@type":"ListItem","position":2,"name":"NOTA INFORMATIVA DE PATRIMONIO NACIONAL"}]},{"@type":"Person","@id":"https:\/\/www.elvalledeloscaidos.es\/portal\/#\/schema\/person\/36b3894dc4f1eb332b7fc369aed7eb58","name":"linares","image":{"@type":"ImageObject","@id":"https:\/\/www.elvalledeloscaidos.es\/portal\/#personlogo","inLanguage":"es","url":"https:\/\/secure.gravatar.com\/avatar\/0b6f3a427655ac169c9155e538724b76?s=96&d=mm&r=g","contentUrl":"https:\/\/secure.gravatar.com\/avatar\/0b6f3a427655ac169c9155e538724b76?s=96&d=mm&r=g","caption":"linares"},"url":"https:\/\/www.elvalledeloscaidos.es\/portal\/?author=1"}]}},"_links":{"self":[{"href":"https:\/\/www.elvalledeloscaidos.es\/portal\/index.php?rest_route=\/wp\/v2\/posts\/5477"}],"collection":[{"href":"https:\/\/www.elvalledeloscaidos.es\/portal\/index.php?rest_route=\/wp\/v2\/posts"}],"about":[{"href":"https:\/\/www.elvalledeloscaidos.es\/portal\/index.php?rest_route=\/wp\/v2\/types\/post"}],"author":[{"embeddable":true,"href":"https:\/\/www.elvalledeloscaidos.es\/portal\/index.php?rest_route=\/wp\/v2\/users\/1"}],"replies":[{"embeddable":true,"href":"https:\/\/www.elvalledeloscaidos.es\/portal\/index.php?rest_route=%2Fwp%2Fv2%2Fcomments&post=5477"}],"version-history":[{"count":1,"href":"https:\/\/www.elvalledeloscaidos.es\/portal\/index.php?rest_route=\/wp\/v2\/posts\/5477\/revisions"}],"predecessor-version":[{"id":5478,"href":"https:\/\/www.elvalledeloscaidos.es\/portal\/index.php?rest_route=\/wp\/v2\/posts\/5477\/revisions\/5478"}],"wp:attachment":[{"href":"https:\/\/www.elvalledeloscaidos.es\/portal\/index.php?rest_route=%2Fwp%2Fv2%2Fmedia&parent=5477"}],"wp:term":[{"taxonomy":"category","embeddable":true,"href":"https:\/\/www.elvalledeloscaidos.es\/portal\/index.php?rest_route=%2Fwp%2Fv2%2Fcategories&post=5477"},{"taxonomy":"post_tag","embeddable":true,"href":"https:\/\/www.elvalledeloscaidos.es\/portal\/index.php?rest_route=%2Fwp%2Fv2%2Ftags&post=5477"}],"curies":[{"name":"wp","href":"https:\/\/api.w.org\/{rel}","templated":true}]}}