{"id":5519,"date":"2019-01-04T15:38:03","date_gmt":"2019-01-04T14:38:03","guid":{"rendered":"https:\/\/www.elvalledeloscaidos.es\/portal\/?p=5519"},"modified":"2019-01-04T15:38:03","modified_gmt":"2019-01-04T14:38:03","slug":"comunicado-de-la-asociacion-para-la-defensa-del-valle-de-los-caidos-3","status":"publish","type":"post","link":"https:\/\/www.elvalledeloscaidos.es\/portal\/?p=5519","title":{"rendered":"COMUNICADO DE LA ASOCIACI\u00d3N PARA LA DEFENSA DEL VALLE DE LOS CA\u00cdDOS"},"content":{"rendered":"<p>La Asociaci\u00f3n para la Defensa del Valle de los Ca\u00eddos desea expresar su apoyo incondicional y absoluto al prior del Valle de los Ca\u00eddos, padre Santiago Cantera Montenegro OSB, ante el sistem\u00e1tico, continuo e ileg\u00edtimo ataque que sufre por parte del gobierno del DOCTOR Pedro S\u00e1nchez.<\/p>\n<p>Este ataque se basa en descalificaciones personales muy peregrinas, en mentiras sobre el justo, leg\u00edtimo y absolutamente legal<span>\u00a0<\/span><span class=\"text_exposed_show\">proceder del prior frente al intento gubernamental de profanaci\u00f3n de las tumbas de Francisco Franco y Jos\u00e9 Antonio Primo de Rivera, y de los casi 40.000 espa\u00f1oles de ambos bandos, ca\u00eddos en la guerra civil y cuya custodia tiene encomendadas la comunidad Benedictina que \u00e9l dirige.<\/span><\/p>\n<div class=\"text_exposed_show\">\n<p>El gobierno y sus medios de difusi\u00f3n afines llevan meses mintiendo sobre todas las circunstancias que rodean dichos enterramientos, sobre las actuaciones leg\u00edtimas y legales de la abad\u00eda y dem\u00e1s entidades que son parte personada, como lo es \u00e9sta ADVC, en la defensa de los derechos que en derecho les amparan y asisten, pero que tambi\u00e9n les obligan a defender el Valle de los Ca\u00eddos frente a sus enemigos.<\/p>\n<p>La \u00fanica raz\u00f3n de fondo que mueve al gobierno del Sr. S\u00e1nchez a insistir en incumplir leyes nacionales y acuerdos internacionales, retorciendo procedimientos parlamentarios y usando ileg\u00edtimamente herramientas jur\u00eddicas del poder pol\u00edtico es el profundo sectarismo ideol\u00f3gico y el \u00e1nimo de revancha contra personas ya fallecidas y contra todo aquello que representa al Catolicismo al que \u00e9stas defendieron de los padres ideol\u00f3gicos del actual gobierno.<\/p>\n<p>La Asociaci\u00f3n para la Defensa del Valle de los Ca\u00eddos, como por otra parte viene haciendo desde su fundaci\u00f3n hace ahora 10 a\u00f1os, cumplir\u00e1 fielmente los objetivos que le marcan sus estatutos y para ello siempre asistir\u00e1 de modo incondicional y rotundo, a la comunidad Benedictina verdaderos garantes de la protecci\u00f3n de la integridad material y espiritual del sagrado lugar de reconciliaci\u00f3n, paz y oraci\u00f3n que es el Valle de los Ca\u00eddos.<\/p>\n<p>Madrid, 4 de enero de 2019<\/p>\n<\/div>\n","protected":false},"excerpt":{"rendered":"<p>La Asociaci\u00f3n para la Defensa del Valle de los Ca\u00eddos desea expresar su apoyo incondicional y absoluto al prior del Valle de los Ca\u00eddos, padre Santiago Cantera Montenegro OSB, ante el sistem\u00e1tico, continuo e ileg\u00edtimo ataque que sufre por parte del gobierno del DOCTOR Pedro S\u00e1nchez. Este ataque se basa [&hellip;]<\/p>\n","protected":false},"author":1,"featured_media":0,"comment_status":"open","ping_status":"open","sticky":false,"template":"","format":"standard","meta":[],"categories":[4],"tags":[],"yoast_head":"<!-- This site is optimized with the Yoast SEO plugin v18.6 - https:\/\/yoast.com\/wordpress\/plugins\/seo\/ -->\n<title>COMUNICADO DE LA ASOCIACI\u00d3N PARA LA DEFENSA DEL VALLE DE LOS CA\u00cdDOS - ADVC<\/title>\n<meta name=\"robots\" content=\"index, follow, max-snippet:-1, max-image-preview:large, max-video-preview:-1\" \/>\n<link rel=\"canonical\" href=\"https:\/\/www.elvalledeloscaidos.es\/portal\/?p=5519\" \/>\n<meta property=\"og:locale\" content=\"es_ES\" \/>\n<meta property=\"og:type\" content=\"article\" \/>\n<meta property=\"og:title\" content=\"COMUNICADO DE LA ASOCIACI\u00d3N PARA LA DEFENSA DEL VALLE DE LOS CA\u00cdDOS - ADVC\" \/>\n<meta property=\"og:description\" content=\"La Asociaci\u00f3n para la Defensa del Valle de los Ca\u00eddos desea expresar su apoyo incondicional y absoluto al prior del Valle de los Ca\u00eddos, padre Santiago Cantera Montenegro OSB, ante el sistem\u00e1tico, continuo e ileg\u00edtimo ataque que sufre por parte del gobierno del DOCTOR Pedro S\u00e1nchez. Este ataque se basa [&hellip;]\" \/>\n<meta property=\"og:url\" content=\"https:\/\/www.elvalledeloscaidos.es\/portal\/?p=5519\" \/>\n<meta property=\"og:site_name\" content=\"ADVC\" \/>\n<meta property=\"article:published_time\" content=\"2019-01-04T14:38:03+00:00\" \/>\n<meta name=\"twitter:card\" content=\"summary_large_image\" \/>\n<meta name=\"twitter:label1\" content=\"Escrito por\" \/>\n\t<meta name=\"twitter:data1\" content=\"linares\" \/>\n\t<meta name=\"twitter:label2\" content=\"Tiempo de lectura\" \/>\n\t<meta name=\"twitter:data2\" content=\"2 minutos\" \/>\n<script type=\"application\/ld+json\" class=\"yoast-schema-graph\">{\"@context\":\"https:\/\/schema.org\",\"@graph\":[{\"@type\":\"WebSite\",\"@id\":\"https:\/\/www.elvalledeloscaidos.es\/portal\/#website\",\"url\":\"https:\/\/www.elvalledeloscaidos.es\/portal\/\",\"name\":\"ADVC\",\"description\":\"Asociaci\u00f3n Para la Defensa del Valle de los Ca\u00eddos\",\"potentialAction\":[{\"@type\":\"SearchAction\",\"target\":{\"@type\":\"EntryPoint\",\"urlTemplate\":\"https:\/\/www.elvalledeloscaidos.es\/portal\/?s={search_term_string}\"},\"query-input\":\"required name=search_term_string\"}],\"inLanguage\":\"es\"},{\"@type\":\"WebPage\",\"@id\":\"https:\/\/www.elvalledeloscaidos.es\/portal\/?p=5519#webpage\",\"url\":\"https:\/\/www.elvalledeloscaidos.es\/portal\/?p=5519\",\"name\":\"COMUNICADO DE LA ASOCIACI\u00d3N PARA LA DEFENSA DEL VALLE DE LOS CA\u00cdDOS - ADVC\",\"isPartOf\":{\"@id\":\"https:\/\/www.elvalledeloscaidos.es\/portal\/#website\"},\"datePublished\":\"2019-01-04T14:38:03+00:00\",\"dateModified\":\"2019-01-04T14:38:03+00:00\",\"author\":{\"@id\":\"https:\/\/www.elvalledeloscaidos.es\/portal\/#\/schema\/person\/36b3894dc4f1eb332b7fc369aed7eb58\"},\"breadcrumb\":{\"@id\":\"https:\/\/www.elvalledeloscaidos.es\/portal\/?p=5519#breadcrumb\"},\"inLanguage\":\"es\",\"potentialAction\":[{\"@type\":\"ReadAction\",\"target\":[\"https:\/\/www.elvalledeloscaidos.es\/portal\/?p=5519\"]}]},{\"@type\":\"BreadcrumbList\",\"@id\":\"https:\/\/www.elvalledeloscaidos.es\/portal\/?p=5519#breadcrumb\",\"itemListElement\":[{\"@type\":\"ListItem\",\"position\":1,\"name\":\"Portada\",\"item\":\"https:\/\/www.elvalledeloscaidos.es\/portal\"},{\"@type\":\"ListItem\",\"position\":2,\"name\":\"COMUNICADO DE LA ASOCIACI\u00d3N PARA LA DEFENSA DEL VALLE DE LOS CA\u00cdDOS\"}]},{\"@type\":\"Person\",\"@id\":\"https:\/\/www.elvalledeloscaidos.es\/portal\/#\/schema\/person\/36b3894dc4f1eb332b7fc369aed7eb58\",\"name\":\"linares\",\"image\":{\"@type\":\"ImageObject\",\"@id\":\"https:\/\/www.elvalledeloscaidos.es\/portal\/#personlogo\",\"inLanguage\":\"es\",\"url\":\"https:\/\/secure.gravatar.com\/avatar\/0b6f3a427655ac169c9155e538724b76?s=96&d=mm&r=g\",\"contentUrl\":\"https:\/\/secure.gravatar.com\/avatar\/0b6f3a427655ac169c9155e538724b76?s=96&d=mm&r=g\",\"caption\":\"linares\"},\"url\":\"https:\/\/www.elvalledeloscaidos.es\/portal\/?author=1\"}]}<\/script>\n<!-- \/ Yoast SEO plugin. -->","yoast_head_json":{"title":"COMUNICADO DE LA ASOCIACI\u00d3N PARA LA DEFENSA DEL VALLE DE LOS CA\u00cdDOS - ADVC","robots":{"index":"index","follow":"follow","max-snippet":"max-snippet:-1","max-image-preview":"max-image-preview:large","max-video-preview":"max-video-preview:-1"},"canonical":"https:\/\/www.elvalledeloscaidos.es\/portal\/?p=5519","og_locale":"es_ES","og_type":"article","og_title":"COMUNICADO DE LA ASOCIACI\u00d3N PARA LA DEFENSA DEL VALLE DE LOS CA\u00cdDOS - ADVC","og_description":"La Asociaci\u00f3n para la Defensa del Valle de los Ca\u00eddos desea expresar su apoyo incondicional y absoluto al prior del Valle de los Ca\u00eddos, padre Santiago Cantera Montenegro OSB, ante el sistem\u00e1tico, continuo e ileg\u00edtimo ataque que sufre por parte del gobierno del DOCTOR Pedro S\u00e1nchez. Este ataque se basa [&hellip;]","og_url":"https:\/\/www.elvalledeloscaidos.es\/portal\/?p=5519","og_site_name":"ADVC","article_published_time":"2019-01-04T14:38:03+00:00","twitter_card":"summary_large_image","twitter_misc":{"Escrito por":"linares","Tiempo de lectura":"2 minutos"},"schema":{"@context":"https:\/\/schema.org","@graph":[{"@type":"WebSite","@id":"https:\/\/www.elvalledeloscaidos.es\/portal\/#website","url":"https:\/\/www.elvalledeloscaidos.es\/portal\/","name":"ADVC","description":"Asociaci\u00f3n Para la Defensa del Valle de los Ca\u00eddos","potentialAction":[{"@type":"SearchAction","target":{"@type":"EntryPoint","urlTemplate":"https:\/\/www.elvalledeloscaidos.es\/portal\/?s={search_term_string}"},"query-input":"required name=search_term_string"}],"inLanguage":"es"},{"@type":"WebPage","@id":"https:\/\/www.elvalledeloscaidos.es\/portal\/?p=5519#webpage","url":"https:\/\/www.elvalledeloscaidos.es\/portal\/?p=5519","name":"COMUNICADO DE LA ASOCIACI\u00d3N PARA LA DEFENSA DEL VALLE DE LOS CA\u00cdDOS - ADVC","isPartOf":{"@id":"https:\/\/www.elvalledeloscaidos.es\/portal\/#website"},"datePublished":"2019-01-04T14:38:03+00:00","dateModified":"2019-01-04T14:38:03+00:00","author":{"@id":"https:\/\/www.elvalledeloscaidos.es\/portal\/#\/schema\/person\/36b3894dc4f1eb332b7fc369aed7eb58"},"breadcrumb":{"@id":"https:\/\/www.elvalledeloscaidos.es\/portal\/?p=5519#breadcrumb"},"inLanguage":"es","potentialAction":[{"@type":"ReadAction","target":["https:\/\/www.elvalledeloscaidos.es\/portal\/?p=5519"]}]},{"@type":"BreadcrumbList","@id":"https:\/\/www.elvalledeloscaidos.es\/portal\/?p=5519#breadcrumb","itemListElement":[{"@type":"ListItem","position":1,"name":"Portada","item":"https:\/\/www.elvalledeloscaidos.es\/portal"},{"@type":"ListItem","position":2,"name":"COMUNICADO DE LA ASOCIACI\u00d3N PARA LA DEFENSA DEL VALLE DE LOS CA\u00cdDOS"}]},{"@type":"Person","@id":"https:\/\/www.elvalledeloscaidos.es\/portal\/#\/schema\/person\/36b3894dc4f1eb332b7fc369aed7eb58","name":"linares","image":{"@type":"ImageObject","@id":"https:\/\/www.elvalledeloscaidos.es\/portal\/#personlogo","inLanguage":"es","url":"https:\/\/secure.gravatar.com\/avatar\/0b6f3a427655ac169c9155e538724b76?s=96&d=mm&r=g","contentUrl":"https:\/\/secure.gravatar.com\/avatar\/0b6f3a427655ac169c9155e538724b76?s=96&d=mm&r=g","caption":"linares"},"url":"https:\/\/www.elvalledeloscaidos.es\/portal\/?author=1"}]}},"_links":{"self":[{"href":"https:\/\/www.elvalledeloscaidos.es\/portal\/index.php?rest_route=\/wp\/v2\/posts\/5519"}],"collection":[{"href":"https:\/\/www.elvalledeloscaidos.es\/portal\/index.php?rest_route=\/wp\/v2\/posts"}],"about":[{"href":"https:\/\/www.elvalledeloscaidos.es\/portal\/index.php?rest_route=\/wp\/v2\/types\/post"}],"author":[{"embeddable":true,"href":"https:\/\/www.elvalledeloscaidos.es\/portal\/index.php?rest_route=\/wp\/v2\/users\/1"}],"replies":[{"embeddable":true,"href":"https:\/\/www.elvalledeloscaidos.es\/portal\/index.php?rest_route=%2Fwp%2Fv2%2Fcomments&post=5519"}],"version-history":[{"count":1,"href":"https:\/\/www.elvalledeloscaidos.es\/portal\/index.php?rest_route=\/wp\/v2\/posts\/5519\/revisions"}],"predecessor-version":[{"id":5520,"href":"https:\/\/www.elvalledeloscaidos.es\/portal\/index.php?rest_route=\/wp\/v2\/posts\/5519\/revisions\/5520"}],"wp:attachment":[{"href":"https:\/\/www.elvalledeloscaidos.es\/portal\/index.php?rest_route=%2Fwp%2Fv2%2Fmedia&parent=5519"}],"wp:term":[{"taxonomy":"category","embeddable":true,"href":"https:\/\/www.elvalledeloscaidos.es\/portal\/index.php?rest_route=%2Fwp%2Fv2%2Fcategories&post=5519"},{"taxonomy":"post_tag","embeddable":true,"href":"https:\/\/www.elvalledeloscaidos.es\/portal\/index.php?rest_route=%2Fwp%2Fv2%2Ftags&post=5519"}],"curies":[{"name":"wp","href":"https:\/\/api.w.org\/{rel}","templated":true}]}}