{"id":5572,"date":"2021-04-08T18:44:53","date_gmt":"2021-04-08T17:44:53","guid":{"rendered":"https:\/\/www.elvalledeloscaidos.es\/portal\/?p=5572"},"modified":"2021-04-09T14:24:56","modified_gmt":"2021-04-09T13:24:56","slug":"el-derecho-a-descansar-en-paz","status":"publish","type":"post","link":"https:\/\/www.elvalledeloscaidos.es\/portal\/?p=5572","title":{"rendered":"EL DERECHO A DESCANSAR EN PAZ"},"content":{"rendered":"\n<p>EL DERECHO A DESCANSAR EN PAZ<br><br>Recientemente hemos conocido que el Gobierno del Reino de Espa\u00f1a ha suscrito un contrato de 18.000 euros con la Universidad de Barcelona para la recopilaci\u00f3n de informaci\u00f3n sobre las personas que se encuentran enterradas en el Valle de los Ca\u00eddos cuyos familiares pretender recuperar sus restos de los osarios de la Bas\u00edlica del Valle de los Ca\u00eddos. Los medios de comunicaci\u00f3n que se han hecho eco de la noticia aseguran que se trata de un \u201cproceso previo a la futura exhumaci\u00f3n de los cuerpos\u201d<br><br>La pol\u00e9mica suscitada con las intenciones de algunas familias de proceder a la exhumaci\u00f3n de los restos cadav\u00e9ricos de sus familiares fallecidos en la guerra civil espa\u00f1ola y que <em><u>presuponen <\/u><\/em>que se encuentran en el Valle de los Ca\u00eddos viene de lejos. Concretamente de 2016 cuando un juez interino de San Lorenzo de El Escorial emiti\u00f3 un auto (112\/2016) en el que:<br><br>&nbsp;<em>\u201cse reconoce el derecho a la digna sepultura de D. Manuel Lape\u00f1a Altab\u00e1s y D. Ramiro Lape\u00f1a Altab\u00e1s, una vez se ha determinado que existe una alta probabilidad de que sus restos cadav\u00e9ricos se encuentran en el Valle\u201d.<br><br><\/em>No puede existir afirmaci\u00f3n m\u00e1s contraria a la verdad y tan temeraria al mismo tiempo por mucho que se trate de un auto judicial.<\/p>\n\n\n\n<p>Los dos hermanos Lape\u00f1a Altab\u00e1s, nacidos en 1892 y 1897 pertenec\u00edan en 1936 a la C.N.T. Presuntamente fueron fusilados por tropas nacionales, uno, Manuel en el denominado barranco de \u201cLa Bartolina\u201d, a las afueras de Calatayud y Antonio Ramiro junto a las tapias del cementerio municipal de Calatayud. Los dos hermanos murieron a varios kil\u00f3metros de distancia uno del otro y con varios meses de diferencia.<br><br>Nos situamos ahora a abril de 1959. El d\u00eda 8 de ese mes fueron inhumados en el osario sito en el tercer piso de la capilla del Santo Sepulcro 9 cajas colectivas, que procedentes de Calatayud, conten\u00edan un total de 81 restos cadav\u00e9ricos NO IDENTIFICADOS. Por esto, la documentaci\u00f3n que acompa\u00f1aba la expedici\u00f3n con las cajas no inclu\u00eda a los dos hermanos Lape\u00f1a, ni a ning\u00fan otro.<br><br>Volvemos a nuestros d\u00edas y volvemos al Barranco de la Bartolina. Seg\u00fan public\u00f3 la asociaci\u00f3n memorialista, \u201cArico Memoria Aragonesa\u201d en su p\u00e1gina web oficial el 2 de agosto de 2009, el n\u00famero de cuerpos que se podr\u00edan encontrar en el Barranco de la Bartolina \u201cpodr\u00edan llegar hasta los 2700\u201d. Uno de los responsables esta asociaci\u00f3n \u201cmemorialista\u201d, una de las m\u00e1s subvencionadas de Espa\u00f1a y ese list\u00f3n es un list\u00f3n muy alto, reconoci\u00f3 que, \u201cLa gente mayor recuerda que cuando hab\u00eda riadas el agua arrastraba huesos\u201d, asegur\u00f3.<br><br>La misma asociaci\u00f3n, en declaraciones a \u201cEl peri\u00f3dico de Arag\u00f3n\u201d reconoc\u00eda dos a\u00f1os m\u00e1s tarde, 12 de abril de 2011 que no hab\u00edan encontrado <em>\u201cni un solo resto de los aproximadamente 2700 restos que se calcula pod\u00edan estar enterrados all\u00ed\u201d <\/em>y pon\u00edan de manifiesto sus sospechas ante el movimiento de 200.000 metros c\u00fabicos de tierra del Barranco para proceder al sellado del vertedero de Calatayud, <em>\u201cllev\u00e1ndose gran cantidad de los restos, si no todos\u201d<br><br><\/em><\/p>\n\n\n\n<p>Teniendo en cuenta esto y volviendo a los que nos preocupa -el Valle- no podemos dejar de formular varias preguntas:<br><br>-\u00bfPor qu\u00e9 tiene Purificaci\u00f3n Lape\u00f1a Garrido, peticionaria de la exhumaci\u00f3n de los dos hermanos Lape\u00f1a (su abuelo y t\u00edo abuelo) del Valle de los Ca\u00eddos la determinante seguridad que los restos de sus dos antepasados se encuentran en el Valle de los Ca\u00eddos, donde NO se encuentra de modo alguno acreditada tal presencia. Como ya hemos visto, los dos anarquistas murieron con varios meses de diferencia y a varios kil\u00f3metros de distancia uno del otro, y por tanto no compartieron, en ning\u00fan momento, lugar de enterramiento.<br><br>Suponiendo que hipot\u00e9ticamente acept\u00e1ramos lo anterior:<\/p>\n\n\n\n<p>Si la peticionaria y ARICO Memoria Aragonesa reconocen que en la zona de la Bartolina pudo haber restos de hasta 2.700 ejecutados,<br><br>&#8211; \u00bfPor qu\u00e9 no podr\u00edan estar entre ellos los de los hermanos Lape\u00f1a? \u00bfQu\u00e9 hace pensar que no est\u00e9n entre esos 2.700, y que presuntamente fueron removidos en los movimientos de tierras del lugar en 1999 para el sellado del vertedero, sino precisamente entre los 81 que llegaron al Valle de los Ca\u00eddos en 1959? Faltando datos concluyentes en un sentido o en otro, \u00bfno ser\u00eda m\u00e1s razonable pensar que est\u00e9n entre los 2.700 de la Bartolina que entre los 81 del Valle?<br><br>INVIABILIDAD DE EXHUMACI\u00d3N<\/p>\n\n\n\n<p>Una vez m\u00e1s vamos a ser generosos y vamos a creer, solo por un momento y \u00fanicamente para poner al lector en situaci\u00f3n, que los dos hermanos llegaron juntos al Valle en 1959 entre los 81 restos procedentes de Calatayud. Las 9 cajas colectivas que conten\u00edan los restos de esos 81 \u201cdesconocidos\u201d fueron numeradas del 2061 al 2069 en los registros oficiales de columbarios del Valle y fueron depositadas en el osario sito en el tercer piso de la Capilla del Santo Sepulcro, <em>\u201cCripta Derecha\u201d <\/em>como se le cita en los libros de registros, el 8 de abril de 1959.<br>Recordemos que los restos de los ca\u00eddos que llegaban de todas las provincias de Espa\u00f1a se iban depositando en los osarios construidos para tal cometido a medida que ingresaban en la Bas\u00edlica y eran convenientemente contabilizados en los libros de registro. El primer ca\u00eddo que fue inhumado en la bas\u00edlica fue Jos\u00e9 Hern\u00e1ndez Molina, inscrito con el numero 2, (el 1 se reserv\u00f3 para Jos\u00e9 Antonio Primo de Rivera). Sus restos proced\u00edan del cementerio de la Almudena de Madrid, todav\u00eda conocido entonces como \u201cCementerio del Este\u201d. Su caja fue depositada en el primer piso de la Cripta derecha. Era el 17 de marzo de 1959.<br><br>A medida que los osarios iban llen\u00e1ndose de columbarios, estos se cerraban, se sellaban y se pasaba al inmediato superior. De este modo el primer piso se cerr\u00f3 el 26 de marzo conteniendo un total de 4283 ca\u00eddos en su interior. El mismo d\u00eda 26 de marzo, siempre de 1959, se procedi\u00f3 a la apertura del segundo piso. El primer columbario que se deposit\u00f3 en este osario fue el perteneciente a Gin\u00e9s Serrano Mart\u00ednez, procedente del cementerio de Arganda del Rey, Madrid. Fue el mismo 26 de marzo de 1959. El ultimo columbario que se deposit\u00f3 en este osario fue el numero 1612 que conten\u00eda los restos de 12 ca\u00eddos procedentes de Pe\u00f1amellera Baja (Oviedo). Fueron 3848 los ca\u00eddos que recibieron sepultura en este osario desde el 26 al 30 de marzo de 1959.<br><br>Se procedi\u00f3 a la apertura del osario perteneciente al tercer piso de la misma Cripta \u201cderecha\u201d. Desde el d\u00eda de la apertura del osario (30 de marzo) y hasta que fueron depositados en el mismo las 9 cajas colectivas con los restos procedentes de Calatayud (8 de abril), fueron 1329 los restos que se depositaron en el osario que nos ocupa, procedentes en su mayor\u00eda de Teruel, Asturias, Granada y Zaragoza capital. Posteriormente, y ya con los 81 de Calatayud en el osario, a\u00fan fueron 1780 los restos que tuvieron cabida en el osario y que se iban depositando a modo de \u201cpared de cajas\u201d fila tras fila desde el fondo hasta la entrada del osario. Esto quiere decir, lisa y llanamente, que para acceder a las cajas que contienen los 81 restos habr\u00eda que profanar los restos de al menos 1780 ca\u00eddos, sac\u00e1ndolos de su ubicaci\u00f3n a saber en que condiciones de seguridad y respeto, m\u00e1xime cuando nunca se ha podido peritar el estado de integridad de esos columbarios ante lo inaccesible de su ubicaci\u00f3n.<br><br>Para terminar recurro al texto del auto del juez de San Lorenzo de El Escorial antes citado en el que se advierte que:<\/p>\n\n\n\n<p><em>\u201cEl derecho reconocido no es ilimitado, ya que la situaci\u00f3n en la que parece encontrarse el cementerio del Valle de los Ca\u00eddos determina que las medidas que deben ser adoptadas sean proporcionales, sin perjuicio de respetar el derecho reconocido a la digna sepultura de los familiares de la solicitante, de forma qu\u00e9 se permita realizar todas las acciones necesarias para la entrega de restos, adecuadas a la referida proporcionalidad.<br><br><\/em><\/p>\n\n\n\n<p><em>Adem\u00e1s, en todo momento debe garantizarse la integridad de los restos cadav\u00e9ricos tanto en las pruebas, traslados, etc., el respeto a la memoria de los difuntos del propio cementerio, el respeto a la consideraci\u00f3n debida a la Bas\u00edlica donde se encuentran depositados\u201d<\/em><\/p>\n\n\n\n<p>Por \u00faltimo, recordar, que la Asociaci\u00f3n Para la Defensa del Valle de los Ca\u00eddos present\u00f3 en su d\u00eda, tanto a Patrimonio Nacional como a la Abad\u00eda Benedictina del Valle de los Ca\u00eddos un numero m\u00e1s que significativo de escritos de familiares de ca\u00eddos que se encuentran inhumados en este y en la totalidad de osarios del Valle, prohibiendo cualquier actuaci\u00f3n, exhumaci\u00f3n y desde luego sometimiento a pruebas de identificaci\u00f3n forense por ADN a los restos de sus deudos.<br><br>La Asociaci\u00f3n Para la Defensa del Valle de los Ca\u00eddos recurrir\u00e1 a cuantos estamentos judiciales sea necesario, espa\u00f1oles e internacionales, para garantizar el descanso al que, sin duda, tienen derecho los ca\u00eddos (de uno y otro bando) cuyos familiares representamos y que viven esta situaci\u00f3n con especial desasosiego.<\/p>\n","protected":false},"excerpt":{"rendered":"<p>EL DERECHO A DESCANSAR EN PAZ Recientemente hemos conocido que el Gobierno del Reino de Espa\u00f1a ha suscrito un contrato de 18.000 euros con la Universidad de Barcelona para la recopilaci\u00f3n de informaci\u00f3n sobre las personas que se encuentran enterradas en el Valle de los Ca\u00eddos cuyos familiares pretender recuperar [&hellip;]<\/p>\n","protected":false},"author":3,"featured_media":0,"comment_status":"open","ping_status":"open","sticky":false,"template":"","format":"standard","meta":[],"categories":[4],"tags":[],"yoast_head":"<!-- This site is optimized with the Yoast SEO plugin v18.6 - https:\/\/yoast.com\/wordpress\/plugins\/seo\/ -->\n<title>EL DERECHO A DESCANSAR EN PAZ - ADVC<\/title>\n<meta name=\"robots\" content=\"index, follow, max-snippet:-1, max-image-preview:large, max-video-preview:-1\" \/>\n<link rel=\"canonical\" href=\"https:\/\/www.elvalledeloscaidos.es\/portal\/?p=5572\" \/>\n<meta property=\"og:locale\" content=\"es_ES\" \/>\n<meta property=\"og:type\" content=\"article\" \/>\n<meta property=\"og:title\" content=\"EL DERECHO A DESCANSAR EN PAZ - ADVC\" \/>\n<meta property=\"og:description\" content=\"EL DERECHO A DESCANSAR EN PAZ Recientemente hemos conocido que el Gobierno del Reino de Espa\u00f1a ha suscrito un contrato de 18.000 euros con la Universidad de Barcelona para la recopilaci\u00f3n de informaci\u00f3n sobre las personas que se encuentran enterradas en el Valle de los Ca\u00eddos cuyos familiares pretender recuperar [&hellip;]\" \/>\n<meta property=\"og:url\" content=\"https:\/\/www.elvalledeloscaidos.es\/portal\/?p=5572\" \/>\n<meta property=\"og:site_name\" content=\"ADVC\" \/>\n<meta property=\"article:published_time\" content=\"2021-04-08T17:44:53+00:00\" \/>\n<meta property=\"article:modified_time\" content=\"2021-04-09T13:24:56+00:00\" \/>\n<meta name=\"twitter:card\" content=\"summary_large_image\" \/>\n<meta name=\"twitter:label1\" content=\"Escrito por\" \/>\n\t<meta name=\"twitter:data1\" content=\"Redaccion\" \/>\n\t<meta name=\"twitter:label2\" content=\"Tiempo de lectura\" \/>\n\t<meta name=\"twitter:data2\" content=\"8 minutos\" \/>\n<script type=\"application\/ld+json\" class=\"yoast-schema-graph\">{\"@context\":\"https:\/\/schema.org\",\"@graph\":[{\"@type\":\"WebSite\",\"@id\":\"https:\/\/www.elvalledeloscaidos.es\/portal\/#website\",\"url\":\"https:\/\/www.elvalledeloscaidos.es\/portal\/\",\"name\":\"ADVC\",\"description\":\"Asociaci\u00f3n Para la Defensa del Valle de los Ca\u00eddos\",\"potentialAction\":[{\"@type\":\"SearchAction\",\"target\":{\"@type\":\"EntryPoint\",\"urlTemplate\":\"https:\/\/www.elvalledeloscaidos.es\/portal\/?s={search_term_string}\"},\"query-input\":\"required name=search_term_string\"}],\"inLanguage\":\"es\"},{\"@type\":\"WebPage\",\"@id\":\"https:\/\/www.elvalledeloscaidos.es\/portal\/?p=5572#webpage\",\"url\":\"https:\/\/www.elvalledeloscaidos.es\/portal\/?p=5572\",\"name\":\"EL DERECHO A DESCANSAR EN PAZ - ADVC\",\"isPartOf\":{\"@id\":\"https:\/\/www.elvalledeloscaidos.es\/portal\/#website\"},\"datePublished\":\"2021-04-08T17:44:53+00:00\",\"dateModified\":\"2021-04-09T13:24:56+00:00\",\"author\":{\"@id\":\"https:\/\/www.elvalledeloscaidos.es\/portal\/#\/schema\/person\/b4711176f6b283a7b25ff137a7e34a40\"},\"breadcrumb\":{\"@id\":\"https:\/\/www.elvalledeloscaidos.es\/portal\/?p=5572#breadcrumb\"},\"inLanguage\":\"es\",\"potentialAction\":[{\"@type\":\"ReadAction\",\"target\":[\"https:\/\/www.elvalledeloscaidos.es\/portal\/?p=5572\"]}]},{\"@type\":\"BreadcrumbList\",\"@id\":\"https:\/\/www.elvalledeloscaidos.es\/portal\/?p=5572#breadcrumb\",\"itemListElement\":[{\"@type\":\"ListItem\",\"position\":1,\"name\":\"Portada\",\"item\":\"https:\/\/www.elvalledeloscaidos.es\/portal\"},{\"@type\":\"ListItem\",\"position\":2,\"name\":\"EL DERECHO A DESCANSAR EN PAZ\"}]},{\"@type\":\"Person\",\"@id\":\"https:\/\/www.elvalledeloscaidos.es\/portal\/#\/schema\/person\/b4711176f6b283a7b25ff137a7e34a40\",\"name\":\"Redaccion\",\"image\":{\"@type\":\"ImageObject\",\"@id\":\"https:\/\/www.elvalledeloscaidos.es\/portal\/#personlogo\",\"inLanguage\":\"es\",\"url\":\"https:\/\/secure.gravatar.com\/avatar\/43c3c16f338b78edeffdbd22a8090c53?s=96&d=mm&r=g\",\"contentUrl\":\"https:\/\/secure.gravatar.com\/avatar\/43c3c16f338b78edeffdbd22a8090c53?s=96&d=mm&r=g\",\"caption\":\"Redaccion\"},\"url\":\"https:\/\/www.elvalledeloscaidos.es\/portal\/?author=3\"}]}<\/script>\n<!-- \/ Yoast SEO plugin. -->","yoast_head_json":{"title":"EL DERECHO A DESCANSAR EN PAZ - ADVC","robots":{"index":"index","follow":"follow","max-snippet":"max-snippet:-1","max-image-preview":"max-image-preview:large","max-video-preview":"max-video-preview:-1"},"canonical":"https:\/\/www.elvalledeloscaidos.es\/portal\/?p=5572","og_locale":"es_ES","og_type":"article","og_title":"EL DERECHO A DESCANSAR EN PAZ - ADVC","og_description":"EL DERECHO A DESCANSAR EN PAZ Recientemente hemos conocido que el Gobierno del Reino de Espa\u00f1a ha suscrito un contrato de 18.000 euros con la Universidad de Barcelona para la recopilaci\u00f3n de informaci\u00f3n sobre las personas que se encuentran enterradas en el Valle de los Ca\u00eddos cuyos familiares pretender recuperar [&hellip;]","og_url":"https:\/\/www.elvalledeloscaidos.es\/portal\/?p=5572","og_site_name":"ADVC","article_published_time":"2021-04-08T17:44:53+00:00","article_modified_time":"2021-04-09T13:24:56+00:00","twitter_card":"summary_large_image","twitter_misc":{"Escrito por":"Redaccion","Tiempo de lectura":"8 minutos"},"schema":{"@context":"https:\/\/schema.org","@graph":[{"@type":"WebSite","@id":"https:\/\/www.elvalledeloscaidos.es\/portal\/#website","url":"https:\/\/www.elvalledeloscaidos.es\/portal\/","name":"ADVC","description":"Asociaci\u00f3n Para la Defensa del Valle de los Ca\u00eddos","potentialAction":[{"@type":"SearchAction","target":{"@type":"EntryPoint","urlTemplate":"https:\/\/www.elvalledeloscaidos.es\/portal\/?s={search_term_string}"},"query-input":"required name=search_term_string"}],"inLanguage":"es"},{"@type":"WebPage","@id":"https:\/\/www.elvalledeloscaidos.es\/portal\/?p=5572#webpage","url":"https:\/\/www.elvalledeloscaidos.es\/portal\/?p=5572","name":"EL DERECHO A DESCANSAR EN PAZ - ADVC","isPartOf":{"@id":"https:\/\/www.elvalledeloscaidos.es\/portal\/#website"},"datePublished":"2021-04-08T17:44:53+00:00","dateModified":"2021-04-09T13:24:56+00:00","author":{"@id":"https:\/\/www.elvalledeloscaidos.es\/portal\/#\/schema\/person\/b4711176f6b283a7b25ff137a7e34a40"},"breadcrumb":{"@id":"https:\/\/www.elvalledeloscaidos.es\/portal\/?p=5572#breadcrumb"},"inLanguage":"es","potentialAction":[{"@type":"ReadAction","target":["https:\/\/www.elvalledeloscaidos.es\/portal\/?p=5572"]}]},{"@type":"BreadcrumbList","@id":"https:\/\/www.elvalledeloscaidos.es\/portal\/?p=5572#breadcrumb","itemListElement":[{"@type":"ListItem","position":1,"name":"Portada","item":"https:\/\/www.elvalledeloscaidos.es\/portal"},{"@type":"ListItem","position":2,"name":"EL DERECHO A DESCANSAR EN PAZ"}]},{"@type":"Person","@id":"https:\/\/www.elvalledeloscaidos.es\/portal\/#\/schema\/person\/b4711176f6b283a7b25ff137a7e34a40","name":"Redaccion","image":{"@type":"ImageObject","@id":"https:\/\/www.elvalledeloscaidos.es\/portal\/#personlogo","inLanguage":"es","url":"https:\/\/secure.gravatar.com\/avatar\/43c3c16f338b78edeffdbd22a8090c53?s=96&d=mm&r=g","contentUrl":"https:\/\/secure.gravatar.com\/avatar\/43c3c16f338b78edeffdbd22a8090c53?s=96&d=mm&r=g","caption":"Redaccion"},"url":"https:\/\/www.elvalledeloscaidos.es\/portal\/?author=3"}]}},"_links":{"self":[{"href":"https:\/\/www.elvalledeloscaidos.es\/portal\/index.php?rest_route=\/wp\/v2\/posts\/5572"}],"collection":[{"href":"https:\/\/www.elvalledeloscaidos.es\/portal\/index.php?rest_route=\/wp\/v2\/posts"}],"about":[{"href":"https:\/\/www.elvalledeloscaidos.es\/portal\/index.php?rest_route=\/wp\/v2\/types\/post"}],"author":[{"embeddable":true,"href":"https:\/\/www.elvalledeloscaidos.es\/portal\/index.php?rest_route=\/wp\/v2\/users\/3"}],"replies":[{"embeddable":true,"href":"https:\/\/www.elvalledeloscaidos.es\/portal\/index.php?rest_route=%2Fwp%2Fv2%2Fcomments&post=5572"}],"version-history":[{"count":1,"href":"https:\/\/www.elvalledeloscaidos.es\/portal\/index.php?rest_route=\/wp\/v2\/posts\/5572\/revisions"}],"predecessor-version":[{"id":5573,"href":"https:\/\/www.elvalledeloscaidos.es\/portal\/index.php?rest_route=\/wp\/v2\/posts\/5572\/revisions\/5573"}],"wp:attachment":[{"href":"https:\/\/www.elvalledeloscaidos.es\/portal\/index.php?rest_route=%2Fwp%2Fv2%2Fmedia&parent=5572"}],"wp:term":[{"taxonomy":"category","embeddable":true,"href":"https:\/\/www.elvalledeloscaidos.es\/portal\/index.php?rest_route=%2Fwp%2Fv2%2Fcategories&post=5572"},{"taxonomy":"post_tag","embeddable":true,"href":"https:\/\/www.elvalledeloscaidos.es\/portal\/index.php?rest_route=%2Fwp%2Fv2%2Ftags&post=5572"}],"curies":[{"name":"wp","href":"https:\/\/api.w.org\/{rel}","templated":true}]}}