{"id":5669,"date":"2025-12-01T00:34:18","date_gmt":"2025-11-30T23:34:18","guid":{"rendered":"https:\/\/www.elvalledeloscaidos.es\/portal\/?p=5669"},"modified":"2025-12-01T00:35:04","modified_gmt":"2025-11-30T23:35:04","slug":"dirgo-mendez-gonzalez-arquitecto","status":"publish","type":"post","link":"https:\/\/www.elvalledeloscaidos.es\/portal\/?p=5669","title":{"rendered":"DIEGO M\u00c9NDEZ GONZ\u00c1LEZ. DOCTOR ARQUITECTO"},"content":{"rendered":"\n<p><strong>M\u00e9ndez Gonz\u00e1lez, Diego.&nbsp;<\/strong>Madrid, 4.I.1906 \u2013 3.X.1987. Doctor arquitecto.<\/p>\n\n\n\n<p>Tras estudiar el bachillerato en el colegio de los marianistas del Pilar, en su ciudad natal, pas\u00f3 a la Escuela de Arquitectura, obteniendo la licenciatura en el a\u00f1o 1932. No fue doctor hasta 1965, cuando ya aportaba una muy importante obra. Alumno de Pedro Muguruza, la colaboraci\u00f3n con su maestro fue una constante. En el panorama de la arquitectura espa\u00f1ola del siglo XX, el tri\u00e1ngulo formado por Muguruza, M\u00e9ndez y Moya parece como algo indisoluble, absolutamente compatible con el trabajo de otros grandes profesionales. Contrajo matrimonio con Mercedes Atard, con quien tuvo cinco hijos, y, tras el par\u00e9ntesis de la Guerra Civil Espa\u00f1ola, el hacer profesional de M\u00e9ndez fue una carrera contra reloj; cerca de novecientas obras, algunas de ellas son de las que dejan huella, hasta el a\u00f1o 1975. No acept\u00f3 ser distinguido con el ingreso en instituciones que pudieran comprometer, o simplemente distraer, su labor profesional, pero s\u00ed el otorgamiento de condecoraciones con las que se reconoc\u00eda una labor desarrollada, pero que no compromet\u00eda el trabajo futuro. As\u00ed, a Diego M\u00e9ndez se le distingui\u00f3 con las Grandes Cruces de Alfonso X el Sabio y del M\u00e9rito Civil; Encomienda de Isabel la Cat\u00f3lica; comendador de San Gregorio Magno y de la Orden de \u00c1frica; y miembro de honor de la Confederaci\u00f3n de Arquitectos de Filipinas.<\/p>\n\n\n\n<p>Como arquitecto M\u00e9ndez trabaj\u00f3 en la Direcci\u00f3n General de Arquitectura, ya en el a\u00f1o 1940. En el mismo a\u00f1o fue nombrado consejero del Patrimonio Nacional y en 1942, consejero de Arquitectura de Patrimonio. En 1943 se hizo cargo de los servicios de Arquitectura de la Casa Civil del Jefe del Estado.<\/p>\n\n\n\n<p>En 1959, era nombrado jefe del Servicio de Obras del Patrimonio Nacional. Desde estos cargos, t\u00e9cnicos, que no administrativos, se responsabiliz\u00f3 de obras muy significativas, como la adaptaci\u00f3n del castillo de Vi\u00f1uelas como residencia provisional del jefe del Estado, y posteriormente del palacio de El Pardo, ya como residencia oficial. En el municipio de El Pardo, antes y despu\u00e9s de su anexi\u00f3n al Ayuntamiento de Madrid, la intervenci\u00f3n de M\u00e9ndez fue continua. Los palacios de La Quinta y de La Zarzuela, destrozados durante la Guerra Civil, fueron restaurados (casi reconstruidos), por M\u00e9ndez, cuya intervenci\u00f3n tambi\u00e9n tuvo lugar en la pr\u00e1ctica totalidad de los inmuebles del Patrimonio, seriamente da\u00f1ados en la contienda. En los Reales Sitios de La Granja, de Aranjuez o de El Escorial, as\u00ed como en los Reales Alc\u00e1zares sevillanos y en la casi totalidad de construcciones de Patronato Real (bas\u00edlica de Atocha; monasterios de las Huelgas, Burgos, y de Santa Clara, Tordesillas, Valladolid), la impronta de M\u00e9ndez les dio la estructura actual. Si Sachetti fue quien dise\u00f1\u00f3 el Palacio Real de Madrid, Diego M\u00e9ndez, coincidiendo con la necesaria restauraci\u00f3n despu\u00e9s de la Guerra Civil Espa\u00f1ola, fue quien le dot\u00f3 de los servicios \u2014servicios que nada ten\u00edan que ver con los previstos en el siglo XVIII\u2014, adem\u00e1s de una adaptaci\u00f3n arquitect\u00f3nica, coincidente con una necesaria rehabilitaci\u00f3n; lo cual no es, ciertamente, tarea f\u00e1cil si se es exigente en el resultado, como en todo momento lo fue M\u00e9ndez. Destacan participaciones suyas en la Presidencia de Gobierno, el Teatro de la \u00d3pera (en colaboraci\u00f3n con Luis Moya), la Direcci\u00f3n General del Instituto Geogr\u00e1fico y Catastral, y otras obras para las direcciones generales de Radiodifusi\u00f3n y de Plazas y Provincias Africanas, entre las que destacan la emblem\u00e1tica antena de Televisi\u00f3n Espa\u00f1ola en el paseo de La Habana madrile\u00f1o, y un amplio abanico de obras en Villa Cisneros, Bata, Sidi Ifni o en Aai\u00fan. Pero la obra cumbre de Diego M\u00e9ndez es la bas\u00edlica de Santa Mar\u00eda del Buen Aire y Monumento Nacional a los Ca\u00eddos, en Cuelgamuros. En este empe\u00f1o trabaj\u00f3 desde 1949 hasta su inauguraci\u00f3n en 1959.<\/p>\n\n\n\n<p>Obras de ~:&nbsp;<em>Bas\u00edlica y Monasterio del Valle de los Ca\u00eddos<\/em>, 1949-1959;&nbsp;<em>Antena de Televisi\u00f3n Espa\u00f1ola<\/em>, Paseo de La Habana, Madrid.<\/p>\n\n\n\n<p>Escritos:&nbsp;<em>El Valle de los Ca\u00eddos<\/em>, Madrid, Instituto T\u00e9cnico de la Construcci\u00f3n y el Cemento, Patronato Juan de la Cierva, 1959;&nbsp;<em>El Valle de los Ca\u00eddos. Idea, proyecto y construcci\u00f3n,&nbsp;<\/em>Madrid, Fundaci\u00f3n Nacional Francisco Franco, 1982.<\/p>\n\n\n\n<p>Bibl.: M. T. Fern\u00e1ndez Talaya,&nbsp;<em>El arquitecto Diego M\u00e9ndez<\/em>, texto de la conferencia pronunciada el 9 de enero de 2001, dentro del ciclo \u201cMadrile\u00f1os del Siglo XX\u201d, organizado por el Instituto de Estudios Madrile\u00f1os y el Ayuntamiento de Madrid, Madrid, 2001;&nbsp;<em>El actual Palacio de la Moncloa, sede de la Presidencia de Gobierno,&nbsp;<\/em>texto de la conferencia pronunciada el 11 de enero de 2001, dentro del ciclo \u201cEl Madrid de la guerra y la posguerra\u201d, organizado por el Instituto de Estudios Madrile\u00f1os y el Ayuntamiento de Madrid, Madrid, 2001.<\/p>\n\n\n\n<p>Luis Miguel Aparisi Laporta<\/p>\n\n\n\n<figure class=\"wp-block-image size-large\"><a href=\"https:\/\/www.elvalledeloscaidos.es\/portal\/wp-content\/uploads\/2025\/12\/IMG_20181229_0119.jpg\"><img decoding=\"async\" loading=\"lazy\" width=\"666\" height=\"1024\" src=\"https:\/\/www.elvalledeloscaidos.es\/portal\/wp-content\/uploads\/2025\/12\/IMG_20181229_0119-666x1024.jpg\" alt=\"\" class=\"wp-image-5670\" srcset=\"https:\/\/www.elvalledeloscaidos.es\/portal\/wp-content\/uploads\/2025\/12\/IMG_20181229_0119-666x1024.jpg 666w, https:\/\/www.elvalledeloscaidos.es\/portal\/wp-content\/uploads\/2025\/12\/IMG_20181229_0119-195x300.jpg 195w, https:\/\/www.elvalledeloscaidos.es\/portal\/wp-content\/uploads\/2025\/12\/IMG_20181229_0119-768x1181.jpg 768w, https:\/\/www.elvalledeloscaidos.es\/portal\/wp-content\/uploads\/2025\/12\/IMG_20181229_0119-999x1536.jpg 999w, https:\/\/www.elvalledeloscaidos.es\/portal\/wp-content\/uploads\/2025\/12\/IMG_20181229_0119.jpg 1100w\" sizes=\"(max-width: 666px) 100vw, 666px\" \/><\/a><\/figure>\n","protected":false},"excerpt":{"rendered":"<p>M\u00e9ndez Gonz\u00e1lez, Diego.&nbsp;Madrid, 4.I.1906 \u2013 3.X.1987. Doctor arquitecto. Tras estudiar el bachillerato en el colegio de los marianistas del Pilar, en su ciudad natal, pas\u00f3 a la Escuela de Arquitectura, obteniendo la licenciatura en el a\u00f1o 1932. No fue doctor hasta 1965, cuando ya aportaba una muy importante obra. Alumno [&hellip;]<\/p>\n","protected":false},"author":1,"featured_media":0,"comment_status":"open","ping_status":"open","sticky":false,"template":"","format":"standard","meta":[],"categories":[1],"tags":[],"yoast_head":"<!-- This site is optimized with the Yoast SEO plugin v18.6 - https:\/\/yoast.com\/wordpress\/plugins\/seo\/ -->\n<title>DIEGO M\u00c9NDEZ GONZ\u00c1LEZ. DOCTOR ARQUITECTO - ADVC<\/title>\n<meta name=\"robots\" content=\"index, follow, max-snippet:-1, max-image-preview:large, max-video-preview:-1\" \/>\n<link rel=\"canonical\" href=\"https:\/\/www.elvalledeloscaidos.es\/portal\/?p=5669\" \/>\n<meta property=\"og:locale\" content=\"es_ES\" \/>\n<meta property=\"og:type\" content=\"article\" \/>\n<meta property=\"og:title\" content=\"DIEGO M\u00c9NDEZ GONZ\u00c1LEZ. DOCTOR ARQUITECTO - ADVC\" \/>\n<meta property=\"og:description\" content=\"M\u00e9ndez Gonz\u00e1lez, Diego.&nbsp;Madrid, 4.I.1906 \u2013 3.X.1987. Doctor arquitecto. Tras estudiar el bachillerato en el colegio de los marianistas del Pilar, en su ciudad natal, pas\u00f3 a la Escuela de Arquitectura, obteniendo la licenciatura en el a\u00f1o 1932. No fue doctor hasta 1965, cuando ya aportaba una muy importante obra. Alumno [&hellip;]\" \/>\n<meta property=\"og:url\" content=\"https:\/\/www.elvalledeloscaidos.es\/portal\/?p=5669\" \/>\n<meta property=\"og:site_name\" content=\"ADVC\" \/>\n<meta property=\"article:published_time\" content=\"2025-11-30T23:34:18+00:00\" \/>\n<meta property=\"article:modified_time\" content=\"2025-11-30T23:35:04+00:00\" \/>\n<meta property=\"og:image\" content=\"https:\/\/www.elvalledeloscaidos.es\/portal\/wp-content\/uploads\/2025\/12\/IMG_20181229_0119-666x1024.jpg\" \/>\n<meta name=\"twitter:card\" content=\"summary_large_image\" \/>\n<meta name=\"twitter:label1\" content=\"Escrito por\" \/>\n\t<meta name=\"twitter:data1\" content=\"linares\" \/>\n\t<meta name=\"twitter:label2\" content=\"Tiempo de lectura\" \/>\n\t<meta name=\"twitter:data2\" content=\"4 minutos\" \/>\n<script type=\"application\/ld+json\" class=\"yoast-schema-graph\">{\"@context\":\"https:\/\/schema.org\",\"@graph\":[{\"@type\":\"WebSite\",\"@id\":\"https:\/\/www.elvalledeloscaidos.es\/portal\/#website\",\"url\":\"https:\/\/www.elvalledeloscaidos.es\/portal\/\",\"name\":\"ADVC\",\"description\":\"Asociaci\u00f3n Para la Defensa del Valle de los Ca\u00eddos\",\"potentialAction\":[{\"@type\":\"SearchAction\",\"target\":{\"@type\":\"EntryPoint\",\"urlTemplate\":\"https:\/\/www.elvalledeloscaidos.es\/portal\/?s={search_term_string}\"},\"query-input\":\"required name=search_term_string\"}],\"inLanguage\":\"es\"},{\"@type\":\"ImageObject\",\"@id\":\"https:\/\/www.elvalledeloscaidos.es\/portal\/?p=5669#primaryimage\",\"inLanguage\":\"es\",\"url\":\"https:\/\/www.elvalledeloscaidos.es\/portal\/wp-content\/uploads\/2025\/12\/IMG_20181229_0119.jpg\",\"contentUrl\":\"https:\/\/www.elvalledeloscaidos.es\/portal\/wp-content\/uploads\/2025\/12\/IMG_20181229_0119.jpg\",\"width\":1100,\"height\":1692},{\"@type\":\"WebPage\",\"@id\":\"https:\/\/www.elvalledeloscaidos.es\/portal\/?p=5669#webpage\",\"url\":\"https:\/\/www.elvalledeloscaidos.es\/portal\/?p=5669\",\"name\":\"DIEGO M\u00c9NDEZ GONZ\u00c1LEZ. DOCTOR ARQUITECTO - ADVC\",\"isPartOf\":{\"@id\":\"https:\/\/www.elvalledeloscaidos.es\/portal\/#website\"},\"primaryImageOfPage\":{\"@id\":\"https:\/\/www.elvalledeloscaidos.es\/portal\/?p=5669#primaryimage\"},\"datePublished\":\"2025-11-30T23:34:18+00:00\",\"dateModified\":\"2025-11-30T23:35:04+00:00\",\"author\":{\"@id\":\"https:\/\/www.elvalledeloscaidos.es\/portal\/#\/schema\/person\/36b3894dc4f1eb332b7fc369aed7eb58\"},\"breadcrumb\":{\"@id\":\"https:\/\/www.elvalledeloscaidos.es\/portal\/?p=5669#breadcrumb\"},\"inLanguage\":\"es\",\"potentialAction\":[{\"@type\":\"ReadAction\",\"target\":[\"https:\/\/www.elvalledeloscaidos.es\/portal\/?p=5669\"]}]},{\"@type\":\"BreadcrumbList\",\"@id\":\"https:\/\/www.elvalledeloscaidos.es\/portal\/?p=5669#breadcrumb\",\"itemListElement\":[{\"@type\":\"ListItem\",\"position\":1,\"name\":\"Portada\",\"item\":\"https:\/\/www.elvalledeloscaidos.es\/portal\"},{\"@type\":\"ListItem\",\"position\":2,\"name\":\"DIEGO M\u00c9NDEZ GONZ\u00c1LEZ. DOCTOR ARQUITECTO\"}]},{\"@type\":\"Person\",\"@id\":\"https:\/\/www.elvalledeloscaidos.es\/portal\/#\/schema\/person\/36b3894dc4f1eb332b7fc369aed7eb58\",\"name\":\"linares\",\"image\":{\"@type\":\"ImageObject\",\"@id\":\"https:\/\/www.elvalledeloscaidos.es\/portal\/#personlogo\",\"inLanguage\":\"es\",\"url\":\"https:\/\/secure.gravatar.com\/avatar\/0b6f3a427655ac169c9155e538724b76?s=96&d=mm&r=g\",\"contentUrl\":\"https:\/\/secure.gravatar.com\/avatar\/0b6f3a427655ac169c9155e538724b76?s=96&d=mm&r=g\",\"caption\":\"linares\"},\"url\":\"https:\/\/www.elvalledeloscaidos.es\/portal\/?author=1\"}]}<\/script>\n<!-- \/ Yoast SEO plugin. -->","yoast_head_json":{"title":"DIEGO M\u00c9NDEZ GONZ\u00c1LEZ. DOCTOR ARQUITECTO - ADVC","robots":{"index":"index","follow":"follow","max-snippet":"max-snippet:-1","max-image-preview":"max-image-preview:large","max-video-preview":"max-video-preview:-1"},"canonical":"https:\/\/www.elvalledeloscaidos.es\/portal\/?p=5669","og_locale":"es_ES","og_type":"article","og_title":"DIEGO M\u00c9NDEZ GONZ\u00c1LEZ. DOCTOR ARQUITECTO - ADVC","og_description":"M\u00e9ndez Gonz\u00e1lez, Diego.&nbsp;Madrid, 4.I.1906 \u2013 3.X.1987. Doctor arquitecto. Tras estudiar el bachillerato en el colegio de los marianistas del Pilar, en su ciudad natal, pas\u00f3 a la Escuela de Arquitectura, obteniendo la licenciatura en el a\u00f1o 1932. No fue doctor hasta 1965, cuando ya aportaba una muy importante obra. Alumno [&hellip;]","og_url":"https:\/\/www.elvalledeloscaidos.es\/portal\/?p=5669","og_site_name":"ADVC","article_published_time":"2025-11-30T23:34:18+00:00","article_modified_time":"2025-11-30T23:35:04+00:00","og_image":[{"url":"https:\/\/www.elvalledeloscaidos.es\/portal\/wp-content\/uploads\/2025\/12\/IMG_20181229_0119-666x1024.jpg"}],"twitter_card":"summary_large_image","twitter_misc":{"Escrito por":"linares","Tiempo de lectura":"4 minutos"},"schema":{"@context":"https:\/\/schema.org","@graph":[{"@type":"WebSite","@id":"https:\/\/www.elvalledeloscaidos.es\/portal\/#website","url":"https:\/\/www.elvalledeloscaidos.es\/portal\/","name":"ADVC","description":"Asociaci\u00f3n Para la Defensa del Valle de los Ca\u00eddos","potentialAction":[{"@type":"SearchAction","target":{"@type":"EntryPoint","urlTemplate":"https:\/\/www.elvalledeloscaidos.es\/portal\/?s={search_term_string}"},"query-input":"required name=search_term_string"}],"inLanguage":"es"},{"@type":"ImageObject","@id":"https:\/\/www.elvalledeloscaidos.es\/portal\/?p=5669#primaryimage","inLanguage":"es","url":"https:\/\/www.elvalledeloscaidos.es\/portal\/wp-content\/uploads\/2025\/12\/IMG_20181229_0119.jpg","contentUrl":"https:\/\/www.elvalledeloscaidos.es\/portal\/wp-content\/uploads\/2025\/12\/IMG_20181229_0119.jpg","width":1100,"height":1692},{"@type":"WebPage","@id":"https:\/\/www.elvalledeloscaidos.es\/portal\/?p=5669#webpage","url":"https:\/\/www.elvalledeloscaidos.es\/portal\/?p=5669","name":"DIEGO M\u00c9NDEZ GONZ\u00c1LEZ. DOCTOR ARQUITECTO - ADVC","isPartOf":{"@id":"https:\/\/www.elvalledeloscaidos.es\/portal\/#website"},"primaryImageOfPage":{"@id":"https:\/\/www.elvalledeloscaidos.es\/portal\/?p=5669#primaryimage"},"datePublished":"2025-11-30T23:34:18+00:00","dateModified":"2025-11-30T23:35:04+00:00","author":{"@id":"https:\/\/www.elvalledeloscaidos.es\/portal\/#\/schema\/person\/36b3894dc4f1eb332b7fc369aed7eb58"},"breadcrumb":{"@id":"https:\/\/www.elvalledeloscaidos.es\/portal\/?p=5669#breadcrumb"},"inLanguage":"es","potentialAction":[{"@type":"ReadAction","target":["https:\/\/www.elvalledeloscaidos.es\/portal\/?p=5669"]}]},{"@type":"BreadcrumbList","@id":"https:\/\/www.elvalledeloscaidos.es\/portal\/?p=5669#breadcrumb","itemListElement":[{"@type":"ListItem","position":1,"name":"Portada","item":"https:\/\/www.elvalledeloscaidos.es\/portal"},{"@type":"ListItem","position":2,"name":"DIEGO M\u00c9NDEZ GONZ\u00c1LEZ. DOCTOR ARQUITECTO"}]},{"@type":"Person","@id":"https:\/\/www.elvalledeloscaidos.es\/portal\/#\/schema\/person\/36b3894dc4f1eb332b7fc369aed7eb58","name":"linares","image":{"@type":"ImageObject","@id":"https:\/\/www.elvalledeloscaidos.es\/portal\/#personlogo","inLanguage":"es","url":"https:\/\/secure.gravatar.com\/avatar\/0b6f3a427655ac169c9155e538724b76?s=96&d=mm&r=g","contentUrl":"https:\/\/secure.gravatar.com\/avatar\/0b6f3a427655ac169c9155e538724b76?s=96&d=mm&r=g","caption":"linares"},"url":"https:\/\/www.elvalledeloscaidos.es\/portal\/?author=1"}]}},"_links":{"self":[{"href":"https:\/\/www.elvalledeloscaidos.es\/portal\/index.php?rest_route=\/wp\/v2\/posts\/5669"}],"collection":[{"href":"https:\/\/www.elvalledeloscaidos.es\/portal\/index.php?rest_route=\/wp\/v2\/posts"}],"about":[{"href":"https:\/\/www.elvalledeloscaidos.es\/portal\/index.php?rest_route=\/wp\/v2\/types\/post"}],"author":[{"embeddable":true,"href":"https:\/\/www.elvalledeloscaidos.es\/portal\/index.php?rest_route=\/wp\/v2\/users\/1"}],"replies":[{"embeddable":true,"href":"https:\/\/www.elvalledeloscaidos.es\/portal\/index.php?rest_route=%2Fwp%2Fv2%2Fcomments&post=5669"}],"version-history":[{"count":3,"href":"https:\/\/www.elvalledeloscaidos.es\/portal\/index.php?rest_route=\/wp\/v2\/posts\/5669\/revisions"}],"predecessor-version":[{"id":5673,"href":"https:\/\/www.elvalledeloscaidos.es\/portal\/index.php?rest_route=\/wp\/v2\/posts\/5669\/revisions\/5673"}],"wp:attachment":[{"href":"https:\/\/www.elvalledeloscaidos.es\/portal\/index.php?rest_route=%2Fwp%2Fv2%2Fmedia&parent=5669"}],"wp:term":[{"taxonomy":"category","embeddable":true,"href":"https:\/\/www.elvalledeloscaidos.es\/portal\/index.php?rest_route=%2Fwp%2Fv2%2Fcategories&post=5669"},{"taxonomy":"post_tag","embeddable":true,"href":"https:\/\/www.elvalledeloscaidos.es\/portal\/index.php?rest_route=%2Fwp%2Fv2%2Ftags&post=5669"}],"curies":[{"name":"wp","href":"https:\/\/api.w.org\/{rel}","templated":true}]}}