{"id":5675,"date":"2026-01-20T01:09:44","date_gmt":"2026-01-20T00:09:44","guid":{"rendered":"https:\/\/www.elvalledeloscaidos.es\/portal\/?p=5675"},"modified":"2026-01-20T01:09:45","modified_gmt":"2026-01-20T00:09:45","slug":"adamuz-y-el-valle-de-los-caidos","status":"publish","type":"post","link":"https:\/\/www.elvalledeloscaidos.es\/portal\/?p=5675","title":{"rendered":"ADAMUZ Y EL VALLE DE LOS CA\u00cdDOS"},"content":{"rendered":"\n<p>Adamuz est\u00e1 tristemente de actualidad. Lo que no mucha gente sabe es que Adamuz tiene relaci\u00f3n con el Valle de los Ca\u00eddos puesto que, desde esta localidad cordobesa fueron trasladados al Valle en su d\u00eda 62 ca\u00eddos, todos ellos represaliados por milicianos socialistas.<br>As\u00ed fueron las cosas.<\/p>\n\n\n\n<p>Procedentes de la localidad cordobesa de <strong>Adamuz<\/strong>, fueron trasladados a los osarios de la <strong>Bas\u00edlica Pontificia del Valle de los Ca\u00eddos<\/strong> los restos mortales de <strong>62 vecinos<\/strong>, todos ellos asesinados en la retaguardia durante el a\u00f1o <strong>1936<\/strong>, entre el <strong>10 de agosto y el 22 de diciembre<\/strong>, por milicianos de izquierda.<\/p>\n\n\n\n<p>Adamuz se adhiri\u00f3 inicialmente al <strong>Alzamiento del 18 de julio<\/strong>. El <strong>22 de julio<\/strong>, al conocerse la entrada de tropas nacionales en el cercano municipio de <strong>Pedro Abad<\/strong>, se produjo en la localidad una manifestaci\u00f3n espont\u00e1nea de j\u00fabilo. Sin embargo, dichas fuerzas no lograron alcanzar Adamuz y, al d\u00eda siguiente, ante la creciente incertidumbre, se intensificaron las labores de fortificaci\u00f3n y se reforz\u00f3 la vigilancia, al haberse detectado movimientos de milicianos que se aproximaban con el prop\u00f3sito de ocupar la poblaci\u00f3n.<\/p>\n\n\n\n<p>Desde el <strong>25 de julio<\/strong>, Adamuz qued\u00f3 cercado. Fueron interrumpidos los suministros de electricidad y de agua potable, as\u00ed como las comunicaciones telef\u00f3nicas y telegr\u00e1ficas, quedando la localidad completamente aislada. El asedio se prolong\u00f3 durante varios d\u00edas, acompa\u00f1ado de reiteradas exigencias de rendici\u00f3n por parte de las milicias marxistas.<\/p>\n\n\n\n<p>El <strong>9 de agosto<\/strong>, ante la manifiesta desigualdad de fuerzas, la resistencia fue abandonada. En un primer momento se ofrecieron garant\u00edas de seguridad a las personas de derechas que hab\u00edan participado en la defensa del pueblo. Estas, junto con la <strong>Guardia Civil de Adamuz<\/strong>, fueron detenidas y trasladadas en <strong>dos camiones con destino a Ja\u00e9n<\/strong>, con el pretexto de protegerlas de posibles represalias.<\/p>\n\n\n\n<p>Al d\u00eda siguiente, <strong>10 de agosto<\/strong>, las milicias revolucionarias asumieron el control de la situaci\u00f3n y procedieron al asesinato de los detenidos, en nombre de una supuesta \u201cjusticia revolucionaria\u201d.<\/p>\n\n\n\n<p>Del conjunto de personas asesinadas tras la ca\u00edda de Adamuz, <strong>62 de ellas fueron finalmente inhumadas en el Valle de los Ca\u00eddos<\/strong>. Entre estos, <strong>49 fueron ejecutados en el denominado Tren de la Muerte de Ja\u00e9n el 12 de agosto de 1936<\/strong>. La misma suerte aguardaba a los <strong>52 vecinos de Adamuz<\/strong> evacuados en los citados camiones, quienes partieron desde Ja\u00e9n en los tristemente conocidos <strong>Trenes de la Muerte<\/strong>.<\/p>\n\n\n\n<p>De los <strong>245 prisioneros<\/strong> que viajaban en el segundo convoy, <strong>solo 52 lograron sobrevivir<\/strong> al exterminio inicial; entre ellos, <strong>13 vecinos de Adamuz<\/strong>, que fueron posteriormente encarcelados en Madrid y, con el tiempo, tambi\u00e9n asesinados.<\/p>\n\n\n\n<p>Debe se\u00f1alarse que <strong>ninguno de los asesinados en los trenes de Ja\u00e9n ni de las v\u00edctimas de la represi\u00f3n posterior fue trasladado al Valle de los Ca\u00eddos<\/strong>.<\/p>\n\n\n\n<p>Entre los <strong>62 vecinos de Adamuz<\/strong> cuyos restos reposan en el Valle se encontraban hombres de muy diversas profesiones: un veterinario, dos maestros de escuela, un herrero, nueve propietarios, un estudiante, tres industriales, cuatro comerciantes, catorce labradores, siete jornaleros, dos panaderos, un alba\u00f1il, un sepulturero, un guarnicionero, un zapatero, un ch\u00f3fer, un electricista, un guarda de campo y, finalmente, <strong>el sacrist\u00e1n y el sacerdote, cura p\u00e1rroco Miguel Borrego Amo<\/strong>.<\/p>\n\n\n\n<p>Sus edades oscilaban entre los <strong>19 a\u00f1os<\/strong> del estudiante <strong>Miguel Gal\u00e1n Cazalla<\/strong> y los <strong>67 a\u00f1os<\/strong> del veterinario titular de Adamuz, <strong>don Ignacio S\u00e1nchez Fern\u00e1ndez<\/strong>.<\/p>\n","protected":false},"excerpt":{"rendered":"<p>Adamuz est\u00e1 tristemente de actualidad. Lo que no mucha gente sabe es que Adamuz tiene relaci\u00f3n con el Valle de los Ca\u00eddos puesto que, desde esta localidad cordobesa fueron trasladados al Valle en su d\u00eda 62 ca\u00eddos, todos ellos represaliados por milicianos socialistas.As\u00ed fueron las cosas. Procedentes de la localidad [&hellip;]<\/p>\n","protected":false},"author":1,"featured_media":0,"comment_status":"open","ping_status":"open","sticky":false,"template":"","format":"standard","meta":[],"categories":[4],"tags":[],"yoast_head":"<!-- This site is optimized with the Yoast SEO plugin v18.6 - https:\/\/yoast.com\/wordpress\/plugins\/seo\/ -->\n<title>ADAMUZ Y EL VALLE DE LOS CA\u00cdDOS - ADVC<\/title>\n<meta name=\"robots\" content=\"index, follow, max-snippet:-1, max-image-preview:large, max-video-preview:-1\" \/>\n<link rel=\"canonical\" href=\"https:\/\/www.elvalledeloscaidos.es\/portal\/?p=5675\" \/>\n<meta property=\"og:locale\" content=\"es_ES\" \/>\n<meta property=\"og:type\" content=\"article\" \/>\n<meta property=\"og:title\" content=\"ADAMUZ Y EL VALLE DE LOS CA\u00cdDOS - ADVC\" \/>\n<meta property=\"og:description\" content=\"Adamuz est\u00e1 tristemente de actualidad. Lo que no mucha gente sabe es que Adamuz tiene relaci\u00f3n con el Valle de los Ca\u00eddos puesto que, desde esta localidad cordobesa fueron trasladados al Valle en su d\u00eda 62 ca\u00eddos, todos ellos represaliados por milicianos socialistas.As\u00ed fueron las cosas. Procedentes de la localidad [&hellip;]\" \/>\n<meta property=\"og:url\" content=\"https:\/\/www.elvalledeloscaidos.es\/portal\/?p=5675\" \/>\n<meta property=\"og:site_name\" content=\"ADVC\" \/>\n<meta property=\"article:published_time\" content=\"2026-01-20T00:09:44+00:00\" \/>\n<meta property=\"article:modified_time\" content=\"2026-01-20T00:09:45+00:00\" \/>\n<meta name=\"twitter:card\" content=\"summary_large_image\" \/>\n<meta name=\"twitter:label1\" content=\"Escrito por\" \/>\n\t<meta name=\"twitter:data1\" content=\"linares\" \/>\n\t<meta name=\"twitter:label2\" content=\"Tiempo de lectura\" \/>\n\t<meta name=\"twitter:data2\" content=\"3 minutos\" \/>\n<script type=\"application\/ld+json\" class=\"yoast-schema-graph\">{\"@context\":\"https:\/\/schema.org\",\"@graph\":[{\"@type\":\"WebSite\",\"@id\":\"https:\/\/www.elvalledeloscaidos.es\/portal\/#website\",\"url\":\"https:\/\/www.elvalledeloscaidos.es\/portal\/\",\"name\":\"ADVC\",\"description\":\"Asociaci\u00f3n Para la Defensa del Valle de los Ca\u00eddos\",\"potentialAction\":[{\"@type\":\"SearchAction\",\"target\":{\"@type\":\"EntryPoint\",\"urlTemplate\":\"https:\/\/www.elvalledeloscaidos.es\/portal\/?s={search_term_string}\"},\"query-input\":\"required name=search_term_string\"}],\"inLanguage\":\"es\"},{\"@type\":\"WebPage\",\"@id\":\"https:\/\/www.elvalledeloscaidos.es\/portal\/?p=5675#webpage\",\"url\":\"https:\/\/www.elvalledeloscaidos.es\/portal\/?p=5675\",\"name\":\"ADAMUZ Y EL VALLE DE LOS CA\u00cdDOS - ADVC\",\"isPartOf\":{\"@id\":\"https:\/\/www.elvalledeloscaidos.es\/portal\/#website\"},\"datePublished\":\"2026-01-20T00:09:44+00:00\",\"dateModified\":\"2026-01-20T00:09:45+00:00\",\"author\":{\"@id\":\"https:\/\/www.elvalledeloscaidos.es\/portal\/#\/schema\/person\/36b3894dc4f1eb332b7fc369aed7eb58\"},\"breadcrumb\":{\"@id\":\"https:\/\/www.elvalledeloscaidos.es\/portal\/?p=5675#breadcrumb\"},\"inLanguage\":\"es\",\"potentialAction\":[{\"@type\":\"ReadAction\",\"target\":[\"https:\/\/www.elvalledeloscaidos.es\/portal\/?p=5675\"]}]},{\"@type\":\"BreadcrumbList\",\"@id\":\"https:\/\/www.elvalledeloscaidos.es\/portal\/?p=5675#breadcrumb\",\"itemListElement\":[{\"@type\":\"ListItem\",\"position\":1,\"name\":\"Portada\",\"item\":\"https:\/\/www.elvalledeloscaidos.es\/portal\"},{\"@type\":\"ListItem\",\"position\":2,\"name\":\"ADAMUZ Y EL VALLE DE LOS CA\u00cdDOS\"}]},{\"@type\":\"Person\",\"@id\":\"https:\/\/www.elvalledeloscaidos.es\/portal\/#\/schema\/person\/36b3894dc4f1eb332b7fc369aed7eb58\",\"name\":\"linares\",\"image\":{\"@type\":\"ImageObject\",\"@id\":\"https:\/\/www.elvalledeloscaidos.es\/portal\/#personlogo\",\"inLanguage\":\"es\",\"url\":\"https:\/\/secure.gravatar.com\/avatar\/0b6f3a427655ac169c9155e538724b76?s=96&d=mm&r=g\",\"contentUrl\":\"https:\/\/secure.gravatar.com\/avatar\/0b6f3a427655ac169c9155e538724b76?s=96&d=mm&r=g\",\"caption\":\"linares\"},\"url\":\"https:\/\/www.elvalledeloscaidos.es\/portal\/?author=1\"}]}<\/script>\n<!-- \/ Yoast SEO plugin. -->","yoast_head_json":{"title":"ADAMUZ Y EL VALLE DE LOS CA\u00cdDOS - ADVC","robots":{"index":"index","follow":"follow","max-snippet":"max-snippet:-1","max-image-preview":"max-image-preview:large","max-video-preview":"max-video-preview:-1"},"canonical":"https:\/\/www.elvalledeloscaidos.es\/portal\/?p=5675","og_locale":"es_ES","og_type":"article","og_title":"ADAMUZ Y EL VALLE DE LOS CA\u00cdDOS - ADVC","og_description":"Adamuz est\u00e1 tristemente de actualidad. Lo que no mucha gente sabe es que Adamuz tiene relaci\u00f3n con el Valle de los Ca\u00eddos puesto que, desde esta localidad cordobesa fueron trasladados al Valle en su d\u00eda 62 ca\u00eddos, todos ellos represaliados por milicianos socialistas.As\u00ed fueron las cosas. Procedentes de la localidad [&hellip;]","og_url":"https:\/\/www.elvalledeloscaidos.es\/portal\/?p=5675","og_site_name":"ADVC","article_published_time":"2026-01-20T00:09:44+00:00","article_modified_time":"2026-01-20T00:09:45+00:00","twitter_card":"summary_large_image","twitter_misc":{"Escrito por":"linares","Tiempo de lectura":"3 minutos"},"schema":{"@context":"https:\/\/schema.org","@graph":[{"@type":"WebSite","@id":"https:\/\/www.elvalledeloscaidos.es\/portal\/#website","url":"https:\/\/www.elvalledeloscaidos.es\/portal\/","name":"ADVC","description":"Asociaci\u00f3n Para la Defensa del Valle de los Ca\u00eddos","potentialAction":[{"@type":"SearchAction","target":{"@type":"EntryPoint","urlTemplate":"https:\/\/www.elvalledeloscaidos.es\/portal\/?s={search_term_string}"},"query-input":"required name=search_term_string"}],"inLanguage":"es"},{"@type":"WebPage","@id":"https:\/\/www.elvalledeloscaidos.es\/portal\/?p=5675#webpage","url":"https:\/\/www.elvalledeloscaidos.es\/portal\/?p=5675","name":"ADAMUZ Y EL VALLE DE LOS CA\u00cdDOS - ADVC","isPartOf":{"@id":"https:\/\/www.elvalledeloscaidos.es\/portal\/#website"},"datePublished":"2026-01-20T00:09:44+00:00","dateModified":"2026-01-20T00:09:45+00:00","author":{"@id":"https:\/\/www.elvalledeloscaidos.es\/portal\/#\/schema\/person\/36b3894dc4f1eb332b7fc369aed7eb58"},"breadcrumb":{"@id":"https:\/\/www.elvalledeloscaidos.es\/portal\/?p=5675#breadcrumb"},"inLanguage":"es","potentialAction":[{"@type":"ReadAction","target":["https:\/\/www.elvalledeloscaidos.es\/portal\/?p=5675"]}]},{"@type":"BreadcrumbList","@id":"https:\/\/www.elvalledeloscaidos.es\/portal\/?p=5675#breadcrumb","itemListElement":[{"@type":"ListItem","position":1,"name":"Portada","item":"https:\/\/www.elvalledeloscaidos.es\/portal"},{"@type":"ListItem","position":2,"name":"ADAMUZ Y EL VALLE DE LOS CA\u00cdDOS"}]},{"@type":"Person","@id":"https:\/\/www.elvalledeloscaidos.es\/portal\/#\/schema\/person\/36b3894dc4f1eb332b7fc369aed7eb58","name":"linares","image":{"@type":"ImageObject","@id":"https:\/\/www.elvalledeloscaidos.es\/portal\/#personlogo","inLanguage":"es","url":"https:\/\/secure.gravatar.com\/avatar\/0b6f3a427655ac169c9155e538724b76?s=96&d=mm&r=g","contentUrl":"https:\/\/secure.gravatar.com\/avatar\/0b6f3a427655ac169c9155e538724b76?s=96&d=mm&r=g","caption":"linares"},"url":"https:\/\/www.elvalledeloscaidos.es\/portal\/?author=1"}]}},"_links":{"self":[{"href":"https:\/\/www.elvalledeloscaidos.es\/portal\/index.php?rest_route=\/wp\/v2\/posts\/5675"}],"collection":[{"href":"https:\/\/www.elvalledeloscaidos.es\/portal\/index.php?rest_route=\/wp\/v2\/posts"}],"about":[{"href":"https:\/\/www.elvalledeloscaidos.es\/portal\/index.php?rest_route=\/wp\/v2\/types\/post"}],"author":[{"embeddable":true,"href":"https:\/\/www.elvalledeloscaidos.es\/portal\/index.php?rest_route=\/wp\/v2\/users\/1"}],"replies":[{"embeddable":true,"href":"https:\/\/www.elvalledeloscaidos.es\/portal\/index.php?rest_route=%2Fwp%2Fv2%2Fcomments&post=5675"}],"version-history":[{"count":1,"href":"https:\/\/www.elvalledeloscaidos.es\/portal\/index.php?rest_route=\/wp\/v2\/posts\/5675\/revisions"}],"predecessor-version":[{"id":5676,"href":"https:\/\/www.elvalledeloscaidos.es\/portal\/index.php?rest_route=\/wp\/v2\/posts\/5675\/revisions\/5676"}],"wp:attachment":[{"href":"https:\/\/www.elvalledeloscaidos.es\/portal\/index.php?rest_route=%2Fwp%2Fv2%2Fmedia&parent=5675"}],"wp:term":[{"taxonomy":"category","embeddable":true,"href":"https:\/\/www.elvalledeloscaidos.es\/portal\/index.php?rest_route=%2Fwp%2Fv2%2Fcategories&post=5675"},{"taxonomy":"post_tag","embeddable":true,"href":"https:\/\/www.elvalledeloscaidos.es\/portal\/index.php?rest_route=%2Fwp%2Fv2%2Ftags&post=5675"}],"curies":[{"name":"wp","href":"https:\/\/api.w.org\/{rel}","templated":true}]}}