{"id":5691,"date":"2026-09-02T23:44:44","date_gmt":"2026-09-02T22:44:44","guid":{"rendered":"https:\/\/www.elvalledeloscaidos.es\/portal\/?p=5691"},"modified":"2026-09-02T23:44:45","modified_gmt":"2026-09-02T22:44:45","slug":"comunicado-de-la-asociacion-para-la-defensa-del-valle-de-los-caidos-4","status":"publish","type":"post","link":"https:\/\/www.elvalledeloscaidos.es\/portal\/?p=5691","title":{"rendered":"COMUNICADO DE LA ASOCIACI\u00d3N PARA LA DEFENSA DEL VALLE DE LOS CA\u00cdDOS"},"content":{"rendered":"\n<p>Desde la Asociaci\u00f3n para la Defensa del Valle de los Ca\u00eddos queremos expresar p\u00fablicamente nuestro cari\u00f1o, cercan\u00eda y apoyo a la poblaci\u00f3n de Ceuta y, de manera muy especial, a los numerosos socios y amigos que nuestra Asociaci\u00f3n tiene en la ciudad.<\/p>\n\n\n\n<p>Ceuta es Espa\u00f1a. Lo es por su historia, por su cultura y, sobre todo, por la voluntad y el sentimiento profundamente espa\u00f1ol de generaciones de ceut\u00edes que han hecho de esta ciudad una parte inseparable de nuestra naci\u00f3n. Su espa\u00f1olidad no admite titubeos ni puede quedar sometida a c\u00e1lculos de oportunidad pol\u00edtica.<\/p>\n\n\n\n<p>Queremos tambi\u00e9n expresar nuestro reconocimiento a los hombres y mujeres de nuestras Fuerzas Armadas destinados en Ceuta. A quienes sirven en la Legi\u00f3n, a los Regulares y al resto de unidades que, desde una de las plazas con mayor tradici\u00f3n militar de Espa\u00f1a, cumplen diariamente con su deber al servicio de todos los espa\u00f1oles. Para ellos, y para sus familias, nuestro respeto, gratitud y afecto.<\/p>\n\n\n\n<p>Precisamente por ello, contemplamos con enorme preocupaci\u00f3n y profundo rechazo la inacci\u00f3n del Gobierno de Espa\u00f1a ante una situaci\u00f3n que exige firmeza, presencia y una defensa inequ\u00edvoca de los intereses nacionales. Ceuta no puede sentirse abandonada ni utilizada como moneda de cambio. El Gobierno tiene la obligaci\u00f3n de defender con hechos \u2014y no \u00fanicamente con declaraciones\u2014 la seguridad, la dignidad y la espa\u00f1olidad de la ciudad y de respaldar sin ambig\u00fcedades a quienes viven y sirven all\u00ed.<\/p>\n\n\n\n<p>Existe, adem\u00e1s, un v\u00ednculo especialmente hermoso entre Ceuta y el Valle de los Ca\u00eddos. En el interior de su Bas\u00edlica se encuentra una representaci\u00f3n de Nuestra Se\u00f1ora de \u00c1frica, Patrona de Ceuta. Su presencia bajo aquellas b\u00f3vedas constituye para nosotros un s\u00edmbolo de uni\u00f3n y una raz\u00f3n m\u00e1s para sentir especialmente cerca a la ciudad y a sus habitantes.<\/p>\n\n\n\n<p>En estos momentos queremos hacer llegar a todos los ceut\u00edes un mensaje sencillo, pero profundamente sentido: no est\u00e1is solos. Desde el coraz\u00f3n de la Sierra de Guadarrama, a los pies de la gran Cruz del Valle, nuestro recuerdo y nuestro afecto viajan hasta Ceuta.<\/p>\n\n\n\n<p>Que Nuestra Se\u00f1ora de \u00c1frica proteja siempre a la ciudad, a sus familias, a sus militares y a todos los ceut\u00edes.<\/p>\n\n\n\n<p>\u00a1Viva Ceuta!<br>\u00a1Viva Espa\u00f1a!<\/p>\n\n\n\n<figure class=\"wp-block-image size-full\"><a href=\"https:\/\/www.elvalledeloscaidos.es\/portal\/wp-content\/uploads\/2026\/09\/CEUTA-copia-1.png\"><img decoding=\"async\" loading=\"lazy\" width=\"800\" height=\"532\" src=\"https:\/\/www.elvalledeloscaidos.es\/portal\/wp-content\/uploads\/2026\/09\/CEUTA-copia-1.png\" alt=\"\" class=\"wp-image-5693\" srcset=\"https:\/\/www.elvalledeloscaidos.es\/portal\/wp-content\/uploads\/2026\/09\/CEUTA-copia-1.png 800w, https:\/\/www.elvalledeloscaidos.es\/portal\/wp-content\/uploads\/2026\/09\/CEUTA-copia-1-300x200.png 300w, https:\/\/www.elvalledeloscaidos.es\/portal\/wp-content\/uploads\/2026\/09\/CEUTA-copia-1-768x511.png 768w, https:\/\/www.elvalledeloscaidos.es\/portal\/wp-content\/uploads\/2026\/09\/CEUTA-copia-1-360x240.png 360w\" sizes=\"(max-width: 800px) 100vw, 800px\" \/><\/a><\/figure>\n\n\n\n<figure class=\"wp-block-image\"><img alt=\"\"\/><\/figure>\n\n\n\n<figure class=\"wp-block-image\"><img alt=\"\"\/><\/figure>\n","protected":false},"excerpt":{"rendered":"<p>Desde la Asociaci\u00f3n para la Defensa del Valle de los Ca\u00eddos queremos expresar p\u00fablicamente nuestro cari\u00f1o, cercan\u00eda y apoyo a la poblaci\u00f3n de Ceuta y, de manera muy especial, a los numerosos socios y amigos que nuestra Asociaci\u00f3n tiene en la ciudad. Ceuta es Espa\u00f1a. Lo es por su historia, [&hellip;]<\/p>\n","protected":false},"author":1,"featured_media":0,"comment_status":"open","ping_status":"open","sticky":false,"template":"","format":"standard","meta":[],"categories":[4],"tags":[],"yoast_head":"<!-- This site is optimized with the Yoast SEO plugin v18.6 - https:\/\/yoast.com\/wordpress\/plugins\/seo\/ -->\n<title>COMUNICADO DE LA ASOCIACI\u00d3N PARA LA DEFENSA DEL VALLE DE LOS CA\u00cdDOS - ADVC<\/title>\n<meta name=\"robots\" content=\"index, follow, max-snippet:-1, max-image-preview:large, max-video-preview:-1\" \/>\n<link rel=\"canonical\" href=\"https:\/\/www.elvalledeloscaidos.es\/portal\/?p=5691\" \/>\n<meta property=\"og:locale\" content=\"es_ES\" \/>\n<meta property=\"og:type\" content=\"article\" \/>\n<meta property=\"og:title\" content=\"COMUNICADO DE LA ASOCIACI\u00d3N PARA LA DEFENSA DEL VALLE DE LOS CA\u00cdDOS - ADVC\" \/>\n<meta property=\"og:description\" content=\"Desde la Asociaci\u00f3n para la Defensa del Valle de los Ca\u00eddos queremos expresar p\u00fablicamente nuestro cari\u00f1o, cercan\u00eda y apoyo a la poblaci\u00f3n de Ceuta y, de manera muy especial, a los numerosos socios y amigos que nuestra Asociaci\u00f3n tiene en la ciudad. Ceuta es Espa\u00f1a. Lo es por su historia, [&hellip;]\" \/>\n<meta property=\"og:url\" content=\"https:\/\/www.elvalledeloscaidos.es\/portal\/?p=5691\" \/>\n<meta property=\"og:site_name\" content=\"ADVC\" \/>\n<meta property=\"article:published_time\" content=\"2026-09-02T22:44:44+00:00\" \/>\n<meta property=\"article:modified_time\" content=\"2026-09-02T22:44:45+00:00\" \/>\n<meta property=\"og:image\" content=\"https:\/\/www.elvalledeloscaidos.es\/portal\/wp-content\/uploads\/2026\/09\/CEUTA-copia-1.png\" \/>\n<meta name=\"twitter:card\" content=\"summary_large_image\" \/>\n<meta name=\"twitter:label1\" content=\"Escrito por\" \/>\n\t<meta name=\"twitter:data1\" content=\"linares\" \/>\n\t<meta name=\"twitter:label2\" content=\"Tiempo de lectura\" \/>\n\t<meta name=\"twitter:data2\" content=\"2 minutos\" \/>\n<script type=\"application\/ld+json\" class=\"yoast-schema-graph\">{\"@context\":\"https:\/\/schema.org\",\"@graph\":[{\"@type\":\"WebSite\",\"@id\":\"https:\/\/www.elvalledeloscaidos.es\/portal\/#website\",\"url\":\"https:\/\/www.elvalledeloscaidos.es\/portal\/\",\"name\":\"ADVC\",\"description\":\"Asociaci\u00f3n Para la Defensa del Valle de los Ca\u00eddos\",\"potentialAction\":[{\"@type\":\"SearchAction\",\"target\":{\"@type\":\"EntryPoint\",\"urlTemplate\":\"https:\/\/www.elvalledeloscaidos.es\/portal\/?s={search_term_string}\"},\"query-input\":\"required name=search_term_string\"}],\"inLanguage\":\"es\"},{\"@type\":\"ImageObject\",\"@id\":\"https:\/\/www.elvalledeloscaidos.es\/portal\/?p=5691#primaryimage\",\"inLanguage\":\"es\",\"url\":\"https:\/\/www.elvalledeloscaidos.es\/portal\/wp-content\/uploads\/2026\/09\/CEUTA-copia-1.png\",\"contentUrl\":\"https:\/\/www.elvalledeloscaidos.es\/portal\/wp-content\/uploads\/2026\/09\/CEUTA-copia-1.png\",\"width\":800,\"height\":532},{\"@type\":\"WebPage\",\"@id\":\"https:\/\/www.elvalledeloscaidos.es\/portal\/?p=5691#webpage\",\"url\":\"https:\/\/www.elvalledeloscaidos.es\/portal\/?p=5691\",\"name\":\"COMUNICADO DE LA ASOCIACI\u00d3N PARA LA DEFENSA DEL VALLE DE LOS CA\u00cdDOS - ADVC\",\"isPartOf\":{\"@id\":\"https:\/\/www.elvalledeloscaidos.es\/portal\/#website\"},\"primaryImageOfPage\":{\"@id\":\"https:\/\/www.elvalledeloscaidos.es\/portal\/?p=5691#primaryimage\"},\"datePublished\":\"2026-09-02T22:44:44+00:00\",\"dateModified\":\"2026-09-02T22:44:45+00:00\",\"author\":{\"@id\":\"https:\/\/www.elvalledeloscaidos.es\/portal\/#\/schema\/person\/36b3894dc4f1eb332b7fc369aed7eb58\"},\"breadcrumb\":{\"@id\":\"https:\/\/www.elvalledeloscaidos.es\/portal\/?p=5691#breadcrumb\"},\"inLanguage\":\"es\",\"potentialAction\":[{\"@type\":\"ReadAction\",\"target\":[\"https:\/\/www.elvalledeloscaidos.es\/portal\/?p=5691\"]}]},{\"@type\":\"BreadcrumbList\",\"@id\":\"https:\/\/www.elvalledeloscaidos.es\/portal\/?p=5691#breadcrumb\",\"itemListElement\":[{\"@type\":\"ListItem\",\"position\":1,\"name\":\"Portada\",\"item\":\"https:\/\/www.elvalledeloscaidos.es\/portal\"},{\"@type\":\"ListItem\",\"position\":2,\"name\":\"COMUNICADO DE LA ASOCIACI\u00d3N PARA LA DEFENSA DEL VALLE DE LOS CA\u00cdDOS\"}]},{\"@type\":\"Person\",\"@id\":\"https:\/\/www.elvalledeloscaidos.es\/portal\/#\/schema\/person\/36b3894dc4f1eb332b7fc369aed7eb58\",\"name\":\"linares\",\"image\":{\"@type\":\"ImageObject\",\"@id\":\"https:\/\/www.elvalledeloscaidos.es\/portal\/#personlogo\",\"inLanguage\":\"es\",\"url\":\"https:\/\/secure.gravatar.com\/avatar\/0b6f3a427655ac169c9155e538724b76?s=96&d=mm&r=g\",\"contentUrl\":\"https:\/\/secure.gravatar.com\/avatar\/0b6f3a427655ac169c9155e538724b76?s=96&d=mm&r=g\",\"caption\":\"linares\"},\"url\":\"https:\/\/www.elvalledeloscaidos.es\/portal\/?author=1\"}]}<\/script>\n<!-- \/ Yoast SEO plugin. -->","yoast_head_json":{"title":"COMUNICADO DE LA ASOCIACI\u00d3N PARA LA DEFENSA DEL VALLE DE LOS CA\u00cdDOS - ADVC","robots":{"index":"index","follow":"follow","max-snippet":"max-snippet:-1","max-image-preview":"max-image-preview:large","max-video-preview":"max-video-preview:-1"},"canonical":"https:\/\/www.elvalledeloscaidos.es\/portal\/?p=5691","og_locale":"es_ES","og_type":"article","og_title":"COMUNICADO DE LA ASOCIACI\u00d3N PARA LA DEFENSA DEL VALLE DE LOS CA\u00cdDOS - ADVC","og_description":"Desde la Asociaci\u00f3n para la Defensa del Valle de los Ca\u00eddos queremos expresar p\u00fablicamente nuestro cari\u00f1o, cercan\u00eda y apoyo a la poblaci\u00f3n de Ceuta y, de manera muy especial, a los numerosos socios y amigos que nuestra Asociaci\u00f3n tiene en la ciudad. Ceuta es Espa\u00f1a. Lo es por su historia, [&hellip;]","og_url":"https:\/\/www.elvalledeloscaidos.es\/portal\/?p=5691","og_site_name":"ADVC","article_published_time":"2026-09-02T22:44:44+00:00","article_modified_time":"2026-09-02T22:44:45+00:00","og_image":[{"url":"https:\/\/www.elvalledeloscaidos.es\/portal\/wp-content\/uploads\/2026\/09\/CEUTA-copia-1.png"}],"twitter_card":"summary_large_image","twitter_misc":{"Escrito por":"linares","Tiempo de lectura":"2 minutos"},"schema":{"@context":"https:\/\/schema.org","@graph":[{"@type":"WebSite","@id":"https:\/\/www.elvalledeloscaidos.es\/portal\/#website","url":"https:\/\/www.elvalledeloscaidos.es\/portal\/","name":"ADVC","description":"Asociaci\u00f3n Para la Defensa del Valle de los Ca\u00eddos","potentialAction":[{"@type":"SearchAction","target":{"@type":"EntryPoint","urlTemplate":"https:\/\/www.elvalledeloscaidos.es\/portal\/?s={search_term_string}"},"query-input":"required name=search_term_string"}],"inLanguage":"es"},{"@type":"ImageObject","@id":"https:\/\/www.elvalledeloscaidos.es\/portal\/?p=5691#primaryimage","inLanguage":"es","url":"https:\/\/www.elvalledeloscaidos.es\/portal\/wp-content\/uploads\/2026\/09\/CEUTA-copia-1.png","contentUrl":"https:\/\/www.elvalledeloscaidos.es\/portal\/wp-content\/uploads\/2026\/09\/CEUTA-copia-1.png","width":800,"height":532},{"@type":"WebPage","@id":"https:\/\/www.elvalledeloscaidos.es\/portal\/?p=5691#webpage","url":"https:\/\/www.elvalledeloscaidos.es\/portal\/?p=5691","name":"COMUNICADO DE LA ASOCIACI\u00d3N PARA LA DEFENSA DEL VALLE DE LOS CA\u00cdDOS - ADVC","isPartOf":{"@id":"https:\/\/www.elvalledeloscaidos.es\/portal\/#website"},"primaryImageOfPage":{"@id":"https:\/\/www.elvalledeloscaidos.es\/portal\/?p=5691#primaryimage"},"datePublished":"2026-09-02T22:44:44+00:00","dateModified":"2026-09-02T22:44:45+00:00","author":{"@id":"https:\/\/www.elvalledeloscaidos.es\/portal\/#\/schema\/person\/36b3894dc4f1eb332b7fc369aed7eb58"},"breadcrumb":{"@id":"https:\/\/www.elvalledeloscaidos.es\/portal\/?p=5691#breadcrumb"},"inLanguage":"es","potentialAction":[{"@type":"ReadAction","target":["https:\/\/www.elvalledeloscaidos.es\/portal\/?p=5691"]}]},{"@type":"BreadcrumbList","@id":"https:\/\/www.elvalledeloscaidos.es\/portal\/?p=5691#breadcrumb","itemListElement":[{"@type":"ListItem","position":1,"name":"Portada","item":"https:\/\/www.elvalledeloscaidos.es\/portal"},{"@type":"ListItem","position":2,"name":"COMUNICADO DE LA ASOCIACI\u00d3N PARA LA DEFENSA DEL VALLE DE LOS CA\u00cdDOS"}]},{"@type":"Person","@id":"https:\/\/www.elvalledeloscaidos.es\/portal\/#\/schema\/person\/36b3894dc4f1eb332b7fc369aed7eb58","name":"linares","image":{"@type":"ImageObject","@id":"https:\/\/www.elvalledeloscaidos.es\/portal\/#personlogo","inLanguage":"es","url":"https:\/\/secure.gravatar.com\/avatar\/0b6f3a427655ac169c9155e538724b76?s=96&d=mm&r=g","contentUrl":"https:\/\/secure.gravatar.com\/avatar\/0b6f3a427655ac169c9155e538724b76?s=96&d=mm&r=g","caption":"linares"},"url":"https:\/\/www.elvalledeloscaidos.es\/portal\/?author=1"}]}},"_links":{"self":[{"href":"https:\/\/www.elvalledeloscaidos.es\/portal\/index.php?rest_route=\/wp\/v2\/posts\/5691"}],"collection":[{"href":"https:\/\/www.elvalledeloscaidos.es\/portal\/index.php?rest_route=\/wp\/v2\/posts"}],"about":[{"href":"https:\/\/www.elvalledeloscaidos.es\/portal\/index.php?rest_route=\/wp\/v2\/types\/post"}],"author":[{"embeddable":true,"href":"https:\/\/www.elvalledeloscaidos.es\/portal\/index.php?rest_route=\/wp\/v2\/users\/1"}],"replies":[{"embeddable":true,"href":"https:\/\/www.elvalledeloscaidos.es\/portal\/index.php?rest_route=%2Fwp%2Fv2%2Fcomments&post=5691"}],"version-history":[{"count":2,"href":"https:\/\/www.elvalledeloscaidos.es\/portal\/index.php?rest_route=\/wp\/v2\/posts\/5691\/revisions"}],"predecessor-version":[{"id":5695,"href":"https:\/\/www.elvalledeloscaidos.es\/portal\/index.php?rest_route=\/wp\/v2\/posts\/5691\/revisions\/5695"}],"wp:attachment":[{"href":"https:\/\/www.elvalledeloscaidos.es\/portal\/index.php?rest_route=%2Fwp%2Fv2%2Fmedia&parent=5691"}],"wp:term":[{"taxonomy":"category","embeddable":true,"href":"https:\/\/www.elvalledeloscaidos.es\/portal\/index.php?rest_route=%2Fwp%2Fv2%2Fcategories&post=5691"},{"taxonomy":"post_tag","embeddable":true,"href":"https:\/\/www.elvalledeloscaidos.es\/portal\/index.php?rest_route=%2Fwp%2Fv2%2Ftags&post=5691"}],"curies":[{"name":"wp","href":"https:\/\/api.w.org\/{rel}","templated":true}]}}