{"id":769,"date":"2011-05-18T11:25:29","date_gmt":"2011-05-18T10:25:29","guid":{"rendered":"http:\/\/www.elvalledeloscaidos.es\/portal\/?p=769"},"modified":"2011-05-19T23:34:56","modified_gmt":"2011-05-19T22:34:56","slug":"ha-fallecido-el-p-juan-antonio-pascual-de-la-abadia-benedictina-del-valle-de-los-caidos","status":"publish","type":"post","link":"https:\/\/www.elvalledeloscaidos.es\/portal\/?p=769","title":{"rendered":"Ha fallecido el P. Juan Antonio Pascual, de la Abad\u00eda Benedictina del Valle de los Ca\u00eddos"},"content":{"rendered":"<p><img decoding=\"async\" loading=\"lazy\" class=\"aligncenter size-full wp-image-770\" title=\"P. JUAN ANTONIO PASCUAL\" src=\"http:\/\/www.elvalledeloscaidos.es\/portal\/wp-content\/uploads\/2011\/05\/osb.jpg\" alt=\"\" width=\"300\" height=\"429\" srcset=\"https:\/\/www.elvalledeloscaidos.es\/portal\/wp-content\/uploads\/2011\/05\/osb.jpg 300w, https:\/\/www.elvalledeloscaidos.es\/portal\/wp-content\/uploads\/2011\/05\/osb-209x300.jpg 209w\" sizes=\"(max-width: 300px) 100vw, 300px\" \/><\/p>\n<p>A las 4 de la madrugada del dia de hoy 18 de mayo de 2011 nos dejaba el P. Juan Antonio Pascual.<\/p>\n<p>El P. Juan Antonio Pascual naci\u00f3 en 1930 en la localidad abulense de Pedro Bernardo, en el coraz\u00f3n del Valle del Tietar. En marzo de 1951 emprendi\u00f3 su profesi\u00f3n mon\u00e1stica (este a\u00f1o celebr\u00f3 el 60 aniversario de este hecho), en 1955 fue ordenado Sacerdote y en el a\u00f1o 1961 ingres\u00f3 en la Abad\u00eda Benedictina del Valle de los Ca\u00eddos.<\/p>\n<p><!--more--><\/p>\n<p>El P. Juan Antonio llevaba ya un tiempo delicado de salud lo cual no era obstaculo para que atendiera a cuantos se acercaban a el. Derroch\u00f3 simpat\u00eda por todo y por todos.<\/p>\n<p>Los funerales por el alma del P. Juan Antonio se celebrar\u00e1n (D.m), ma\u00f1ana dia 19 de mayo a las 11.00 horas en la Bas\u00edlica del Valle de los Ca\u00eddos. Posteriormente ser\u00e1 enterrado en el cementerio de la comunidad benedictina, junto al monasterio. Tanto el funeral como la ceremonia de su enterramiento est\u00e1n abiertos a cuantos fieles deseen acompa\u00f1ar a la comunidad benedictina en tan delicado momento.<\/p>\n<p>ADVC<\/p>\n<p>Trasncribimos la nota enviada por la Abad\u00eda de Santa Cruz.<\/p>\n<p style=\"text-align: center;\">\n<div>El que come mi carne y bebe mi sangre tiene vida eterna,<br \/>\ny Yo lo resucitar\u00e9 en el \u00faltimo d\u00eda (Jn 6,54)<\/div>\n<p style=\"text-align: center;\">El d\u00eda 18 de mayo del a\u00f1o del Se\u00f1or 2011, confortado con la Unci\u00f3n de los enfermos, se durmi\u00f3 en el Se\u00f1or nuestro hermano,<\/p>\n<p style=\"text-align: center;\"><strong>R. P. JUAN ANTONIO PASCUAL AGUILAR OSB<\/strong><\/p>\n<p style=\"text-align: center;\">MONJE SACERDOTE DE NUESTRA COMUNIDAD DE SANTA CRUZ DEL VALLE DE LOS CA\u00cdDOS, DE LA CONGREGACI\u00d3N DE SOLESMES Y DE LA ORDEN DE SAN BENITO.<br \/>\nTen\u00eda 80 a\u00f1os, 60 de profesi\u00f3n y 56 de sacerdocio.<br \/>\nD.E.P.<\/p>\n<p style=\"text-align: center;\">\u00a0<\/p>\n<p>El Padre Abad y la comunidad benedictina de Santa Cruz le encomiendan a vuestras oraciones.<br \/>\nEl funeral y entierro tendr\u00e1 lugar (D. m.) el d\u00eda 19 de mayo a las 11 h.<\/p>\n","protected":false},"excerpt":{"rendered":"<p>A las 4 de la madrugada del dia de hoy 18 de mayo de 2011 nos dejaba el P. Juan Antonio Pascual. El P. Juan Antonio Pascual naci\u00f3 en 1930 en la localidad abulense de Pedro Bernardo, en el coraz\u00f3n del Valle del Tietar. En marzo de 1951 emprendi\u00f3 su [&hellip;]<\/p>\n","protected":false},"author":1,"featured_media":0,"comment_status":"open","ping_status":"open","sticky":false,"template":"","format":"standard","meta":[],"categories":[4],"tags":[],"yoast_head":"<!-- This site is optimized with the Yoast SEO plugin v18.6 - https:\/\/yoast.com\/wordpress\/plugins\/seo\/ -->\n<title>Ha fallecido el P. Juan Antonio Pascual, de la Abad\u00eda Benedictina del Valle de los Ca\u00eddos - ADVC<\/title>\n<meta name=\"robots\" content=\"index, follow, max-snippet:-1, max-image-preview:large, max-video-preview:-1\" \/>\n<link rel=\"canonical\" href=\"https:\/\/www.elvalledeloscaidos.es\/portal\/?p=769\" \/>\n<meta property=\"og:locale\" content=\"es_ES\" \/>\n<meta property=\"og:type\" content=\"article\" \/>\n<meta property=\"og:title\" content=\"Ha fallecido el P. Juan Antonio Pascual, de la Abad\u00eda Benedictina del Valle de los Ca\u00eddos - ADVC\" \/>\n<meta property=\"og:description\" content=\"A las 4 de la madrugada del dia de hoy 18 de mayo de 2011 nos dejaba el P. Juan Antonio Pascual. El P. Juan Antonio Pascual naci\u00f3 en 1930 en la localidad abulense de Pedro Bernardo, en el coraz\u00f3n del Valle del Tietar. En marzo de 1951 emprendi\u00f3 su [&hellip;]\" \/>\n<meta property=\"og:url\" content=\"https:\/\/www.elvalledeloscaidos.es\/portal\/?p=769\" \/>\n<meta property=\"og:site_name\" content=\"ADVC\" \/>\n<meta property=\"article:published_time\" content=\"2011-05-18T10:25:29+00:00\" \/>\n<meta property=\"article:modified_time\" content=\"2011-05-19T22:34:56+00:00\" \/>\n<meta property=\"og:image\" content=\"http:\/\/www.elvalledeloscaidos.es\/portal\/wp-content\/uploads\/2011\/05\/osb.jpg\" \/>\n<meta name=\"twitter:card\" content=\"summary_large_image\" \/>\n<meta name=\"twitter:label1\" content=\"Escrito por\" \/>\n\t<meta name=\"twitter:data1\" content=\"linares\" \/>\n\t<meta name=\"twitter:label2\" content=\"Tiempo de lectura\" \/>\n\t<meta name=\"twitter:data2\" content=\"2 minutos\" \/>\n<script type=\"application\/ld+json\" class=\"yoast-schema-graph\">{\"@context\":\"https:\/\/schema.org\",\"@graph\":[{\"@type\":\"WebSite\",\"@id\":\"https:\/\/www.elvalledeloscaidos.es\/portal\/#website\",\"url\":\"https:\/\/www.elvalledeloscaidos.es\/portal\/\",\"name\":\"ADVC\",\"description\":\"Asociaci\u00f3n Para la Defensa del Valle de los Ca\u00eddos\",\"potentialAction\":[{\"@type\":\"SearchAction\",\"target\":{\"@type\":\"EntryPoint\",\"urlTemplate\":\"https:\/\/www.elvalledeloscaidos.es\/portal\/?s={search_term_string}\"},\"query-input\":\"required name=search_term_string\"}],\"inLanguage\":\"es\"},{\"@type\":\"ImageObject\",\"@id\":\"https:\/\/www.elvalledeloscaidos.es\/portal\/?p=769#primaryimage\",\"inLanguage\":\"es\",\"url\":\"http:\/\/www.elvalledeloscaidos.es\/portal\/wp-content\/uploads\/2011\/05\/osb.jpg\",\"contentUrl\":\"http:\/\/www.elvalledeloscaidos.es\/portal\/wp-content\/uploads\/2011\/05\/osb.jpg\"},{\"@type\":\"WebPage\",\"@id\":\"https:\/\/www.elvalledeloscaidos.es\/portal\/?p=769#webpage\",\"url\":\"https:\/\/www.elvalledeloscaidos.es\/portal\/?p=769\",\"name\":\"Ha fallecido el P. Juan Antonio Pascual, de la Abad\u00eda Benedictina del Valle de los Ca\u00eddos - ADVC\",\"isPartOf\":{\"@id\":\"https:\/\/www.elvalledeloscaidos.es\/portal\/#website\"},\"primaryImageOfPage\":{\"@id\":\"https:\/\/www.elvalledeloscaidos.es\/portal\/?p=769#primaryimage\"},\"datePublished\":\"2011-05-18T10:25:29+00:00\",\"dateModified\":\"2011-05-19T22:34:56+00:00\",\"author\":{\"@id\":\"https:\/\/www.elvalledeloscaidos.es\/portal\/#\/schema\/person\/36b3894dc4f1eb332b7fc369aed7eb58\"},\"breadcrumb\":{\"@id\":\"https:\/\/www.elvalledeloscaidos.es\/portal\/?p=769#breadcrumb\"},\"inLanguage\":\"es\",\"potentialAction\":[{\"@type\":\"ReadAction\",\"target\":[\"https:\/\/www.elvalledeloscaidos.es\/portal\/?p=769\"]}]},{\"@type\":\"BreadcrumbList\",\"@id\":\"https:\/\/www.elvalledeloscaidos.es\/portal\/?p=769#breadcrumb\",\"itemListElement\":[{\"@type\":\"ListItem\",\"position\":1,\"name\":\"Portada\",\"item\":\"https:\/\/www.elvalledeloscaidos.es\/portal\"},{\"@type\":\"ListItem\",\"position\":2,\"name\":\"Ha fallecido el P. Juan Antonio Pascual, de la Abad\u00eda Benedictina del Valle de los Ca\u00eddos\"}]},{\"@type\":\"Person\",\"@id\":\"https:\/\/www.elvalledeloscaidos.es\/portal\/#\/schema\/person\/36b3894dc4f1eb332b7fc369aed7eb58\",\"name\":\"linares\",\"image\":{\"@type\":\"ImageObject\",\"@id\":\"https:\/\/www.elvalledeloscaidos.es\/portal\/#personlogo\",\"inLanguage\":\"es\",\"url\":\"https:\/\/secure.gravatar.com\/avatar\/0b6f3a427655ac169c9155e538724b76?s=96&d=mm&r=g\",\"contentUrl\":\"https:\/\/secure.gravatar.com\/avatar\/0b6f3a427655ac169c9155e538724b76?s=96&d=mm&r=g\",\"caption\":\"linares\"},\"url\":\"https:\/\/www.elvalledeloscaidos.es\/portal\/?author=1\"}]}<\/script>\n<!-- \/ Yoast SEO plugin. -->","yoast_head_json":{"title":"Ha fallecido el P. Juan Antonio Pascual, de la Abad\u00eda Benedictina del Valle de los Ca\u00eddos - ADVC","robots":{"index":"index","follow":"follow","max-snippet":"max-snippet:-1","max-image-preview":"max-image-preview:large","max-video-preview":"max-video-preview:-1"},"canonical":"https:\/\/www.elvalledeloscaidos.es\/portal\/?p=769","og_locale":"es_ES","og_type":"article","og_title":"Ha fallecido el P. Juan Antonio Pascual, de la Abad\u00eda Benedictina del Valle de los Ca\u00eddos - ADVC","og_description":"A las 4 de la madrugada del dia de hoy 18 de mayo de 2011 nos dejaba el P. Juan Antonio Pascual. El P. Juan Antonio Pascual naci\u00f3 en 1930 en la localidad abulense de Pedro Bernardo, en el coraz\u00f3n del Valle del Tietar. En marzo de 1951 emprendi\u00f3 su [&hellip;]","og_url":"https:\/\/www.elvalledeloscaidos.es\/portal\/?p=769","og_site_name":"ADVC","article_published_time":"2011-05-18T10:25:29+00:00","article_modified_time":"2011-05-19T22:34:56+00:00","og_image":[{"url":"http:\/\/www.elvalledeloscaidos.es\/portal\/wp-content\/uploads\/2011\/05\/osb.jpg"}],"twitter_card":"summary_large_image","twitter_misc":{"Escrito por":"linares","Tiempo de lectura":"2 minutos"},"schema":{"@context":"https:\/\/schema.org","@graph":[{"@type":"WebSite","@id":"https:\/\/www.elvalledeloscaidos.es\/portal\/#website","url":"https:\/\/www.elvalledeloscaidos.es\/portal\/","name":"ADVC","description":"Asociaci\u00f3n Para la Defensa del Valle de los Ca\u00eddos","potentialAction":[{"@type":"SearchAction","target":{"@type":"EntryPoint","urlTemplate":"https:\/\/www.elvalledeloscaidos.es\/portal\/?s={search_term_string}"},"query-input":"required name=search_term_string"}],"inLanguage":"es"},{"@type":"ImageObject","@id":"https:\/\/www.elvalledeloscaidos.es\/portal\/?p=769#primaryimage","inLanguage":"es","url":"http:\/\/www.elvalledeloscaidos.es\/portal\/wp-content\/uploads\/2011\/05\/osb.jpg","contentUrl":"http:\/\/www.elvalledeloscaidos.es\/portal\/wp-content\/uploads\/2011\/05\/osb.jpg"},{"@type":"WebPage","@id":"https:\/\/www.elvalledeloscaidos.es\/portal\/?p=769#webpage","url":"https:\/\/www.elvalledeloscaidos.es\/portal\/?p=769","name":"Ha fallecido el P. Juan Antonio Pascual, de la Abad\u00eda Benedictina del Valle de los Ca\u00eddos - ADVC","isPartOf":{"@id":"https:\/\/www.elvalledeloscaidos.es\/portal\/#website"},"primaryImageOfPage":{"@id":"https:\/\/www.elvalledeloscaidos.es\/portal\/?p=769#primaryimage"},"datePublished":"2011-05-18T10:25:29+00:00","dateModified":"2011-05-19T22:34:56+00:00","author":{"@id":"https:\/\/www.elvalledeloscaidos.es\/portal\/#\/schema\/person\/36b3894dc4f1eb332b7fc369aed7eb58"},"breadcrumb":{"@id":"https:\/\/www.elvalledeloscaidos.es\/portal\/?p=769#breadcrumb"},"inLanguage":"es","potentialAction":[{"@type":"ReadAction","target":["https:\/\/www.elvalledeloscaidos.es\/portal\/?p=769"]}]},{"@type":"BreadcrumbList","@id":"https:\/\/www.elvalledeloscaidos.es\/portal\/?p=769#breadcrumb","itemListElement":[{"@type":"ListItem","position":1,"name":"Portada","item":"https:\/\/www.elvalledeloscaidos.es\/portal"},{"@type":"ListItem","position":2,"name":"Ha fallecido el P. Juan Antonio Pascual, de la Abad\u00eda Benedictina del Valle de los Ca\u00eddos"}]},{"@type":"Person","@id":"https:\/\/www.elvalledeloscaidos.es\/portal\/#\/schema\/person\/36b3894dc4f1eb332b7fc369aed7eb58","name":"linares","image":{"@type":"ImageObject","@id":"https:\/\/www.elvalledeloscaidos.es\/portal\/#personlogo","inLanguage":"es","url":"https:\/\/secure.gravatar.com\/avatar\/0b6f3a427655ac169c9155e538724b76?s=96&d=mm&r=g","contentUrl":"https:\/\/secure.gravatar.com\/avatar\/0b6f3a427655ac169c9155e538724b76?s=96&d=mm&r=g","caption":"linares"},"url":"https:\/\/www.elvalledeloscaidos.es\/portal\/?author=1"}]}},"_links":{"self":[{"href":"https:\/\/www.elvalledeloscaidos.es\/portal\/index.php?rest_route=\/wp\/v2\/posts\/769"}],"collection":[{"href":"https:\/\/www.elvalledeloscaidos.es\/portal\/index.php?rest_route=\/wp\/v2\/posts"}],"about":[{"href":"https:\/\/www.elvalledeloscaidos.es\/portal\/index.php?rest_route=\/wp\/v2\/types\/post"}],"author":[{"embeddable":true,"href":"https:\/\/www.elvalledeloscaidos.es\/portal\/index.php?rest_route=\/wp\/v2\/users\/1"}],"replies":[{"embeddable":true,"href":"https:\/\/www.elvalledeloscaidos.es\/portal\/index.php?rest_route=%2Fwp%2Fv2%2Fcomments&post=769"}],"version-history":[{"count":15,"href":"https:\/\/www.elvalledeloscaidos.es\/portal\/index.php?rest_route=\/wp\/v2\/posts\/769\/revisions"}],"predecessor-version":[{"id":2300,"href":"https:\/\/www.elvalledeloscaidos.es\/portal\/index.php?rest_route=\/wp\/v2\/posts\/769\/revisions\/2300"}],"wp:attachment":[{"href":"https:\/\/www.elvalledeloscaidos.es\/portal\/index.php?rest_route=%2Fwp%2Fv2%2Fmedia&parent=769"}],"wp:term":[{"taxonomy":"category","embeddable":true,"href":"https:\/\/www.elvalledeloscaidos.es\/portal\/index.php?rest_route=%2Fwp%2Fv2%2Fcategories&post=769"},{"taxonomy":"post_tag","embeddable":true,"href":"https:\/\/www.elvalledeloscaidos.es\/portal\/index.php?rest_route=%2Fwp%2Fv2%2Ftags&post=769"}],"curies":[{"name":"wp","href":"https:\/\/api.w.org\/{rel}","templated":true}]}}