{"id":831,"date":"2011-05-28T16:57:00","date_gmt":"2011-05-28T15:57:00","guid":{"rendered":"http:\/\/www.elvalledeloscaidos.es\/portal\/?p=831"},"modified":"2013-08-31T22:07:21","modified_gmt":"2013-08-31T21:07:21","slug":"sdffszdf","status":"publish","type":"post","link":"https:\/\/www.elvalledeloscaidos.es\/portal\/?p=831","title":{"rendered":"Esta es la \u00abComisi\u00f3n de Expertos\u00bb nombrada para \u00abdecidir\u00bb el futuro del Valle de los Ca\u00eddos"},"content":{"rendered":"<table class=\"tabla001\" width=\"500\" border=\"0\" cellspacing=\"2\" cellpadding=\"4\" bgcolor=\"#ffffff\">\n<tbody>\n<tr>\n<td>\u00a0A continuaci\u00f3n os facilitamos una breve, pero en muchos casos significativa, biograf\u00eda de la recientemente creada \u00abComisi\u00f3n de Expertos\u00bb, creada a iniciativa del Ministerio de la Presidencia, para decidir nada menos cual ha de ser el futuro del Valle de los Ca\u00eddos.Rogamos examin\u00e9is todas y cada una de estas biograf\u00edas y saqu\u00e9is vuestras propias conclusiones.<\/p>\n<p><!--more--><\/td>\n<\/tr>\n<tr align=\"center\" valign=\"top\">\n<td colspan=\"5\" height=\"35\">click en cada imagen para acceder a la informaci\u00f3n<\/td>\n<\/tr>\n<tr align=\"center\" valign=\"top\">\n<td colspan=\"5\" height=\"2442\">\n<p style=\"text-align: justify;\"><a name=\"arriba\"><\/a><\/p>\n<table width=\"400\" border=\"0\">\n<tbody>\n<tr>\n<td><a href=\"#virgiliozapatero\"><img decoding=\"async\" loading=\"lazy\" alt=\"VIRGILIO ZAPATERO\" src=\"http:\/\/www.elvalledeloscaidos.es\/portal\/wp-content\/themes\/o2\/images\/expertos\/virgiliozapatero.jpg\" width=\"100\" height=\"100\" border=\"0\" \/><\/a><\/td>\n<td><a href=\"#pedrogonzalez\"><img decoding=\"async\" loading=\"lazy\" alt=\"PEDRO JOS\u00c9 GONZ\u00c1LEZ-TREVIJANO S\u00c1NCHEZ\" src=\"http:\/\/www.elvalledeloscaidos.es\/portal\/wp-content\/themes\/o2\/images\/expertos\/gonzaleztrevijano.jpg\" width=\"100\" height=\"100\" border=\"0\" \/><\/a><\/td>\n<td><a href=\"#carmemolinero\"><img decoding=\"async\" loading=\"lazy\" alt=\"CARME MOLINERO RUIZ\" src=\"http:\/\/www.elvalledeloscaidos.es\/portal\/wp-content\/themes\/o2\/images\/expertos\/carmenmolinero.jpg\" width=\"100\" height=\"100\" border=\"0\" \/><\/a><\/td>\n<td><a href=\"#miguelherrero\"><img decoding=\"async\" loading=\"lazy\" alt=\"MIGUEL HERRERO DE MI\u00d1ON\" src=\"http:\/\/www.elvalledeloscaidos.es\/portal\/wp-content\/themes\/o2\/images\/expertos\/herrero.jpg\" width=\"100\" height=\"100\" border=\"0\" \/><\/a><\/td>\n<\/tr>\n<tr>\n<td><a href=\"#fernandosebastian\"><img decoding=\"async\" loading=\"lazy\" alt=\"FERNANDO SEBASTI\u00c1N AGUILAR\" src=\"http:\/\/www.elvalledeloscaidos.es\/portal\/wp-content\/themes\/o2\/images\/expertos\/fernandosebastian.jpg\" width=\"100\" height=\"100\" border=\"0\" \/><\/a><\/td>\n<td><a href=\"#aliciaalted\"><img decoding=\"async\" loading=\"lazy\" alt=\"MAR\u00cdA ALICIA ALTED VIGIL\" src=\"http:\/\/www.elvalledeloscaidos.es\/portal\/wp-content\/themes\/o2\/images\/expertos\/aliciaalted2.jpg\" width=\"100\" height=\"100\" border=\"0\" \/><\/a><\/td>\n<td><a href=\"#manuelreyes\"><img decoding=\"async\" loading=\"lazy\" alt=\"MANUEL REYES MATE RUP\u00c9REZ\" src=\"http:\/\/www.elvalledeloscaidos.es\/portal\/wp-content\/themes\/o2\/images\/expertos\/manuelreyes.jpg\" width=\"100\" height=\"100\" border=\"0\" \/><\/a><\/td>\n<td><a href=\"#ameliavalcarcel\"><img decoding=\"async\" loading=\"lazy\" alt=\"AMELIA VALC\u00c1RCEL BERNARDO DE QUIR\u00d3S\" src=\"http:\/\/www.elvalledeloscaidos.es\/portal\/wp-content\/themes\/o2\/images\/expertos\/amelia.jpg\" width=\"100\" height=\"100\" border=\"0\" \/><\/a><\/td>\n<\/tr>\n<tr>\n<td><a href=\"#hilariraguer\"><img decoding=\"async\" loading=\"lazy\" alt=\"HILARI RAGUER I SU\u00d1ER\" src=\"http:\/\/www.elvalledeloscaidos.es\/portal\/wp-content\/themes\/o2\/images\/expertos\/hilariraguer.jpg\" width=\"100\" height=\"100\" border=\"0\" \/><\/a><\/td>\n<td><a href=\"#carmensanz\"><img decoding=\"async\" loading=\"lazy\" alt=\"CARMEN SANZ AY\u00c1N\" src=\"http:\/\/www.elvalledeloscaidos.es\/portal\/wp-content\/themes\/o2\/images\/expertos\/carmensanz.jpg\" width=\"100\" height=\"100\" border=\"0\" \/><\/a><\/td>\n<td><a href=\"#ricardvinyes\"><img decoding=\"async\" loading=\"lazy\" alt=\"RICARD VINYES RIBAS\" src=\"http:\/\/www.elvalledeloscaidos.es\/portal\/wp-content\/themes\/o2\/images\/expertos\/ricardvinyes.jpg\" width=\"100\" height=\"100\" border=\"0\" \/><\/a><\/td>\n<td><a href=\"#franciscoferrandiz\"><img decoding=\"async\" loading=\"lazy\" alt=\"FRANCISCO FERR\u00c1NDIZ MART\u00cdN\" src=\"http:\/\/www.elvalledeloscaidos.es\/portal\/wp-content\/themes\/o2\/images\/expertos\/franciscoferrandiz.jpg\" width=\"100\" height=\"100\" border=\"0\" \/><\/a><\/td>\n<\/tr>\n<\/tbody>\n<\/table>\n<p class=\"azulon\" style=\"text-align: justify;\"><a href=\"#arriba\">[volver arriba]<\/a><\/p>\n<p class=\"azulon\" style=\"text-align: justify;\"><img decoding=\"async\" loading=\"lazy\" alt=\"VIRGILIO ZAPATERO\" src=\"http:\/\/www.elvalledeloscaidos.es\/portal\/wp-content\/themes\/o2\/images\/expertos\/virgiliozapatero.jpg\" width=\"100\" height=\"100\" border=\"0\" \/><\/p>\n<p><a id=\"virgiliozapatero\" name=\"virgiliozapatero\"><\/a><br \/>\n<span style=\"text-decoration: underline;\">VIRGILIO ZAPATERO G\u00d3MEZ<\/span><\/p>\n<p style=\"text-align: justify;\">Virgilio Zapatero G\u00f3mez (Cisneros (Palencia), 26 de junio de 1946). Jurista y pol\u00edtico espa\u00f1ol, actual vicepresidente de Caja Madrid.<\/p>\n<p style=\"text-align: justify;\">Fue Parlamentario Constituyente (1977\/79), Diputado desde 1979 a 1993, Secretario de Estado (1982\/1986), Ministro de Relaciones con las Cortes y la Secretar\u00eda del Gobierno (1986\/1993), Presidente de la Comisi\u00f3n Constitucional (1993) y Representante en la Asamblea Parlamentaria del Consejo de Europa (1993).<\/p>\n<p style=\"text-align: justify;\"><strong>ES MIEMBRO DE LA FUNDACION PABLO IGLESIAS<\/strong><\/p>\n<p class=\"azulon\" style=\"text-align: justify;\"><a href=\"#arriba\">[volver arriba<\/a><span class=\"Estilo3\">]<\/span><\/p>\n<p><a id=\"pedrogonzalez\" name=\"pedrogonzalez\"><\/a><\/p>\n<p class=\"azulon\" style=\"text-align: justify;\"><span class=\"Estilo3\">\u00a0<\/span><\/p>\n<p class=\"azulon\" style=\"text-align: justify;\"><span class=\"Estilo3\"><img decoding=\"async\" loading=\"lazy\" alt=\"PEDRO JOS\u00c9 GONZ\u00c1LEZ-TREVIJANO S\u00c1NCHEZ\" src=\"http:\/\/www.elvalledeloscaidos.es\/portal\/wp-content\/themes\/o2\/images\/expertos\/gonzaleztrevijano.jpg\" width=\"100\" height=\"100\" border=\"0\" \/>\u00a0\u00a0<\/span><span style=\"text-decoration: underline;\">PEDRO JOS\u00c9 GONZ\u00c1LEZ-TREVIJANO S\u00c1NCHEZ<\/span><\/p>\n<p class=\"Estilo2\" style=\"text-align: justify;\">Doctor en Derecho por la Universidad Complutense de Madrid y catedr\u00e1tico de<\/p>\n<p style=\"text-align: justify;\">Derecho Constitucional. Es Rector de la Universidad Rey Juan Carlos desde junio de 2002 y vocal de la Junta Electoral Central..<\/p>\n<p class=\"azulon\" style=\"text-align: justify;\"><a href=\"#arriba\">[volver arriba<\/a><span class=\"Estilo3\">]<\/span><\/p>\n<p><a id=\"carmemolinero\" name=\"carmemolinero\"><\/a><\/p>\n<p class=\"azulon\" style=\"text-align: justify;\"><span class=\"Estilo3\">\u00a0<\/span><\/p>\n<p class=\"azulon\" style=\"text-align: justify;\"><span class=\"Estilo3\"><img decoding=\"async\" loading=\"lazy\" alt=\"CARME MOLINERO RUIZ\" src=\"http:\/\/www.elvalledeloscaidos.es\/portal\/wp-content\/themes\/o2\/images\/expertos\/carmenmolinero.jpg\" width=\"100\" height=\"100\" border=\"0\" \/><\/span><span style=\"text-decoration: underline;\">CARME MOLINERO<\/span><\/p>\n<p style=\"text-align: justify;\">Doctora en Filosof\u00eda y Letras e Historia por la Universidad Aut\u00f3noma de Barcelona y catedr\u00e1tica de Historia de esta misma universidad.<\/p>\n<p style=\"text-align: justify;\"><strong>Es miembro del Centro de estudios sobre las \u00e9pocas franquista y democr\u00e1tica<\/strong><\/p>\n<p class=\"azulon\" style=\"text-align: justify;\"><a href=\"#arriba\">[volver arriba<\/a><span class=\"Estilo3\">]<\/span><\/p>\n<p><a id=\"miguelherrero\" name=\"miguelherrero\"><\/a><\/p>\n<p class=\"azulon\" style=\"text-align: justify;\"><span class=\"Estilo3\">\u00a0<\/span><\/p>\n<p class=\"azulon\" style=\"text-align: justify;\"><span class=\"Estilo3\"><img decoding=\"async\" loading=\"lazy\" alt=\"MIGUEL HERRERO DE MI\u00d1ON\" src=\"http:\/\/www.elvalledeloscaidos.es\/portal\/wp-content\/themes\/o2\/images\/expertos\/herrero.jpg\" width=\"100\" height=\"100\" border=\"0\" \/><\/span><span style=\"text-decoration: underline;\">MIGUEL HERRERO DE MI\u00d1ON<\/span><\/p>\n<p class=\"Estilo2\" style=\"text-align: justify;\">Doctor en Derecho y Licenciado en Filosof\u00eda y Letras por la Universidad<\/p>\n<p style=\"text-align: justify;\">Complutense de Madrid. Doctor Honoris Causa por la Universidades Nacional de Educaci\u00f3n a Distancia y de Le\u00f3n. Consejero permanente del Consejo de Estado y miembro de la Real Academia de Ciencias Morales y Pol\u00edticas.<\/p>\n<p style=\"text-align: justify;\">Letrado del Consejo de Estado desde l966, Letrado Mayor desde 1993,<\/p>\n<p style=\"text-align: justify;\">actualmente Consejero Permanente de Estado desde 2009.<\/p>\n<p class=\"azulon\" style=\"text-align: justify;\"><a href=\"#arriba\">[volver arriba<\/a><span class=\"Estilo3\">]<\/span><\/p>\n<p><a id=\"fernandosebastian\" name=\"fernandosebastian\"><\/a><\/p>\n<p class=\"azulon\" style=\"text-align: justify;\"><span class=\"Estilo3\">\u00a0<\/span><\/p>\n<p class=\"azulon\" style=\"text-align: justify;\"><span class=\"Estilo3\"><img decoding=\"async\" loading=\"lazy\" alt=\"FERNANDO SEBASTI\u00c1N AGUILAR\" src=\"http:\/\/www.elvalledeloscaidos.es\/portal\/wp-content\/themes\/o2\/images\/expertos\/fernandosebastian.jpg\" width=\"100\" height=\"100\" border=\"0\" \/><\/span><span style=\"text-decoration: underline;\">FERNANDO SEBASTI\u00c1N AGUILAR<\/span><\/p>\n<p class=\"Estilo2\" style=\"text-align: justify;\">Doctor en Teolog\u00eda. Arzobispo em\u00e9rito de Pamplona y Tudela. <strong>Autoexclu\u00eddo de la comisi\u00f3n de \u00abexpertos\u00bb.<\/strong><\/p>\n<p class=\"azulon\" style=\"text-align: justify;\"><a href=\"#arriba\">[volver arriba<\/a><span class=\"Estilo3\">]<\/span><\/p>\n<p><a id=\"aliciaalted\" name=\"aliciaalted\"><\/a><\/p>\n<p class=\"azulon\" style=\"text-align: justify;\"><span class=\"Estilo3\">\u00a0<\/span><\/p>\n<p class=\"azulon\" style=\"text-align: justify;\"><span class=\"Estilo3\">\u00a0<\/span><\/p>\n<p class=\"azulon\" style=\"text-align: justify;\"><span class=\"Estilo3\">\u00a0<\/span><span style=\"text-decoration: underline;\"><img decoding=\"async\" loading=\"lazy\" alt=\"MAR\u00cdA ALICIA ALTED VIGIL\" src=\"http:\/\/www.elvalledeloscaidos.es\/portal\/wp-content\/themes\/o2\/images\/expertos\/aliciaalted2.jpg\" width=\"100\" height=\"100\" border=\"0\" \/><\/span><\/p>\n<p class=\"titular3\" style=\"text-align: justify;\"><span style=\"text-decoration: underline;\">MAR\u00cdA ALICIA ALTED VIGIL<\/span><\/p>\n<p style=\"text-align: justify;\">Licenciada en Filosof\u00eda y Letras (Secci\u00f3n Historia y Geograf\u00eda, Especialidad de<\/p>\n<p style=\"text-align: justify;\">Historia Moderna y Contempor\u00e1nea) por la Universidad Complutense de Madrid.<\/p>\n<p style=\"text-align: justify;\">Es catedr\u00e1tica de Historia Contempor\u00e1nea de la Universidad Nacional de<\/p>\n<p style=\"text-align: justify;\">Educaci\u00f3n a Distancia (UNED).<\/p>\n<p style=\"text-align: justify;\">Ha escrito obras como:\u00bb<strong>Manuel Aza\u00f1a: Pensamiento y acci\u00f3n<\/strong>\u00bb Alianza Editorial<\/p>\n<p class=\"azulon\" style=\"text-align: justify;\"><a href=\"#arriba\">[volver arriba<\/a><span class=\"Estilo3\">]<\/span><\/p>\n<p><a id=\"manuelreyes\" name=\"manuelreyes\"><\/a><\/p>\n<p class=\"azulon\" style=\"text-align: justify;\"><span class=\"Estilo3\">\u00a0<\/span><\/p>\n<p class=\"azulon\" style=\"text-align: justify;\"><span class=\"Estilo3\"><img decoding=\"async\" loading=\"lazy\" alt=\"MANUEL REYES MATE RUP\u00c9REZ\" src=\"http:\/\/www.elvalledeloscaidos.es\/portal\/wp-content\/themes\/o2\/images\/expertos\/manuelreyes.jpg\" width=\"100\" height=\"100\" border=\"0\" \/><\/span><\/p>\n<p class=\"azulon\" style=\"text-align: justify;\"><span class=\"Estilo3\">\u00a0<\/span><span style=\"text-decoration: underline;\">MANUEL REYES MATE RUP\u00c9REZ<\/span><\/p>\n<p class=\"Estilo2\" style=\"text-align: justify;\">Manuel-Reyes Mate Rup\u00e9rez (6 de enero de 1942, Pedrajas de San Esteban, Valladolid) es un fil\u00f3sofo espa\u00f1ol, dedicado a la investigaci\u00f3n de la dimensi\u00f3n pol\u00edtica de la raz\u00f3n, de la historia y de la religi\u00f3n y en concreto de la memoria, los vencidos y el papel de la filosof\u00eda despu\u00e9s del Holocausto y Auschwitz. En 2009 se le concedi\u00f3 en Espa\u00f1a el Premio Nacional de Literatura &#8211; Ensayo por su obra La herencia del olvido.<\/p>\n<p class=\"azulon\" style=\"text-align: justify;\"><a href=\"#arriba\">[volver arriba<\/a><span class=\"Estilo3\">]<\/span><\/p>\n<p><a id=\"ameliavalcarcel\" name=\"ameliavalcarcel\"><\/a><\/p>\n<p class=\"azulon\" style=\"text-align: justify;\"><span class=\"Estilo3\">\u00a0<\/span><\/p>\n<p class=\"azulon\" style=\"text-align: justify;\"><span class=\"Estilo3\"><img decoding=\"async\" loading=\"lazy\" alt=\"AMELIA VALC\u00c1RCEL BERNARDO DE QUIR\u00d3S\" src=\"http:\/\/www.elvalledeloscaidos.es\/portal\/wp-content\/themes\/o2\/images\/expertos\/amelia.jpg\" width=\"100\" height=\"100\" border=\"0\" \/><\/span><\/p>\n<p class=\"azulon\" style=\"text-align: justify;\"><span class=\"Estilo3\">\u00a0<\/span><span style=\"text-decoration: underline;\">AMELIA VALC\u00c1RCEL BERNARDO DE QUIR\u00d3S<\/span><\/p>\n<p style=\"text-align: justify;\">Catedr\u00e1tica de Filosof\u00eda Moral y Pol\u00edtica de la UNED. Es miembro del Consejo de Estado, vicepresidenta del Real Patronato del Museo del Prado y Patrona de la Universidad Internacional Men\u00e9ndez Pelayo (UIMP).<\/p>\n<p style=\"text-align: justify;\">La web de extrema izquierda <a href=\"http:\/\/www.nodo50.org\">www.nodo50.org<\/a>, describe a \u00a0la Sra Valcarcel de la siguiente manera:<\/p>\n<p style=\"text-align: justify;\"><strong>\u00abPolemista, pol\u00edticamente incorrecta, reivindicadora del <\/strong><strong>derecho a ser mala, Amelia Valc\u00e1rcel y Bernaldo de Quir\u00f3s <\/strong><strong>tiene las ideas muy claras, sustentadas en el buen conocimiento <\/strong><strong>y uso de la filosof\u00eda, y una lengua afilada, aunque sus palabras salen envueltas<\/strong><strong>en el terciopelo de una voz c\u00e1lida y formas suaves&#8230;\u00bb<\/strong><\/p>\n<p><a id=\"hilariraguer\" name=\"hilariraguer\"><\/a><\/p>\n<p class=\"azulon\" style=\"text-align: justify;\"><a href=\"#arriba\">[volver arriba]<\/a><\/p>\n<p class=\"azulon\" style=\"text-align: justify;\">\u00a0<img decoding=\"async\" loading=\"lazy\" alt=\"HILARI RAGUER I SU\u00d1ER\" src=\"http:\/\/www.elvalledeloscaidos.es\/portal\/wp-content\/themes\/o2\/images\/expertos\/hilariraguer.jpg\" width=\"100\" height=\"100\" border=\"0\" \/><\/p>\n<p><span style=\"text-decoration: underline;\">HILARI RAGUER I SU\u00d1ER<\/span><\/p>\n<p style=\"text-align: justify;\">Naci\u00f3 en Madrid, donde su padre, empleado de Fomento de Construcciones y Contratas, trabajaba. Al a\u00f1o su familia retorn\u00f3 a Barcelona. Durante la Guerra Civil, permaneci\u00f3 con su familia en la ciudad, ocultando su condici\u00f3n de cat\u00f3licos por miedo a los anarquistas.<\/p>\n<p style=\"text-align: justify;\">Se licenci\u00f3 en Derecho en la Universidad de Barcelona, donde particip\u00f3 en el grupo de <strong>oposici\u00f3n antifranquista <\/strong>Torres i Bages, de orientaci\u00f3n democristiana y <strong>catalanista<\/strong>, en el que coincidi\u00f3 con otros antifranquistas como Jordi Pujol o Joan Revent\u00f3s.<\/p>\n<p style=\"text-align: justify;\">En 1951 fue detenido, durante la huelga de tranv\u00edas de Barcelona, permaneciendo siete meses preso en el castillo de Montjuich por \u00abultraje a la naci\u00f3n espa\u00f1ola y al sentimiento de su unidad\u00bb, al ser oficial de milicias. Seg\u00fan sus propias declaraciones, en la c\u00e1rcel descubri\u00f3 su vocaci\u00f3n sacerdotal. Gracias a las gestiones de un t\u00edo suyo, sacerdote, pudo evitarse que fuera sometido a un consejo de guerra sumar\u00edsimo, pero tras su salida de la c\u00e1rcel debi\u00f3 permanecer dos a\u00f1os en arresto domiciliario.<\/p>\n<p style=\"text-align: justify;\">En 1954 ingres\u00f3 en el monasterio de Montserrat, siendo ordenado sacerdote en 1960. Estudi\u00f3 Sociolog\u00eda en el Instituto Cat\u00f3lico de Par\u00eds y ese mismo a\u00f1o, elabor\u00f3 una memoria para la facultad de Derecho de la Sorbona sobre la Uni\u00f3 Democr\u00e0tica de Catalunya, que posteriormente ser\u00eda la base para su tesis doctoral, publicada en 1976 (La Uni\u00f3 Democr\u00e0tica de Catalunya i el seu temps (1931-39)). Posteriormente estudi\u00f3 Teolog\u00eda en el Pontificio Ateneo Anselmiano de Roma. En 1966 fund\u00f3 la revista Documents d&#8217;Esgl\u00e9sia.<\/p>\n<p style=\"text-align: justify;\">Ha destacado en tareas de divulgaci\u00f3n b\u00edblica y lit\u00fargica y tambi\u00e9n en estudios sobre la historia pol\u00edtica de Catalu\u00f1a en el siglo XX, el papel de la Iglesia Cat\u00f3lica en la Guerra Civil Espa\u00f1ola y la biograf\u00eda de cat\u00f3licos catalanes represaliados por el franquismo, como el general Domingo Batet o el diputado de UDC Manuel Carrasco Formiguera.<\/p>\n<p style=\"text-align: justify;\">En 1999 se encarg\u00f3 con Agust\u00ed Colomines de la evaluaci\u00f3n del archivo de la Generalidad de Catalu\u00f1a en el exilio, depositado en el Archivo del Nacionalismo de la Fundaci\u00f3n Sabino Arana y devuelto al Archivo Nacional de Catalu\u00f1a. Colabora asiduamente con La Vanguardia.<\/p>\n<p style=\"text-align: justify;\"><strong>En julio de 2008 fue nombrado, a propuesta de CiU, miembro de la junta de gobierno de Memorial Democr\u00e1tico de Catalu\u00f1a.<\/strong><\/p>\n<p style=\"text-align: justify;\"><strong>Hilari Raguer se define como antifranquista, dem\u00f3crata y nacionalista catal\u00e1n y ha sido idenficado como uno de los religiosos m\u00e1s significados de la tendencia catalanista del monasterio de Montserrat. Con respecto a la Iglesia Cat\u00f3lica y la Guerra Civil, ha mantenido opiniones que contrastan con la visi\u00f3n predominante en la Iglesia Cat\u00f3lica espa\u00f1ola. As\u00ed, ha negado la condici\u00f3n de m\u00e1rtires a los religiosos cat\u00f3licos asesinados durante la Guerra Civil en la retaguardia republicana, al considerar que no fueron asesinados por su fe cristiana sino por la asociaci\u00f3n de la Iglesia con la derecha pol\u00edtica, por lo que sus asesinatos ser\u00edan de naturaleza pol\u00edtica y no religiosa, y ha criticado la actitud de la Iglesia espa\u00f1ola por no pedir perd\u00f3n por su \u00abcomplicidad y su silencio\u00bb con la represi\u00f3n franquista, o por su apoyo al franquismo. Al respecto ha acusado al episcopado espa\u00f1ol de mantener una \u00abideolog\u00eda franquista\u00bb. Ha apoyado tambi\u00e9n la Ley de Memoria Hist\u00f3rica.<\/strong><\/p>\n<p style=\"text-align: justify;\"><strong>Tambi\u00e9n ha negado en\u00e9rgicamente el car\u00e1cter de \u00abcruzada\u00bb a la Guerra Civil, t\u00e9rmino usado por la jerarqu\u00eda cat\u00f3lica espa\u00f1ola de la \u00e9poca pero evitado por el Vaticano.<\/strong><\/p>\n<p style=\"text-align: justify;\">Hilari Raguer es tambi\u00e9n uno de los m\u00e1ximos defensores de la tesis de que Manuel Irurita, arzobispo de Barcelona, sobrevivi\u00f3 a la Guerra Civil y no fue asesinado, como habitualmente se sostiene, en diciembre de 1936.<\/p>\n<p style=\"text-align: justify;\">Fuente: wikipedia<\/p>\n<p class=\"azulon\" style=\"text-align: justify;\"><a href=\"#arriba\">[volver arriba<\/a><span class=\"Estilo3\">]<\/span><\/p>\n<p><a id=\"hilariraguer2\" name=\"carmensanz\"><\/a><\/p>\n<p class=\"azulon\" style=\"text-align: justify;\"><img decoding=\"async\" loading=\"lazy\" alt=\"CARMEN SANZ AY\u00c1N\" src=\"http:\/\/www.elvalledeloscaidos.es\/portal\/wp-content\/themes\/o2\/images\/expertos\/carmensanz.jpg\" width=\"100\" height=\"100\" border=\"0\" \/><\/p>\n<p><span style=\"text-decoration: underline;\">CARMEN SANZ AY\u00c1N<\/span><\/p>\n<p style=\"text-align: justify;\">Doctora en Geograf\u00eda e Historia y licenciada en Geograf\u00eda e Historia por la Universidad Complutense de Madrid. Catedr\u00e1tica de Historia Moderna de esta universidad y Acad\u00e9mica de N\u00famero de la Real Academia de la Historia. Miembro del Consejo de Cultura de la CAM desde enero de 2009, vocal del Patronato del Archivo General de Simancas y vicesecretaria de la Real Academia de la Historia y Miembro de la Junta de Gobierno de la Corporaci\u00f3n. Ha dirigido varios proyectos de investigaci\u00f3n para organismos aut\u00f3nomos, nacionales e internacionales en convocatorias competitivas, el \u00faltimo de ellos actualmente en curso titulado \u00abGesti\u00f3n del poder, patronazgo cortesano y capital financiero en la Monarqu\u00eda Hisp\u00e1nica (1580-1715)\u00bb.<\/p>\n<p class=\"azulon\" style=\"text-align: justify;\"><a href=\"#arriba\">[volver arriba<\/a><span class=\"Estilo3\">]<\/span><\/p>\n<p><a id=\"hilariraguer3\" name=\"ricardvinyes\"><\/a><\/p>\n<p class=\"azulon\" style=\"text-align: justify;\"><img decoding=\"async\" loading=\"lazy\" alt=\"RICARD VINYES RIBAS\" src=\"http:\/\/www.elvalledeloscaidos.es\/portal\/wp-content\/themes\/o2\/images\/expertos\/ricardvinyes.jpg\" width=\"100\" height=\"100\" border=\"0\" \/><\/p>\n<p><span style=\"text-decoration: underline;\">RICARD VINYES RIBAS<\/span><\/p>\n<p class=\"Estilo2\" style=\"text-align: justify;\">Catedr\u00e1tico de Historia Contempor\u00e1nea de la Universidad de Barcelona, donde estudi\u00f3 Historia Contempor\u00e1nea y se doctor\u00f3. Especializado en Historia Comparada, Historia de las Ideas Pol\u00edticas y Procesos de la Memoria.<\/p>\n<p style=\"text-align: justify;\">Ha publicado art\u00edculos y libros sobre la represi\u00f3n franquista durante la posguerra, como el titulado &#8216;Los ni\u00f1os perdidos del franquismo&#8217;. Asimismo, es autor y coautor de numerosas obras como \u00abLas pol\u00edticas p\u00fablicas de reparaci\u00f3n y de la memoria en Espa\u00f1a\u00bb, publicada en el libro \u00abRepresi\u00f3n, derechos humanos, memoria y archivos: una perspectiva latinoamericana\u00bb (2010), o \u00abIrredentas. Las presas pol\u00edticas y sus hijos en las c\u00e1rceles franquistas\u00bb (2002), entre otros muchos.<\/p>\n<p class=\"azulon\" style=\"text-align: justify;\"><a href=\"#arriba\">[volver arriba<\/a><span class=\"Estilo3\">]<\/span><\/p>\n<p><a id=\"hilariraguer4\" name=\"franciscoferrandiz\"><\/a><\/p>\n<p class=\"azulon\"><a id=\"hilariraguer4\" name=\"franciscoferrandiz\"><\/a><\/p>\n<p class=\"titular3\"><span style=\"text-decoration: underline;\">\u00a0<\/span><\/p>\n<p class=\"titular3\" style=\"text-align: justify;\"><span style=\"text-decoration: underline;\"><a href=\"#franciscoferrandiz\"><img decoding=\"async\" loading=\"lazy\" alt=\"FRANCISCO FERR\u00c1NDIZ MART\u00cdN\" src=\"http:\/\/www.elvalledeloscaidos.es\/portal\/wp-content\/themes\/o2\/images\/expertos\/franciscoferrandiz.jpg\" width=\"100\" height=\"100\" border=\"0\" \/><\/a><\/span><\/p>\n<p class=\"titular3\" style=\"text-align: justify;\"><span style=\"text-decoration: underline;\">FRANCISCO FERR\u00c1NDIZ MART\u00cdN<\/span><\/p>\n<p style=\"text-align: justify;\">Es Cient\u00edfico Titular del Instituto de Lengua, Literatura y Antropolog\u00eda (ILLA) del Centro de Ciencias Humanas y Sociales (CCHS) del Consejo Superior de<\/p>\n<p style=\"text-align: justify;\">Investigaciones Cient\u00edficas (CSIC).<\/p>\n<p style=\"text-align: justify;\">Se ha especializado en los estudios culturales, la religiosidad popular, la antropolog\u00eda visual, la antropolog\u00eda m\u00e9dica, la antropolog\u00eda del cuerpo y la antropolog\u00eda de la violencia, con especial \u00e9nfasis en investigaciones relacionadascon la memoria y el trauma social. Ha sido Profesor y\/o investigador de las Universidades de Berkeley, Virginia, Central de Venezuela, Utrecht, Aut\u00f3noma del Estado de Morelos, Deusto y Extremadura. Ha impartido tambi\u00e9n docencia de postgrado en las Universidades Central de Barcelona, Complutense, Rovira i Virgili y del Pa\u00eds Vasco.<\/p>\n<p style=\"text-align: justify;\"><strong>Colaborador habitual de los FOROS POR LA MEMORIA. Ha publicado un estudio llamado: \u00abExhumaciones y politica de la memoria en la Espa\u00f1a contempor\u00e1nea\u00bb<\/strong><\/p>\n<\/td>\n<\/tr>\n<\/tbody>\n<\/table>\n","protected":false},"excerpt":{"rendered":"<p>\u00a0A continuaci\u00f3n os facilitamos una breve, pero en muchos casos significativa, biograf\u00eda de la recientemente creada \u00abComisi\u00f3n de Expertos\u00bb, creada a iniciativa del Ministerio de la Presidencia, para decidir nada menos cual ha de ser el futuro del Valle de los Ca\u00eddos.Rogamos examin\u00e9is todas y cada una de estas biograf\u00edas [&hellip;]<\/p>\n","protected":false},"author":1,"featured_media":0,"comment_status":"open","ping_status":"open","sticky":false,"template":"","format":"standard","meta":[],"categories":[4],"tags":[],"yoast_head":"<!-- This site is optimized with the Yoast SEO plugin v18.6 - https:\/\/yoast.com\/wordpress\/plugins\/seo\/ -->\n<title>Esta es la &quot;Comisi\u00f3n de Expertos&quot; nombrada para &quot;decidir&quot; el futuro del Valle de los Ca\u00eddos - ADVC<\/title>\n<meta name=\"robots\" content=\"index, follow, max-snippet:-1, max-image-preview:large, max-video-preview:-1\" \/>\n<link rel=\"canonical\" href=\"https:\/\/www.elvalledeloscaidos.es\/portal\/?p=831\" \/>\n<meta property=\"og:locale\" content=\"es_ES\" \/>\n<meta property=\"og:type\" content=\"article\" \/>\n<meta property=\"og:title\" content=\"Esta es la &quot;Comisi\u00f3n de Expertos&quot; nombrada para &quot;decidir&quot; el futuro del Valle de los Ca\u00eddos - ADVC\" \/>\n<meta property=\"og:description\" content=\"\u00a0A continuaci\u00f3n os facilitamos una breve, pero en muchos casos significativa, biograf\u00eda de la recientemente creada \u00abComisi\u00f3n de Expertos\u00bb, creada a iniciativa del Ministerio de la Presidencia, para decidir nada menos cual ha de ser el futuro del Valle de los Ca\u00eddos.Rogamos examin\u00e9is todas y cada una de estas biograf\u00edas [&hellip;]\" \/>\n<meta property=\"og:url\" content=\"https:\/\/www.elvalledeloscaidos.es\/portal\/?p=831\" \/>\n<meta property=\"og:site_name\" content=\"ADVC\" \/>\n<meta property=\"article:published_time\" content=\"2011-05-28T15:57:00+00:00\" \/>\n<meta property=\"article:modified_time\" content=\"2013-08-31T21:07:21+00:00\" \/>\n<meta property=\"og:image\" content=\"http:\/\/www.elvalledeloscaidos.es\/portal\/wp-content\/themes\/o2\/images\/expertos\/virgiliozapatero.jpg\" \/>\n<meta name=\"twitter:card\" content=\"summary_large_image\" \/>\n<meta name=\"twitter:label1\" content=\"Escrito por\" \/>\n\t<meta name=\"twitter:data1\" content=\"linares\" \/>\n\t<meta name=\"twitter:label2\" content=\"Tiempo de lectura\" \/>\n\t<meta name=\"twitter:data2\" content=\"8 minutos\" \/>\n<script type=\"application\/ld+json\" class=\"yoast-schema-graph\">{\"@context\":\"https:\/\/schema.org\",\"@graph\":[{\"@type\":\"WebSite\",\"@id\":\"https:\/\/www.elvalledeloscaidos.es\/portal\/#website\",\"url\":\"https:\/\/www.elvalledeloscaidos.es\/portal\/\",\"name\":\"ADVC\",\"description\":\"Asociaci\u00f3n Para la Defensa del Valle de los Ca\u00eddos\",\"potentialAction\":[{\"@type\":\"SearchAction\",\"target\":{\"@type\":\"EntryPoint\",\"urlTemplate\":\"https:\/\/www.elvalledeloscaidos.es\/portal\/?s={search_term_string}\"},\"query-input\":\"required name=search_term_string\"}],\"inLanguage\":\"es\"},{\"@type\":\"ImageObject\",\"@id\":\"https:\/\/www.elvalledeloscaidos.es\/portal\/?p=831#primaryimage\",\"inLanguage\":\"es\",\"url\":\"http:\/\/www.elvalledeloscaidos.es\/portal\/wp-content\/themes\/o2\/images\/expertos\/virgiliozapatero.jpg\",\"contentUrl\":\"http:\/\/www.elvalledeloscaidos.es\/portal\/wp-content\/themes\/o2\/images\/expertos\/virgiliozapatero.jpg\"},{\"@type\":\"WebPage\",\"@id\":\"https:\/\/www.elvalledeloscaidos.es\/portal\/?p=831#webpage\",\"url\":\"https:\/\/www.elvalledeloscaidos.es\/portal\/?p=831\",\"name\":\"Esta es la \\\"Comisi\u00f3n de Expertos\\\" nombrada para \\\"decidir\\\" el futuro del Valle de los Ca\u00eddos - ADVC\",\"isPartOf\":{\"@id\":\"https:\/\/www.elvalledeloscaidos.es\/portal\/#website\"},\"primaryImageOfPage\":{\"@id\":\"https:\/\/www.elvalledeloscaidos.es\/portal\/?p=831#primaryimage\"},\"datePublished\":\"2011-05-28T15:57:00+00:00\",\"dateModified\":\"2013-08-31T21:07:21+00:00\",\"author\":{\"@id\":\"https:\/\/www.elvalledeloscaidos.es\/portal\/#\/schema\/person\/36b3894dc4f1eb332b7fc369aed7eb58\"},\"breadcrumb\":{\"@id\":\"https:\/\/www.elvalledeloscaidos.es\/portal\/?p=831#breadcrumb\"},\"inLanguage\":\"es\",\"potentialAction\":[{\"@type\":\"ReadAction\",\"target\":[\"https:\/\/www.elvalledeloscaidos.es\/portal\/?p=831\"]}]},{\"@type\":\"BreadcrumbList\",\"@id\":\"https:\/\/www.elvalledeloscaidos.es\/portal\/?p=831#breadcrumb\",\"itemListElement\":[{\"@type\":\"ListItem\",\"position\":1,\"name\":\"Portada\",\"item\":\"https:\/\/www.elvalledeloscaidos.es\/portal\"},{\"@type\":\"ListItem\",\"position\":2,\"name\":\"Esta es la \u00abComisi\u00f3n de Expertos\u00bb nombrada para \u00abdecidir\u00bb el futuro del Valle de los Ca\u00eddos\"}]},{\"@type\":\"Person\",\"@id\":\"https:\/\/www.elvalledeloscaidos.es\/portal\/#\/schema\/person\/36b3894dc4f1eb332b7fc369aed7eb58\",\"name\":\"linares\",\"image\":{\"@type\":\"ImageObject\",\"@id\":\"https:\/\/www.elvalledeloscaidos.es\/portal\/#personlogo\",\"inLanguage\":\"es\",\"url\":\"https:\/\/secure.gravatar.com\/avatar\/0b6f3a427655ac169c9155e538724b76?s=96&d=mm&r=g\",\"contentUrl\":\"https:\/\/secure.gravatar.com\/avatar\/0b6f3a427655ac169c9155e538724b76?s=96&d=mm&r=g\",\"caption\":\"linares\"},\"url\":\"https:\/\/www.elvalledeloscaidos.es\/portal\/?author=1\"}]}<\/script>\n<!-- \/ Yoast SEO plugin. -->","yoast_head_json":{"title":"Esta es la \"Comisi\u00f3n de Expertos\" nombrada para \"decidir\" el futuro del Valle de los Ca\u00eddos - ADVC","robots":{"index":"index","follow":"follow","max-snippet":"max-snippet:-1","max-image-preview":"max-image-preview:large","max-video-preview":"max-video-preview:-1"},"canonical":"https:\/\/www.elvalledeloscaidos.es\/portal\/?p=831","og_locale":"es_ES","og_type":"article","og_title":"Esta es la \"Comisi\u00f3n de Expertos\" nombrada para \"decidir\" el futuro del Valle de los Ca\u00eddos - ADVC","og_description":"\u00a0A continuaci\u00f3n os facilitamos una breve, pero en muchos casos significativa, biograf\u00eda de la recientemente creada \u00abComisi\u00f3n de Expertos\u00bb, creada a iniciativa del Ministerio de la Presidencia, para decidir nada menos cual ha de ser el futuro del Valle de los Ca\u00eddos.Rogamos examin\u00e9is todas y cada una de estas biograf\u00edas [&hellip;]","og_url":"https:\/\/www.elvalledeloscaidos.es\/portal\/?p=831","og_site_name":"ADVC","article_published_time":"2011-05-28T15:57:00+00:00","article_modified_time":"2013-08-31T21:07:21+00:00","og_image":[{"url":"http:\/\/www.elvalledeloscaidos.es\/portal\/wp-content\/themes\/o2\/images\/expertos\/virgiliozapatero.jpg"}],"twitter_card":"summary_large_image","twitter_misc":{"Escrito por":"linares","Tiempo de lectura":"8 minutos"},"schema":{"@context":"https:\/\/schema.org","@graph":[{"@type":"WebSite","@id":"https:\/\/www.elvalledeloscaidos.es\/portal\/#website","url":"https:\/\/www.elvalledeloscaidos.es\/portal\/","name":"ADVC","description":"Asociaci\u00f3n Para la Defensa del Valle de los Ca\u00eddos","potentialAction":[{"@type":"SearchAction","target":{"@type":"EntryPoint","urlTemplate":"https:\/\/www.elvalledeloscaidos.es\/portal\/?s={search_term_string}"},"query-input":"required name=search_term_string"}],"inLanguage":"es"},{"@type":"ImageObject","@id":"https:\/\/www.elvalledeloscaidos.es\/portal\/?p=831#primaryimage","inLanguage":"es","url":"http:\/\/www.elvalledeloscaidos.es\/portal\/wp-content\/themes\/o2\/images\/expertos\/virgiliozapatero.jpg","contentUrl":"http:\/\/www.elvalledeloscaidos.es\/portal\/wp-content\/themes\/o2\/images\/expertos\/virgiliozapatero.jpg"},{"@type":"WebPage","@id":"https:\/\/www.elvalledeloscaidos.es\/portal\/?p=831#webpage","url":"https:\/\/www.elvalledeloscaidos.es\/portal\/?p=831","name":"Esta es la \"Comisi\u00f3n de Expertos\" nombrada para \"decidir\" el futuro del Valle de los Ca\u00eddos - ADVC","isPartOf":{"@id":"https:\/\/www.elvalledeloscaidos.es\/portal\/#website"},"primaryImageOfPage":{"@id":"https:\/\/www.elvalledeloscaidos.es\/portal\/?p=831#primaryimage"},"datePublished":"2011-05-28T15:57:00+00:00","dateModified":"2013-08-31T21:07:21+00:00","author":{"@id":"https:\/\/www.elvalledeloscaidos.es\/portal\/#\/schema\/person\/36b3894dc4f1eb332b7fc369aed7eb58"},"breadcrumb":{"@id":"https:\/\/www.elvalledeloscaidos.es\/portal\/?p=831#breadcrumb"},"inLanguage":"es","potentialAction":[{"@type":"ReadAction","target":["https:\/\/www.elvalledeloscaidos.es\/portal\/?p=831"]}]},{"@type":"BreadcrumbList","@id":"https:\/\/www.elvalledeloscaidos.es\/portal\/?p=831#breadcrumb","itemListElement":[{"@type":"ListItem","position":1,"name":"Portada","item":"https:\/\/www.elvalledeloscaidos.es\/portal"},{"@type":"ListItem","position":2,"name":"Esta es la \u00abComisi\u00f3n de Expertos\u00bb nombrada para \u00abdecidir\u00bb el futuro del Valle de los Ca\u00eddos"}]},{"@type":"Person","@id":"https:\/\/www.elvalledeloscaidos.es\/portal\/#\/schema\/person\/36b3894dc4f1eb332b7fc369aed7eb58","name":"linares","image":{"@type":"ImageObject","@id":"https:\/\/www.elvalledeloscaidos.es\/portal\/#personlogo","inLanguage":"es","url":"https:\/\/secure.gravatar.com\/avatar\/0b6f3a427655ac169c9155e538724b76?s=96&d=mm&r=g","contentUrl":"https:\/\/secure.gravatar.com\/avatar\/0b6f3a427655ac169c9155e538724b76?s=96&d=mm&r=g","caption":"linares"},"url":"https:\/\/www.elvalledeloscaidos.es\/portal\/?author=1"}]}},"_links":{"self":[{"href":"https:\/\/www.elvalledeloscaidos.es\/portal\/index.php?rest_route=\/wp\/v2\/posts\/831"}],"collection":[{"href":"https:\/\/www.elvalledeloscaidos.es\/portal\/index.php?rest_route=\/wp\/v2\/posts"}],"about":[{"href":"https:\/\/www.elvalledeloscaidos.es\/portal\/index.php?rest_route=\/wp\/v2\/types\/post"}],"author":[{"embeddable":true,"href":"https:\/\/www.elvalledeloscaidos.es\/portal\/index.php?rest_route=\/wp\/v2\/users\/1"}],"replies":[{"embeddable":true,"href":"https:\/\/www.elvalledeloscaidos.es\/portal\/index.php?rest_route=%2Fwp%2Fv2%2Fcomments&post=831"}],"version-history":[{"count":55,"href":"https:\/\/www.elvalledeloscaidos.es\/portal\/index.php?rest_route=\/wp\/v2\/posts\/831\/revisions"}],"predecessor-version":[{"id":3637,"href":"https:\/\/www.elvalledeloscaidos.es\/portal\/index.php?rest_route=\/wp\/v2\/posts\/831\/revisions\/3637"}],"wp:attachment":[{"href":"https:\/\/www.elvalledeloscaidos.es\/portal\/index.php?rest_route=%2Fwp%2Fv2%2Fmedia&parent=831"}],"wp:term":[{"taxonomy":"category","embeddable":true,"href":"https:\/\/www.elvalledeloscaidos.es\/portal\/index.php?rest_route=%2Fwp%2Fv2%2Fcategories&post=831"},{"taxonomy":"post_tag","embeddable":true,"href":"https:\/\/www.elvalledeloscaidos.es\/portal\/index.php?rest_route=%2Fwp%2Fv2%2Ftags&post=831"}],"curies":[{"name":"wp","href":"https:\/\/api.w.org\/{rel}","templated":true}]}}