{"id":893,"date":"2011-05-30T08:54:50","date_gmt":"2011-05-30T07:54:50","guid":{"rendered":"http:\/\/www.elvalledeloscaidos.es\/portal\/?p=893"},"modified":"2011-05-30T16:03:37","modified_gmt":"2011-05-30T15:03:37","slug":"la-advc-de-nuevo-en-libertad-digital","status":"publish","type":"post","link":"https:\/\/www.elvalledeloscaidos.es\/portal\/?p=893","title":{"rendered":"La ADVC de nuevo en Libertad Digital"},"content":{"rendered":"<p>El gobierno espa\u00f1ol nombra comisiones que decidan el futuro del Valle de los Ca\u00eddos. Es curioso pero despues de analizar fria y objetivamente la composici\u00f3n de esa seguramente mal llamada \u00abcomisi\u00f3n de expertos\u00bb, llegamos \u00a0a la conclusi\u00f3n que es partidista y en absoluto objetiva.<\/p>\n<p>De hecho ayer mismo nos pusimos en contacto con tres de los miembros de esta comisi\u00f3n y realizamos un pleno absoluto. Ninguno de los tres componentes de la comisi\u00f3n con lo que hablamos CONOCEN EL VALLE DE LOS CA\u00cdDOS. En un caso concreto se radicaliza la respuesta; \u00abNI LO CONOZCO NI LO VOY A CONOCER PUESTO QUE ALL\u00cd NO SE ME HA PERDIDO NADA\u00bb. Sin embargo se reserva el derecho de formar parte de esa comisi\u00f3n que va a decidir sobre el futuro del Valle.<\/p>\n<p>Esa comisi\u00f3n nace muerta, tiempo al tiempo. M\u00e1s hubiese valido al Ministerio del Sr. Jauregui crear una comisi\u00f3n de expertos t\u00e9cnicos entre arquitectos, ingenieros, escultores, Academias de Bellas Artes etc, para crear y poner en funcionamiento un plan de actuaci\u00f3n para solucionar los problemas de falta de mantenimiento en el Valle de los Ca\u00eddos,<strong> mantenimiento que es resposabilidad de Patrimonio Nacional, y que ha incumplido de manera clara sus obligaciones en este sentido.<\/strong><\/p>\n<p><strong>De la situaci\u00f3n en el Valle <\/strong>de los Ca\u00eddos se hace eco hoy Libertad Digital, a trav\u00e9s de un art\u00edculo de su redactor Carmelo Jord\u00e1. No tiene desperdicio&#8230;<\/p>\n<p><a href=\"http:\/\/www.libertaddigital.com\/sociedad\/2011-05-30\/asi-abandona-patrimonio-nacional-uno-de-sus-monumentos-mas-visitados-1276424938\/\" target=\"blank\">http:\/\/www.libertaddigital.com\/sociedad\/2011-05-30\/asi-abandona-patrimonio-nacional-uno-de-sus-monumentos-mas-visitados-1276424938\/<\/a><\/p>\n<p>Un saludo<\/p>\n<p>PL<\/p>\n","protected":false},"excerpt":{"rendered":"<p>El gobierno espa\u00f1ol nombra comisiones que decidan el futuro del Valle de los Ca\u00eddos. Es curioso pero despues de analizar fria y objetivamente la composici\u00f3n de esa seguramente mal llamada \u00abcomisi\u00f3n de expertos\u00bb, llegamos \u00a0a la conclusi\u00f3n que es partidista y en absoluto objetiva. De hecho ayer mismo nos pusimos [&hellip;]<\/p>\n","protected":false},"author":1,"featured_media":0,"comment_status":"open","ping_status":"open","sticky":false,"template":"","format":"standard","meta":[],"categories":[4],"tags":[],"yoast_head":"<!-- This site is optimized with the Yoast SEO plugin v18.6 - https:\/\/yoast.com\/wordpress\/plugins\/seo\/ -->\n<title>La ADVC de nuevo en Libertad Digital - ADVC<\/title>\n<meta name=\"robots\" content=\"index, follow, max-snippet:-1, max-image-preview:large, max-video-preview:-1\" \/>\n<link rel=\"canonical\" href=\"https:\/\/www.elvalledeloscaidos.es\/portal\/?p=893\" \/>\n<meta property=\"og:locale\" content=\"es_ES\" \/>\n<meta property=\"og:type\" content=\"article\" \/>\n<meta property=\"og:title\" content=\"La ADVC de nuevo en Libertad Digital - ADVC\" \/>\n<meta property=\"og:description\" content=\"El gobierno espa\u00f1ol nombra comisiones que decidan el futuro del Valle de los Ca\u00eddos. Es curioso pero despues de analizar fria y objetivamente la composici\u00f3n de esa seguramente mal llamada \u00abcomisi\u00f3n de expertos\u00bb, llegamos \u00a0a la conclusi\u00f3n que es partidista y en absoluto objetiva. De hecho ayer mismo nos pusimos [&hellip;]\" \/>\n<meta property=\"og:url\" content=\"https:\/\/www.elvalledeloscaidos.es\/portal\/?p=893\" \/>\n<meta property=\"og:site_name\" content=\"ADVC\" \/>\n<meta property=\"article:published_time\" content=\"2011-05-30T07:54:50+00:00\" \/>\n<meta property=\"article:modified_time\" content=\"2011-05-30T15:03:37+00:00\" \/>\n<meta name=\"twitter:card\" content=\"summary_large_image\" \/>\n<meta name=\"twitter:label1\" content=\"Escrito por\" \/>\n\t<meta name=\"twitter:data1\" content=\"linares\" \/>\n\t<meta name=\"twitter:label2\" content=\"Tiempo de lectura\" \/>\n\t<meta name=\"twitter:data2\" content=\"1 minuto\" \/>\n<script type=\"application\/ld+json\" class=\"yoast-schema-graph\">{\"@context\":\"https:\/\/schema.org\",\"@graph\":[{\"@type\":\"WebSite\",\"@id\":\"https:\/\/www.elvalledeloscaidos.es\/portal\/#website\",\"url\":\"https:\/\/www.elvalledeloscaidos.es\/portal\/\",\"name\":\"ADVC\",\"description\":\"Asociaci\u00f3n Para la Defensa del Valle de los Ca\u00eddos\",\"potentialAction\":[{\"@type\":\"SearchAction\",\"target\":{\"@type\":\"EntryPoint\",\"urlTemplate\":\"https:\/\/www.elvalledeloscaidos.es\/portal\/?s={search_term_string}\"},\"query-input\":\"required name=search_term_string\"}],\"inLanguage\":\"es\"},{\"@type\":\"WebPage\",\"@id\":\"https:\/\/www.elvalledeloscaidos.es\/portal\/?p=893#webpage\",\"url\":\"https:\/\/www.elvalledeloscaidos.es\/portal\/?p=893\",\"name\":\"La ADVC de nuevo en Libertad Digital - ADVC\",\"isPartOf\":{\"@id\":\"https:\/\/www.elvalledeloscaidos.es\/portal\/#website\"},\"datePublished\":\"2011-05-30T07:54:50+00:00\",\"dateModified\":\"2011-05-30T15:03:37+00:00\",\"author\":{\"@id\":\"https:\/\/www.elvalledeloscaidos.es\/portal\/#\/schema\/person\/36b3894dc4f1eb332b7fc369aed7eb58\"},\"breadcrumb\":{\"@id\":\"https:\/\/www.elvalledeloscaidos.es\/portal\/?p=893#breadcrumb\"},\"inLanguage\":\"es\",\"potentialAction\":[{\"@type\":\"ReadAction\",\"target\":[\"https:\/\/www.elvalledeloscaidos.es\/portal\/?p=893\"]}]},{\"@type\":\"BreadcrumbList\",\"@id\":\"https:\/\/www.elvalledeloscaidos.es\/portal\/?p=893#breadcrumb\",\"itemListElement\":[{\"@type\":\"ListItem\",\"position\":1,\"name\":\"Portada\",\"item\":\"https:\/\/www.elvalledeloscaidos.es\/portal\"},{\"@type\":\"ListItem\",\"position\":2,\"name\":\"La ADVC de nuevo en Libertad Digital\"}]},{\"@type\":\"Person\",\"@id\":\"https:\/\/www.elvalledeloscaidos.es\/portal\/#\/schema\/person\/36b3894dc4f1eb332b7fc369aed7eb58\",\"name\":\"linares\",\"image\":{\"@type\":\"ImageObject\",\"@id\":\"https:\/\/www.elvalledeloscaidos.es\/portal\/#personlogo\",\"inLanguage\":\"es\",\"url\":\"https:\/\/secure.gravatar.com\/avatar\/0b6f3a427655ac169c9155e538724b76?s=96&d=mm&r=g\",\"contentUrl\":\"https:\/\/secure.gravatar.com\/avatar\/0b6f3a427655ac169c9155e538724b76?s=96&d=mm&r=g\",\"caption\":\"linares\"},\"url\":\"https:\/\/www.elvalledeloscaidos.es\/portal\/?author=1\"}]}<\/script>\n<!-- \/ Yoast SEO plugin. -->","yoast_head_json":{"title":"La ADVC de nuevo en Libertad Digital - ADVC","robots":{"index":"index","follow":"follow","max-snippet":"max-snippet:-1","max-image-preview":"max-image-preview:large","max-video-preview":"max-video-preview:-1"},"canonical":"https:\/\/www.elvalledeloscaidos.es\/portal\/?p=893","og_locale":"es_ES","og_type":"article","og_title":"La ADVC de nuevo en Libertad Digital - ADVC","og_description":"El gobierno espa\u00f1ol nombra comisiones que decidan el futuro del Valle de los Ca\u00eddos. Es curioso pero despues de analizar fria y objetivamente la composici\u00f3n de esa seguramente mal llamada \u00abcomisi\u00f3n de expertos\u00bb, llegamos \u00a0a la conclusi\u00f3n que es partidista y en absoluto objetiva. De hecho ayer mismo nos pusimos [&hellip;]","og_url":"https:\/\/www.elvalledeloscaidos.es\/portal\/?p=893","og_site_name":"ADVC","article_published_time":"2011-05-30T07:54:50+00:00","article_modified_time":"2011-05-30T15:03:37+00:00","twitter_card":"summary_large_image","twitter_misc":{"Escrito por":"linares","Tiempo de lectura":"1 minuto"},"schema":{"@context":"https:\/\/schema.org","@graph":[{"@type":"WebSite","@id":"https:\/\/www.elvalledeloscaidos.es\/portal\/#website","url":"https:\/\/www.elvalledeloscaidos.es\/portal\/","name":"ADVC","description":"Asociaci\u00f3n Para la Defensa del Valle de los Ca\u00eddos","potentialAction":[{"@type":"SearchAction","target":{"@type":"EntryPoint","urlTemplate":"https:\/\/www.elvalledeloscaidos.es\/portal\/?s={search_term_string}"},"query-input":"required name=search_term_string"}],"inLanguage":"es"},{"@type":"WebPage","@id":"https:\/\/www.elvalledeloscaidos.es\/portal\/?p=893#webpage","url":"https:\/\/www.elvalledeloscaidos.es\/portal\/?p=893","name":"La ADVC de nuevo en Libertad Digital - ADVC","isPartOf":{"@id":"https:\/\/www.elvalledeloscaidos.es\/portal\/#website"},"datePublished":"2011-05-30T07:54:50+00:00","dateModified":"2011-05-30T15:03:37+00:00","author":{"@id":"https:\/\/www.elvalledeloscaidos.es\/portal\/#\/schema\/person\/36b3894dc4f1eb332b7fc369aed7eb58"},"breadcrumb":{"@id":"https:\/\/www.elvalledeloscaidos.es\/portal\/?p=893#breadcrumb"},"inLanguage":"es","potentialAction":[{"@type":"ReadAction","target":["https:\/\/www.elvalledeloscaidos.es\/portal\/?p=893"]}]},{"@type":"BreadcrumbList","@id":"https:\/\/www.elvalledeloscaidos.es\/portal\/?p=893#breadcrumb","itemListElement":[{"@type":"ListItem","position":1,"name":"Portada","item":"https:\/\/www.elvalledeloscaidos.es\/portal"},{"@type":"ListItem","position":2,"name":"La ADVC de nuevo en Libertad Digital"}]},{"@type":"Person","@id":"https:\/\/www.elvalledeloscaidos.es\/portal\/#\/schema\/person\/36b3894dc4f1eb332b7fc369aed7eb58","name":"linares","image":{"@type":"ImageObject","@id":"https:\/\/www.elvalledeloscaidos.es\/portal\/#personlogo","inLanguage":"es","url":"https:\/\/secure.gravatar.com\/avatar\/0b6f3a427655ac169c9155e538724b76?s=96&d=mm&r=g","contentUrl":"https:\/\/secure.gravatar.com\/avatar\/0b6f3a427655ac169c9155e538724b76?s=96&d=mm&r=g","caption":"linares"},"url":"https:\/\/www.elvalledeloscaidos.es\/portal\/?author=1"}]}},"_links":{"self":[{"href":"https:\/\/www.elvalledeloscaidos.es\/portal\/index.php?rest_route=\/wp\/v2\/posts\/893"}],"collection":[{"href":"https:\/\/www.elvalledeloscaidos.es\/portal\/index.php?rest_route=\/wp\/v2\/posts"}],"about":[{"href":"https:\/\/www.elvalledeloscaidos.es\/portal\/index.php?rest_route=\/wp\/v2\/types\/post"}],"author":[{"embeddable":true,"href":"https:\/\/www.elvalledeloscaidos.es\/portal\/index.php?rest_route=\/wp\/v2\/users\/1"}],"replies":[{"embeddable":true,"href":"https:\/\/www.elvalledeloscaidos.es\/portal\/index.php?rest_route=%2Fwp%2Fv2%2Fcomments&post=893"}],"version-history":[{"count":6,"href":"https:\/\/www.elvalledeloscaidos.es\/portal\/index.php?rest_route=\/wp\/v2\/posts\/893\/revisions"}],"predecessor-version":[{"id":903,"href":"https:\/\/www.elvalledeloscaidos.es\/portal\/index.php?rest_route=\/wp\/v2\/posts\/893\/revisions\/903"}],"wp:attachment":[{"href":"https:\/\/www.elvalledeloscaidos.es\/portal\/index.php?rest_route=%2Fwp%2Fv2%2Fmedia&parent=893"}],"wp:term":[{"taxonomy":"category","embeddable":true,"href":"https:\/\/www.elvalledeloscaidos.es\/portal\/index.php?rest_route=%2Fwp%2Fv2%2Fcategories&post=893"},{"taxonomy":"post_tag","embeddable":true,"href":"https:\/\/www.elvalledeloscaidos.es\/portal\/index.php?rest_route=%2Fwp%2Fv2%2Ftags&post=893"}],"curies":[{"name":"wp","href":"https:\/\/api.w.org\/{rel}","templated":true}]}}